{"id":140593,"date":"2013-07-02T17:39:04","date_gmt":"2013-07-02T14:39:04","guid":{"rendered":"http:\/\/www.nationalturk.com\/?p=140593"},"modified":"2013-07-02T17:39:04","modified_gmt":"2013-07-02T14:39:04","slug":"kemal-kilicdaroglu-seni-basbakan-olarak-mi-atadik-dikizci-olasin-diye-mi-140593","status":"publish","type":"post","link":"https:\/\/www.nationalturk.com\/tr\/kemal-kilicdaroglu-seni-basbakan-olarak-mi-atadik-dikizci-olasin-diye-mi-140593\/","title":{"rendered":"Kemal K\u0131l\u0131\u00e7daro\u011flu: Seni Ba\u015fbakan olarak m\u0131 atad\u0131k dikizci olas\u0131n diye mi?"},"content":{"rendered":"<h1><img loading=\"lazy\" decoding=\"async\" class=\"alignleft size-medium wp-image-140594\" alt=\"Kemal k\u0131l\u0131\u00e7daro\u011flu\" src=\"http:\/\/www.nationalturk.com\/tr\/wp-content\/uploads\/2013\/07\/kilicdaroglu_grup_230421-280x199.jpg\" width=\"280\" height=\"199\" title=\"\" srcset=\"https:\/\/www.nationalturk.com\/tr\/wp-content\/uploads\/2013\/07\/kilicdaroglu_grup_230421-280x199.jpg 280w, https:\/\/www.nationalturk.com\/tr\/wp-content\/uploads\/2013\/07\/kilicdaroglu_grup_230421-560x400.jpg 560w, https:\/\/www.nationalturk.com\/tr\/wp-content\/uploads\/2013\/07\/kilicdaroglu_grup_230421.jpg 712w\" sizes=\"auto, (max-width: 280px) 100vw, 280px\" \/>CHP Genel Ba\u015fkan\u0131 Kemal K\u0131l\u0131\u00e7daro\u011flu partisinin grup toplant\u0131s\u0131nda yapt\u0131\u011f\u0131 konu\u015fmada Ba\u015fbakan Recep Tayyip Erdo\u011fan&#8217;\u0131 yine sert s\u00f6zlerle ele\u015ftirdi.<\/h1>\n<p>K\u0131l\u0131\u00e7daro\u011flu, \u00a01993 y\u0131l\u0131n\u0131n tarihte \u00f6nemli bir d\u00f6n\u00fcm noktas\u0131 oldu\u011funu, 20 y\u0131l \u00f6nce 2 Temmuz&#8217;da Sivas&#8217;ta insanl\u0131k su\u00e7u i\u015flendi\u011fini ifade etti. Bu tarihin, Orta\u00e7a\u011f&#8217;\u0131n T\u00fcrkiye&#8217;ye getirildi\u011fi tarih oldu\u011funu belirten K\u0131l\u0131\u00e7daro\u011flu, &#8220;\u0130nsanlar\u0131n yak\u0131ld\u0131\u011f\u0131 tarihtir. Oysa ne umutlarla kurmu\u015ftuk biz bu \u00fclkeyi. Herkes \u00f6zg\u00fcrce d\u00fc\u015f\u00fcncelerini ifade edecekti, bar\u0131\u015f\u0131 egemen k\u0131lacakt\u0131k. Bu topraklarda Yunus Emre vard\u0131, Mevlana vard\u0131, Hac\u0131 Bekta\u015fi Veli vard\u0131. Ayr\u0131l\u0131k gayr\u0131l\u0131k yoktu bizim kitab\u0131m\u0131zda, b\u00fct\u00fcn insanlar\u0131 kucakl\u0131yorduk&#8221; dedi.<\/p>\n<p>Sivas katliam\u0131nda hayat\u0131n\u0131 yitirenlerin yanarak can verdiklerini, a\u011f\u0131r bir bedel \u00f6dediklerini kaydeden K\u0131l\u0131\u00e7daro\u011flu, \u015f\u00f6yle devam etti:<\/p>\n<p>&#8220;Naz\u0131m ne g\u00fczel s\u00f6ylemi\u015f: &#8216;Sen yanmasan, ben yanmasam, biz yanmasak nas\u0131l \u00e7\u0131kar karanl\u0131klar ayd\u0131nl\u0131\u011fa.&#8217; Yanarak a\u011f\u0131r bedel \u00f6dediler ama onlar cumhuriyeti, gelece\u011fimizi ayd\u0131nlatt\u0131lar. Bir insanl\u0131k su\u00e7unun bedelini \u00f6dediler. Onlar\u0131n failleri, as\u0131l failler hi\u00e7bir zaman yakalanmad\u0131. G\u00f6lge edildi onlara, s\u0131rtlar\u0131 s\u0131vazland\u0131. Onlar\u0131 savunanlar\u0131n, as\u0131l faillerin avukatl\u0131\u011f\u0131n\u0131 yapanlar\u0131n hemen hemen tamam\u0131, AKP saflar\u0131nda g\u00f6rev yap\u0131yor.<\/p>\n<p>\u0130nsanl\u0131k su\u00e7u neden vard\u0131r? \u0130nsan oldu\u011fumuz i\u00e7in vard\u0131r. \u0130nsanl\u0131\u011f\u0131m\u0131z\u0131 hat\u0131rlatmak i\u00e7in vard\u0131r. Bir insan\u0131 diri diri yakmak hangi kitap ve inan\u00e7ta vard\u0131r? \u0130nsan\u0131 sevmek varken neden yakal\u0131m? D\u00fc\u015f\u00fcncesine sayg\u0131 g\u00f6stermek varken neden kar\u015f\u0131 \u00e7\u0131kal\u0131m? Sevgi ve ho\u015fg\u00f6r\u00fcy\u00fc bu topraklarda beraber egemen k\u0131lmad\u0131k m\u0131? \u00c7anakkale&#8217;de, Kahramanmara\u015f&#8217;ta, \u0130zmir&#8217;de, Afyon&#8217;da beraber bedel \u00f6demedik mi? Neden 33 can\u0131m\u0131z\u0131 yakt\u0131k?<\/p>\n<p>O nedenle hep beraber yeniden oturup d\u00fc\u015f\u00fcnmek zorunday\u0131z. Ama asla ve asla intikam duygusuyla kimse hareket etmemeli. \u0130ntikam insana yak\u0131\u015famaz. Onun i\u00e7in b\u00fcy\u00fck ozan, &#8216;Ac\u0131y\u0131 bal eyledik&#8217; diyor. \u0130ntikam yoktur bizim kitab\u0131m\u0131zda. \u0130nsana sevgi, ho\u015fg\u00f6r\u00fc vard\u0131r.<\/p>\n<p>Onlar a\u011f\u0131r bir bedel \u00f6deyerek tarihe yaz\u0131ld\u0131lar. Onlar\u0131 her zaman sayg\u0131 ve sevgiyle anaca\u011f\u0131z.&#8221;<\/p>\n<p>-&#8220;Kim konu\u015ftuysa Maliye memurunu g\u00f6nderdiler&#8221;<\/p>\n<p>Siyasetin hedefinin, demokrasiyi k\u00f6kle\u015ftirmek, d\u00fc\u015f\u00fcnce \u00f6zg\u00fcrl\u00fc\u011f\u00fcn\u00fcn \u00f6n\u00fcn\u00fc a\u00e7mak, insanlar\u0131n daha mutlu d\u00fcnyada ya\u015famalar\u0131n\u0131 sa\u011flamak oldu\u011funu belirten K\u0131l\u0131\u00e7daro\u011flu, siyaset\u00e7inin bireysel \u00e7\u0131kar pe\u015finde ko\u015famayaca\u011f\u0131n\u0131 vurgulad\u0131.<\/p>\n<p>2002 se\u00e7imlerinde partisi y\u00fczde 34 oy alan Recep Tayyip Erdo\u011fan&#8217;\u0131n milletvekili se\u00e7ilemedi\u011fini an\u0131msatan K\u0131l\u0131\u00e7daro\u011flu, &#8220;(Demokrasiyi derinle\u015ftirmemiz laz\u0131m. Y\u00fczde 34 oy alan siyasal partinin genel ba\u015fkan\u0131 parlamentoda olmal\u0131) dedik. Anayasa de\u011fi\u015fti, yasa de\u011fi\u015fti, Siirt&#8217;te se\u00e7im yap\u0131ld\u0131 ve bu ki\u015fi milletvekili oldu&#8221; dedi.<\/p>\n<p>Erdo\u011fan&#8217;\u0131n se\u00e7im sonras\u0131nda g\u00fczel \u015feyler s\u00f6yledi\u011fini, &#8216;demokrasi, \u00f6zg\u00fcrl\u00fck&#8217; dedi\u011fini, vesayetin kald\u0131r\u0131lmas\u0131 gerekti\u011finden bahsetti\u011fini, en b\u00fcy\u00fck g\u00fc\u00e7 olan halka g\u00fcvenilmesi gerekti\u011fini anlatt\u0131\u011f\u0131n\u0131 ve &#8220;Ben bu \u00fclkedeki herkesin Ba\u015fbakan\u0131y\u0131m. Bana oy vermeyenler de benim yurtta\u015flar\u0131m&#8221; ifadelerini kulland\u0131\u011f\u0131n\u0131 anlatan K\u0131l\u0131\u00e7daro\u011flu, \u015f\u00f6yle devam etti:<\/p>\n<p>&#8220;Sonra, 2004 y\u0131l\u0131. Bir AKP&#8217;li Bakan Gaziantep&#8217;te k\u00fcrs\u00fcde bir gazeteyi y\u0131rt\u0131yor. D\u00fc\u015f\u00fcnd\u00fcler, &#8216;Demokrasi bizim istedi\u011fimiz demokrasi de\u011fil, \u00f6zg\u00fcrl\u00fck bizim istedi\u011fimiz \u00f6zg\u00fcrl\u00fck de\u011fil, hukuk bizim istedi\u011fimiz hukuk de\u011fil, insan haklar\u0131 bizim istedi\u011fimiz insan haklar\u0131 de\u011fil. Onlar kendi d\u00fcnyalar\u0131ndaki \u00f6zg\u00fcrl\u00fck anlay\u0131\u015f\u0131n\u0131 egemen k\u0131lmak istiyordu.<\/p>\n<p>\u00d6nce medya ile ba\u015flad\u0131lar ve onu darmada\u011f\u0131n ettiler. A\u011f\u0131r cezalar kestiler, gazeteleri y\u0131rtt\u0131lar. Kimse ses \u00e7\u0131karmad\u0131. Sonra medyada be\u011fenmediklerinin i\u015fine son verdirdiler. Medya patronlar\u0131 gidip ziyaret etti, &#8216;Kimi k\u00f6\u015fe yazar\u0131 olarak g\u00f6rmek istersiniz?&#8217; diye. Medyay\u0131 \u00e7\u00f6kerttiler, halk\u0131n sa\u011fl\u0131kl\u0131 bilgi alma kanallar\u0131n\u0131n \u00f6n\u00fcn\u00fc t\u0131kad\u0131lar. Gazete ve televizyonlar hep ondan bsahsediyordu. Sabah ak\u015fam iktidar\u0131 \u00f6ven yay\u0131nlar.<\/p>\n<p>Sonra bakt\u0131lar bir engel daha var. Yarg\u0131 engeli&#8230; Yarg\u0131y\u0131 militanla\u015ft\u0131rmalar\u0131 gerekiyordu. Referandum yapt\u0131lar, yarg\u0131 sil ba\u015ftan de\u011fi\u015fti. Bir gecede 160 militan\u0131 Yarg\u0131tay&#8217;a, Dan\u0131\u015ftay&#8217;a yerle\u015ftirdiler.<\/p>\n<p>Sonra \u00fcniversiteleri sil ba\u015ftan yenilediler. \u00dcniversiteler suskun kurulu\u015flar haline getirildi. Bereket versin, orada gen\u00e7ler var da mezuniyet t\u00f6renlerinde \u00f6zg\u00fcrce hayk\u0131rabiliyorlar.<\/p>\n<p>Sonra sendikalar halledildi. D\u00fc\u015f\u00fcnebiliyor musunuz bir sendika greve gidiyor, konfederasyon ba\u015fkan\u0131 grev k\u0131r\u0131c\u0131l\u0131\u011f\u0131 yap\u0131yor. Hangi ak\u0131l, mant\u0131k?<\/p>\n<p>Yasama organ\u0131&#8230; Bizim bildi\u011fimiz yasama organ\u0131 m\u0131? Miletvekillerinin yasa kar\u015f\u0131s\u0131nda \u00e7\u0131k\u0131p d\u00fc\u015f\u00fcncelerini ifade ettikleri yasama organ\u0131 m\u0131? B\u00f6yle de\u011fil. AKP milletvekili bile diyor ki &#8216;Neden el kald\u0131r\u0131p indirdi\u011fimizi biz de bilmiyoruz.&#8217; AKP&#8217;nin vicdanl\u0131 bir milletvekili diyor bunu. Yasama organ\u0131n\u0131 kendi tekeline ald\u0131. A\u011fz\u0131ndan c\u00fcmle \u00e7\u0131k\u0131yor, ertesi g\u00fcn kanun teklifi geliyor. Hitler d\u00f6neminde &#8216;F\u00fchrer&#8217;e do\u011fruydu&#8217; bunun ad\u0131.<\/p>\n<p>Sivil toplum kurulu\u015flar\u0131 da halledildi. \u0130\u015f d\u00fcnyas\u0131 sindirildi. Kim konu\u015ftuysa maliye memurunu g\u00f6nderdiler. Biri kalk\u0131p bir \u015fey s\u00f6ylese en a\u011f\u0131r hakaretlerle &#8216;sen sus&#8217; dediler.<\/p>\n<p>Yarg\u0131 talimatla dava a\u00e7\u0131p, talimatla karar verme s\u00fcreci i\u00e7ine giriyor. &#8216;Dava \u00e7aca\u011f\u0131z. Savc\u0131lar durmas\u0131n, neden bekliyor?&#8217; diyor. &#8216;Yak\u0131nda davalar a\u00e7\u0131lacak cezalar verilecek&#8217; diyor. \u00d6yle bir noktaya geldi ki tiranl\u0131\u011f\u0131n\u0131 ilan etti. &#8216;Yasama ve yarg\u0131 benim i\u00e7in ayak ba\u011f\u0131d\u0131r&#8217; deme c\u00fcretini g\u00f6sterdi.<\/p>\n<p>Kul hakk\u0131ndan s\u00f6z ediyorlard\u0131. Kul hakk\u0131 yiyen adamdan bu memlekete hay\u0131r gelir mi? Elli sefer s\u00f6yledik, &#8216;\u00c7\u0131k televizyonlara &#8216;kul hakk\u0131 yemedim&#8217; de. Yiyen adam der mi diyemiyor. Yalanc\u0131dan ba\u015fbakan olmaz&#8221;<\/p>\n<p>-&#8220;Ki\u015filerin \u00f6zel ya\u015famlar\u0131na m\u00fcdahale etmeye ba\u015flad\u0131&#8221;<\/p>\n<p>Erdo\u011fan&#8217;\u0131n medya, yasama organ\u0131 ve yarg\u0131y\u0131 elinin alt\u0131na ald\u0131ktan sonra bu sefer do\u011frudan do\u011fruya ki\u015filerin \u00f6zel ya\u015famlar\u0131na m\u00fcdahale etmeye ba\u015flad\u0131\u011f\u0131n\u0131 iddia eden K\u0131l\u0131\u00e7daro\u011flu, &#8220;(Ka\u00e7 \u00e7ocuk do\u011furacaks\u0131n\u0131z, do\u011fumu nas\u0131l yapacaks\u0131n\u0131z ben bilirim. Kim tutuklanacak ben bilirim) diyor. O kadar egosu g\u00fc\u00e7l\u00fc hale geldi ki kendini tutamad\u0131, &#8216;Ben her t\u00fcrl\u00fc milliyet\u00e7ili\u011fi ayaklar\u0131m\u0131n alt\u0131na al\u0131r\u0131m&#8217; dedi. \u015eimdi milliyet\u00e7i kesilmi\u015f. Sevsinler senin milliyet\u00e7ili\u011fini. Korku duvarlar\u0131n\u0131 bu \u00fclkenin gen\u00e7 yi\u011fit evlatlar\u0131 y\u0131kt\u0131lar, herkesin korktu\u011fu bir ortamda&#8230; &#8216;Biz senden korkmuyoruz. Kiminle gelirsen gel. \u0130ster TOMA&#8217;nla, ister suyunla, ister biber gaz\u0131nla, ister plastik, ister ger\u00e7ek merminle gel. Ben bedenimi siper ediyorum, senden korkmuyorum&#8217; dediler&#8221; diye konu\u015ftu.<\/p>\n<p>1968 olaylar\u0131n\u0131n Paris&#8217;te ba\u015flad\u0131\u011f\u0131n\u0131 ve b\u00fct\u00fcn d\u00fcnyaya yay\u0131ld\u0131\u011f\u0131n\u0131 an\u0131msatan K\u0131l\u0131\u00e7daro\u011flu, Gezi olaylar\u0131n\u0131n da \u0130stanbul&#8217;da ba\u015flad\u0131\u011f\u0131n\u0131 ve b\u00fct\u00fcn d\u00fcnyaya yay\u0131ld\u0131\u011f\u0131n\u0131, b\u00fct\u00fcn \u00fclkelerin bu gen\u00e7lere sahip \u00e7\u0131kt\u0131\u011f\u0131n\u0131 s\u00f6yledi. K\u0131l\u0131\u00e7daro\u011flu, \u015f\u00f6yle devam etti:<\/p>\n<p>&#8220;Gen\u00e7ler, &#8216;\u00f6zg\u00fcrl\u00fc\u011f\u00fcme dokunma&#8217; diyor. Bu ne diyor: &#8216;Dolmabah\u00e7e\u2019de oturup vapurlardan inen kad\u0131nlara bak\u0131yorum&#8217; diyordu. Biz seni Ba\u015fbakan olarak m\u0131 atad\u0131k, dikizci olas\u0131n diye mi? Bunu \u00e7\u0131k\u0131yor televizyonlarda anlat\u0131yor. \u0130nsan s\u0131k\u0131l\u0131r biraz. Nas\u0131l bir ruh hali, anlamak m\u00fcmk\u00fcn de\u011fil. Bu tiran hakk\u0131nda bizim konu\u015fmam\u0131zdan \u00e7ok bu \u00fclkenin psikologlar\u0131n\u0131n konu\u015fmas\u0131 laz\u0131m.<\/p>\n<p>&#8216;Bana kimse dokunamaz, diz \u00e7\u00f6kt\u00fcremez. Ben d\u00fcnya lideriyim&#8217; diyordu. Bizim \u00fc\u00e7 be\u015f \u00e7apulcu \u00e7\u0131kt\u0131 karizmas\u0131n\u0131 \u00e7izdi, diz \u00e7\u00f6kt\u00fcrd\u00fc. Panik i\u00e7inde korkuyor. Gen\u00e7ler, &#8216;Benim d\u00fc\u015f\u00fcnceme, hayat\u0131ma dokunma. Yaparsan karizman\u0131 \u00e7izerim&#8217; diyor. Yapt\u0131 ve karizmas\u0131n\u0131 \u00e7izdiler, t\u00fck\u00fcrd\u00fc\u011f\u00fcn\u00fc yalatt\u0131lar. \u015eimdi konu\u015fuyor. Samimi s\u00f6yl\u00fcyorum isterse 30 televizyon kanal\u0131 canl\u0131 versin, gazeteler man\u015fetten versin, art\u0131k senin bu \u00fclkede, d\u00fcnyada k\u0131ymetin kalmad\u0131.&#8221;<\/p>\n<p>K\u0131l\u0131\u00e7daro\u011flu, &#8220;Gel y\u00fczde 10 se\u00e7im baraj\u0131n\u0131 kald\u0131ral\u0131m. Y\u00fczde 10 se\u00e7im baraj\u0131n\u0131 kim getirdi? Kenan Evren ve arkada\u015flar\u0131. Y\u00fczde 10 baraj\u0131n\u0131 kim savunuyor? Recep Tayyip Erdo\u011fan ve arkada\u015flar\u0131. Al birini vur \u00f6tekine, ne farkeder. O da darbeciydi bu da darbeci. O da vesayet\u00e7iydi, bu da vesayet\u00e7i&#8221; dedi.<\/p>\n<p>K\u0131l\u0131\u00e7daro\u011flu, partisinin grup toplant\u0131s\u0131nda Taksim Gezi Park\u0131 odakl\u0131 geli\u015fmelere de\u011findi.<\/p>\n<p>Thomas Jefferson&#8217;un &#8220;Halk h\u00fck\u00fcmetinden korktu\u011fu zaman tiranl\u0131k, h\u00fck\u00fcmet halk\u0131ndan korktu\u011fu zaman \u00f6zg\u00fcrl\u00fck vard\u0131r&#8221; \u015feklinde bir s\u00f6z\u00fc oldu\u011funu belirten K\u0131l\u0131\u00e7daro\u011flu, &#8220;O gencecik \u00e7ocukara bir ara &#8216;siz tirandan, Recep Tayyip Erdo\u011fan&#8217;dan korkuyor musunuz?&#8217; diye sordum, &#8216;Hay\u0131r biz korkmuyoruz&#8217; dediler. &#8216;Peki o sizden korkuyor mu?&#8217; dedim, &#8216;Karizmas\u0131n\u0131 \u00e7izdik, elbette bizden korkuyor&#8217; dediler&#8221; ifadesini kulland\u0131.<\/p>\n<p>Korkunun yalan\u0131 do\u011furaca\u011f\u0131n\u0131 savunan K\u0131l\u0131\u00e7daro\u011flu, \u015f\u00f6yle devam etti:<\/p>\n<p>&#8220;S\u00fcrekli korkan adam s\u00fcrekli yalan s\u00f6yler. Bunun da bir huyu son zamanlarda ba\u015flam\u0131\u015f, a\u011fz\u0131n\u0131 hangi konuda a\u00e7sa bak\u0131yoruz arkas\u0131 yalan. Ne demi\u015ftik, yalanc\u0131dan Ba\u015fbakan olmaz. Hayat\u0131n\u0131 yalan \u00fczerine kuruyor, \u00e7\u00fcnk\u00fc korkuyor. Korkma Recep Tayyip Erdo\u011fan, korkma. Yalana s\u0131\u011f\u0131nma. Komplo teorileri \u00fcretiyor, komplo teorileri \u00fcreten adam beceriksiz adamd\u0131r, halk\u0131n\u0131 sevmeyen, halk\u0131yla ayr\u0131 d\u00fc\u015fen adamd\u0131r. D\u00f6rt ki\u015fi hayat\u0131n\u0131 kaybetti, hi\u00e7 a\u011f\u0131z\u0131n\u0131 a\u00e7\u0131p da &#8216;Allah rahmet eylesin&#8217; dedi mi? Tam tersine \u00f6ld\u00fcrenlere me\u015fruiyet kazand\u0131r\u0131yor. Neredeyse, &#8216;iyi ki \u00f6ld\u00fcrd\u00fcler&#8217; diyecek. \u0130kramiye veriyor, neden? &#8216;Kendi halk\u0131n\u0131 \u00f6ld\u00fcrd\u00fc&#8217; diye. Talimat\u0131 bu verdi. &#8216;Ben verdim&#8217; diyor. \u00dclke b\u00f6yle y\u00f6netilmez, \u00fclke sa\u011fduyuyla y\u00f6netilir. Ak\u0131lla, mant\u0131kla y\u00f6netilir. Duyguyla, kinle, \u00f6fkeyle \u00fclke y\u00f6netilmez, kendi \u00e7ocuklar\u0131na kin duyan bir Ba\u015fbakan olmaz, o \u00e7ocuklar bizim \u00e7ocuklar\u0131m\u0131z, o \u00e7ocuklar T\u00fcrkiye Cumhuriyeti&#8217;nin ad\u0131n\u0131 b\u00fct\u00fcn d\u00fcnyaya onurla duyurdular. Bug\u00fcn bir yalan daha s\u00f6ylemi\u015f. Malum ya Kabata\u015f \u0130skelesi&#8217;nde bir kad\u0131na, 6 ayl\u0131k \u00e7ocu\u011fu varm\u0131\u015f, 70-100 ki\u015fi sald\u0131rm\u0131\u015f, ellerinde eldivenler, idrarlar\u0131n\u0131 yapm\u0131\u015flar, kad\u0131nca\u011f\u0131z uyand\u0131ktan sonra&#8230; Ne oldu\u011funu kimse bilmiyor. Bu olay\u0131 duyar duymaz, arkada\u015flar\u0131ma telefon ettim, &#8216;derhal onu aray\u0131n ve bulun, gidin ve konu\u015fun.&#8217; 15 Haziran&#8217;da bu talimat\u0131 verdim.&#8221;<\/p>\n<p>Konuyla ilgili &#8220;Bunu yapanlara insan denmez, bunu yapanlar hayvand\u0131r&#8221; dedi\u011fini belirten K\u0131l\u0131\u00e7daro\u011flu, hayvan severlerin ise &#8220;bunu hayvanlar bile yapmaz&#8221; dedi\u011fini anlatt\u0131.<\/p>\n<p>Konunun takip\u00e7ili\u011finin de yap\u0131lmas\u0131 gerekti\u011fini ifade eden K\u0131l\u0131\u00e7daro\u011flu, \u015funlar\u0131 s\u00f6yledi:<\/p>\n<p>&#8220;Sen de\u011fil misin ba\u015fbakan? Sensin, niye \u00e7\u0131karm\u0131yorsun ortaya. &#8216;K\u0131l\u0131\u00e7daro\u011flu bundan memnun oldu&#8217; diyor. \u0130nsanda biraz vicdan, ahlak olur. \u00dcniversiteyi nas\u0131l bitirdi\u011fi konusunda ciddi endi\u015felerim var. Sen benim s\u00f6ylediklerimi niye \u00e7arp\u0131t\u0131yorsun, benim s\u00f6ylediklerim televizyonlarda, gazetelerde her yerde var. Benim s\u00f6yledi\u011fimi \u00e7arp\u0131t\u0131yorsun, \u00e7\u00fcnk\u00fc yalanc\u0131s\u0131n. Yalanc\u0131dan ba\u015fbakan olmaz. Sen ba\u015f\u00f6rt\u00fcl\u00fc kad\u0131na nas\u0131l bir muamele yap\u0131ld\u0131\u011f\u0131n\u0131 \u00f6\u011frenmek mi istiyorsun? Taksim&#8217;de otob\u00fcste, bir polisin ba\u015f\u00f6rt\u00fcl\u00fc bir k\u0131za nas\u0131l tokat att\u0131\u011f\u0131n\u0131 ben biliyorum, televizyonlarda g\u00f6rd\u00fcm. A\u011fz\u0131n\u0131 a\u00e7\u0131p bir laf ettin mi? Edemezsin. Neden? \u00c7\u00fcnk\u00fc onun hakk\u0131n\u0131 korumak de\u011fil, senin amac\u0131n oy dev\u015firmek, senin amac\u0131n o t\u00fcrban\u0131 s\u00f6m\u00fcrmek onu oya nas\u0131l d\u00f6n\u00fc\u015ft\u00fcr\u00fcr\u00fcm, onun hesab\u0131n\u0131 yap\u0131yorsun.&#8221;<\/p>\n<p>&nbsp;<\/p>\n<p>-&#8220;Biz size inan\u0131yoruz, t\u0131pk\u0131 Mustafa Kemal&#8217;in inand\u0131\u011f\u0131 gibi&#8230;&#8221;-<\/p>\n<p>&nbsp;<\/p>\n<p>\u0130stanbul&#8217;da merdivenalt\u0131 at\u00f6lyelerde binlerce ba\u015f\u00f6rt\u00fcl\u00fc kad\u0131n\u0131n \u00e7al\u0131\u015ft\u0131\u011f\u0131n\u0131 bildiren K\u0131l\u0131\u00e7daro\u011flu, bunlar\u0131n haklar\u0131n\u0131 kimsenin aramad\u0131\u011f\u0131n\u0131 savundu.<\/p>\n<p>&#8220;Bu kadar kini bir insan nas\u0131l y\u00fcre\u011finde bar\u0131nd\u0131r\u0131r&#8221; diyen K\u0131l\u0131\u00e7daro\u011flu, babas\u0131n\u0131n her zaman kendisine &#8220;O\u011flum sen do\u011fru dur, e\u011fri belas\u0131n\u0131 bulur&#8221; dedi\u011fini an\u0131msatt\u0131.<\/p>\n<p>Gen\u00e7lerin, \u00f6zg\u00fcrl\u00fck ve demokrasi istedi\u011fini dile getiren K\u0131l\u0131\u00e7daro\u011flu, kendilerinin Gezi Park\u0131 eylemleri ba\u015flamadan bir &#8220;\u00d6zg\u00fcrl\u00fck ve Demokrasi Manifestosu&#8221; yay\u0131mlad\u0131klar\u0131n\u0131 hat\u0131rlatt\u0131.<\/p>\n<p>Gen\u00e7lerden bu manifestolar\u0131na yeni d\u00fc\u015f\u00fcnceleriyle katk\u0131 sunmalar\u0131n\u0131 isteyen K\u0131l\u0131\u00e7daro\u011flu, &#8220;Beraber bu \u00fclkeye demokrasiyi getirelilm, siz korkusuzsunuz, sizin g\u00fcc\u00fcn\u00fcz \u00f6zg\u00fcrl\u00fc\u011f\u00fcn\u00fczdedir, biz size inan\u0131yoruz, t\u0131pk\u0131 Mustafa Kemal&#8217;in size inand\u0131\u011f\u0131 gibi&#8221; dedi.<\/p>\n<p>Ba\u015fbakan\u0131n, Valide Sultan Camisinin m\u00fcezzininin yalanlamas\u0131na ra\u011fmen, b\u00fct\u00fcn mitinglerde &#8220;Camiye bira \u015fi\u015feleriyle girdiler&#8221; dedi\u011fini belirten K\u0131l\u0131\u00e7daro\u011flu, \u015fu de\u011ferlendirmeleri yapt\u0131:<\/p>\n<p>&#8220;Caminin m\u00fcezzinini 6 saat sorgulad\u0131lar, ter\u00f6rle m\u00fccadele b\u00f6l\u00fcm\u00fcnde. Adam\u0131n s\u00f6yledi\u011fi \u015fu s\u00f6z 76 milyonun kula\u011f\u0131na k\u00fcpe olsun, &#8216;Ben din adam\u0131y\u0131m, yalan s\u00f6ylemem.&#8217; Yalan s\u00f6ylemeyen o din adam\u0131n\u0131n aln\u0131ndan \u00f6p\u00fcyorum, ona sayg\u0131lar\u0131m\u0131 sunuyorum. Do\u011fru her yerde do\u011frudur, yalan insan\u0131 payidar yapmaz. Bu tiran arkada\u015f\u0131m\u0131z\u0131, yani Erdo\u011fan&#8217;\u0131 d\u00fc\u015ft\u00fc\u011f\u00fc kuyudan \u00e7\u0131karman\u0131n bir yolu var. Demokrasi ipine sar\u0131lacak. &#8216;Gen\u00e7lerin istedi\u011fi demokrasi ve \u00f6zg\u00fcrl\u00fc\u011f\u00fc ben de istiyorum&#8217; diyecek. \u0130sterse bir sorunumuz yok. Diyorum ki kendisine &#8216;Sen demokrasi mi istiyorsun, milli iradeye sayg\u0131 m\u0131 istiyorsun?&#8217; Gel y\u00fczde 10 se\u00e7im baraj\u0131n\u0131 kald\u0131ral\u0131m. Y\u00fczde 10 se\u00e7im baraj\u0131n\u0131 kim getirdi? Kenan Evren ve arkada\u015flar\u0131. Y\u00fczde 10 baraj\u0131n\u0131 kim savunuyor? Recep Tayyip Erdo\u011fan ve arkada\u015flar\u0131. Al birini vur \u00f6tekine, ne farkeder. O da darbeciydi bu da darbeci. O da vesayet\u00e7iydi, bu da vesayet\u00e7i. O Atat\u00fcrk&#8217;\u00fc istismar ederdi, bu da dini istismar ediyor. al birini vur \u00f6tekine. Y\u00fczde 49 oy ald\u0131. Parlamentodaki oran\u0131 ka\u00e7? Y\u00fczde 60-65. Aradaki fark \u00e7al\u0131nan oylard\u0131r. Milli iradeye sayg\u0131l\u0131ysan, milletin oyuna sayg\u0131l\u0131 olacaks\u0131n. Milletin oyunu alavere, dalavere ile \u00e7almayacaks\u0131n. Parlamentoya aynen yans\u0131yacak. Var m\u0131s\u0131n? Hodri meydan gel de\u011fi\u015ftirelim, gen\u00e7lerin bir talebi de yerine gelsin.&#8221;<\/p>\n<p>&nbsp;<\/p>\n<p>-&#8220;D\u00fcnyan\u0131n en y\u00fcksek baraj\u0131&#8221;-<\/p>\n<p>&nbsp;<\/p>\n<p>Y\u00fczde 10 se\u00e7im baraj\u0131n\u0131n d\u00fcnyadaki en y\u00fcksek baraj oldu\u011funu ileri s\u00fcren K\u0131l\u0131\u00e7daro\u011flu, demokrat olarak kendisini lanse eden bir siyasi partinin darbe yasalar\u0131n\u0131n arkas\u0131na saklanamayaca\u011f\u0131n\u0131 s\u00f6yledi.<\/p>\n<p>12 Eyl\u00fcl d\u00f6neminde Siyasi Partiler Yasas\u0131&#8217;n\u0131n \u00e7\u0131kar\u0131ld\u0131\u011f\u0131n\u0131, kendilerinin &#8220;bunu de\u011fi\u015ftirelim&#8221; demesine kar\u015f\u0131n, iktidar partisinin kar\u015f\u0131 \u00e7\u0131kt\u0131\u011f\u0131n\u0131 belirten K\u0131l\u0131\u00e7daro\u011flu, &#8220;Gel de\u011fi\u015ftirelim lider sultas\u0131 bitsin, niye biz g\u00f6t\u00fcr\u00fcp milletin \u00f6n\u00fcne liste koyuyoruz? Demokrasinin \u00f6n\u00fcn\u00fc a\u00e7al\u0131m, halk\u0131n iradesine ve oyuna sayg\u0131 g\u00f6sterelim&#8221; ifadesini kulland\u0131.<\/p>\n<p>Gezi Park\u0131 olaylar\u0131n\u0131n ard\u0131ndan &#8220;Cad\u0131 av\u0131n\u0131n&#8221; ba\u015flad\u0131\u011f\u0131n\u0131 iddia eden K\u0131l\u0131\u00e7daro\u011flu, gen\u00e7lerin ise buna kar\u015f\u0131n savc\u0131l\u0131klara dilek\u00e7eyle &#8220;bu i\u015fin faili&#8221; biziz \u015feklinde ba\u015fvuruda bulunduklar\u0131n\u0131 s\u00f6yledi.<\/p>\n<p>Gen\u00e7lerin su\u00e7unun &#8220;\u00f6zg\u00fcrl\u00fck ve demokrasi&#8221; talebi oldu\u011funu yineleyen K\u0131l\u0131\u00e7daro\u011flu, bunun d\u00fcnyan\u0131n hi\u00e7 bir yerinde bu su\u00e7 olmad\u0131\u011f\u0131n\u0131 bildirdi.<\/p>\n<p>Toplant\u0131 ve G\u00f6steri Y\u00fcr\u00fcy\u00fc\u015fleri Yasas\u0131&#8217;n\u0131 de\u011fi\u015ftirme teklifleri de oldu\u011funu an\u0131msatan K\u0131l\u0131\u00e7daro\u011flu, Ba\u015fbakan\u0131n &#8220;dini kulland\u0131\u011f\u0131n\u0131&#8221; ileri s\u00fcrd\u00fc.<\/p>\n<p>B\u00fct\u00fcn kainat\u0131n bir ibadethane oldu\u011fu g\u00f6r\u00fc\u015f\u00fcn\u00fc dile getiren K\u0131l\u0131\u00e7daro\u011flu, her vatanda\u015f\u0131n \u00f6zg\u00fcrce ibadetini yapmas\u0131 i\u00e7in sonuna kadar m\u00fccadele edece\u011fini kaydetti.<\/p>\n<p>K\u0131l\u0131\u00e7daro\u011flu, Cemevlerinin ibadethane olmas\u0131n\u0131n \u00f6n\u00fcnde de bir engel olmad\u0131\u011f\u0131n\u0131 s\u00f6ylerken, medya \u00f6zg\u00fcrl\u00fc\u011f\u00fcn\u00fcn de yeniden ele al\u0131narak, halk\u0131n haber alma kanallar\u0131n\u0131 \u00f6zg\u00fcr k\u0131l\u0131nmas\u0131 gerekti\u011fini belirtti.<\/p>\n<p>TMSF&#8217;nin gazete ve televizyonlara el koydu\u011funu, iki gazetecinin de Ak\u015fam Gazetesi&#8217;nden at\u0131ld\u0131\u011f\u0131n\u0131 belirten K\u0131l\u0131\u00e7daro\u011flu, &#8220;Ne i\u00e7in? H\u00fck\u00fcmetin ho\u015funa gitmedi\u011fi, aleyhine yaz\u0131 yazd\u0131\u011f\u0131, zaman zaman ele\u015ftirdikleri i\u00e7in. TMSF&#8217;ye Ak\u015fam Gazetesi&#8217;ni ald\u0131n da sen oy dev\u015firece\u011fini mi san\u0131yorsun? Senin itibar\u0131n art\u0131k s\u0131f\u0131r. Hi\u00e7bir \u00fclkenin ba\u015fbakan\u0131 ya da devlet ba\u015fkan\u0131 Gezi olaylar\u0131nda h\u00fck\u00fcmete destek vermemi\u015ftir, tamam\u0131 ele\u015ftiriyor. Sadece kendi do\u011fruyu s\u00f6yledi\u011fini zannediyor. Adamdaki egoya bak\u0131n, bir numaralal\u0131 b\u00f6l\u00fcc\u00fc, vatanda\u015flar\u0131 ay\u0131r\u0131yor&#8221; dedi.<\/p>\n<p>\u00d6zel yetkili mahkemeleri de ele\u015ftiren K\u0131l\u0131\u00e7daro\u011flu, bu t\u00fcr mahkemelerin demokrasilerde olamayaca\u011f\u0131n\u0131 savundu.<\/p>\n<p>Bu mahkemelerin verdi\u011fi kararlar\u0131n, siyasi otoritelerin g\u00f6r\u00fc\u015fleri oldu\u011funu iddia eden K\u0131l\u0131\u00e7daro\u011flu, &#8220;Bu mahkemelerin verdi\u011fi kararlara uymak da do\u011fru de\u011fildir. UEFA&#8217;ya sesleniyorum, bu kararlarla siz T\u00fcrk sporunu cezaland\u0131ramazs\u0131n\u0131z. T\u00fcrkiye&#8217;de demokrasinin olmad\u0131\u011f\u0131n\u0131 \u00f6\u011frenemediniz mi siz? Bu mahkemelerin mahkeme olmad\u0131\u011f\u0131n\u0131, siyasi otoritenin sopas\u0131 oldu\u011funu \u00f6\u011frenemediniz mi? Karar vermi\u015fler, neymi\u015f? \u00d6zel yetikili mahkemenin karar\u0131ym\u0131\u015f. Bunlar sahte delil \u00fcretmiyor mu? Sahte delille yola \u00e7\u0131kmad\u0131lar m\u0131? Kalkm\u0131\u015flar bu mahkemenin karar\u0131n\u0131 esas al\u0131p h\u00fck\u00fcm veriyorsunuz, yanl\u0131\u015f yap\u0131yorsunuz. Binlerce milyonlarca insan bunun yanl\u0131\u015f oldu\u011funu kabul ediyor&#8221; \u015feklinde konu\u015ftu.<\/p>\n<p>&nbsp;<\/p>\n<p>-&#8220;Devlet hukuk dilini kullanmak zorundad\u0131r&#8221;<\/p>\n<p>&nbsp;<\/p>\n<p>Demokrasi olmadan bar\u0131\u015f olamayaca\u011f\u0131n\u0131 da belirten K\u0131l\u0131\u00e7daro\u011flu, bar\u0131\u015f\u0131n yolunun \u00f6zg\u00fcrl\u00fck ve demokrasiden ge\u00e7ti\u011fini s\u00f6yledi.<\/p>\n<p>&#8220;Bir devlet d\u00fc\u015f\u00fcn\u00fcn, bir yerde \u00e7at\u0131\u015fma oluyor. 5 dakika i\u00e7inde su\u00e7lu belli. \u0130lan ediyor, valisi, kaymakam\u0131, bakan\u0131, ba\u015fbakan\u0131. Devletin bir dili vard\u0131r, o da hukuk dilidir&#8221; diyen K\u0131l\u0131\u00e7daro\u011flu, &#8220;\u00d6nce yarg\u0131lars\u0131n, soru\u015fturursun, yarg\u0131lamadan sonra kimin su\u00e7lu olup olmad\u0131\u011f\u0131 belli olur. Bir olay oluyor 5 dakka i\u00e7inde failler, her \u015fey belli. Ozaman niye mahkemeleri kurduk ki. Ne gere\u011fi var. Bu \u00fclkede \u00f6len her vatanda\u015f bizimdir, devlet hukuk dilini kullanmak zorundad\u0131r&#8221; ifadesini kulland\u0131.<\/p>\n<p>Bu\u011fday fiyatlar\u0131na da de\u011finen K\u0131l\u0131\u00e7daro\u011flu, 10 y\u0131l i\u00e7inde 30 milyon hektar arazinin ise ekilmedi\u011fini belirtti. K\u0131l\u0131\u00e7daro\u011flu, &#8220;10 y\u0131l \u00f6nce bu\u011fday 30 kuru\u015ftu, mazot 1 lira. \u015eimdi bu\u011fday 70 kuru\u015f, mazot 4 lira 20 kuru\u015f. Bu \u00e7ift\u00e7i ne yapacak, bu 70 kuru\u015f en y\u00fcksek fiyat. \u00c7ift\u00e7i karde\u015fime sesleniyorum; A\u011fz\u0131ndan bal ak\u0131yor konu\u015ftu\u011fu zaman tiran, \u015f\u00f6yle kalk\u0131nd\u0131k, b\u00f6yle b\u00fcy\u00fcd\u00fck&#8230; Gen\u00e7ler bunun karizmas\u0131n\u0131 \u00e7izdiler, \u015fimdi s\u0131ra sende \u00e7iftt\u00e7i karde\u015fim, sen de karizmas\u0131n\u0131 \u00e7iz&#8221; dedi.<\/p>\n<p>K\u0131l\u0131\u00e7daro\u011flu, huzurlu bir Ramazan dile\u011finde de bulundu.<\/p>\n<p>Demokratik bir se\u00e7imle grup ve TBMM ba\u015fkanvekili se\u00e7imini yapt\u0131klar\u0131n\u0131 da hat\u0131rlatan K\u0131l\u0131\u00e7daro\u011flu, s\u00f6zlerini &#8220;Bak\u0131n tiran 3 g\u00fcn ortal\u0131kta yoktu, huzur vard\u0131. Bug\u00fcn yine konu\u015ftu, herkes yine rahats\u0131z. Biz huzura endeksliyiz, huzuru seviyoruz&#8221; diyerek tamamlad\u0131.<\/p>\n","protected":false},"excerpt":{"rendered":"<p>CHP Genel Ba\u015fkan\u0131 Kemal K\u0131l\u0131\u00e7daro\u011flu partisinin grup toplant\u0131s\u0131nda yapt\u0131\u011f\u0131 konu\u015fmada Ba\u015fbakan Recep Tayyip Erdo\u011fan&#8217;\u0131 yine sert s\u00f6zlerle ele\u015ftirdi.<\/p>\n","protected":false},"author":4,"featured_media":178479,"comment_status":"open","ping_status":"open","sticky":false,"template":"","format":"standard","meta":{"_acf_changed":false,"footnotes":""},"categories":[6155,5005,6202,6805],"tags":[3888,8723,55533,10933,5115,29535],"class_list":["post-140593","post","type-post","status-publish","format-standard","has-post-thumbnail","hentry","category-gundem","category-manset","category-politika","category-turkiye","tag-basbakan-erdogan","tag-chp","tag-chp-grup","tag-chp-grup-toplantisi","tag-kemal-kilicdaroglu","tag-kemal-kilicdaroglu-konusma"],"acf":[],"_links":{"self":[{"href":"https:\/\/www.nationalturk.com\/tr\/wp-json\/wp\/v2\/posts\/140593","targetHints":{"allow":["GET"]}}],"collection":[{"href":"https:\/\/www.nationalturk.com\/tr\/wp-json\/wp\/v2\/posts"}],"about":[{"href":"https:\/\/www.nationalturk.com\/tr\/wp-json\/wp\/v2\/types\/post"}],"author":[{"embeddable":true,"href":"https:\/\/www.nationalturk.com\/tr\/wp-json\/wp\/v2\/users\/4"}],"replies":[{"embeddable":true,"href":"https:\/\/www.nationalturk.com\/tr\/wp-json\/wp\/v2\/comments?post=140593"}],"version-history":[{"count":0,"href":"https:\/\/www.nationalturk.com\/tr\/wp-json\/wp\/v2\/posts\/140593\/revisions"}],"wp:featuredmedia":[{"embeddable":true,"href":"https:\/\/www.nationalturk.com\/tr\/wp-json\/wp\/v2\/media\/178479"}],"wp:attachment":[{"href":"https:\/\/www.nationalturk.com\/tr\/wp-json\/wp\/v2\/media?parent=140593"}],"wp:term":[{"taxonomy":"category","embeddable":true,"href":"https:\/\/www.nationalturk.com\/tr\/wp-json\/wp\/v2\/categories?post=140593"},{"taxonomy":"post_tag","embeddable":true,"href":"https:\/\/www.nationalturk.com\/tr\/wp-json\/wp\/v2\/tags?post=140593"}],"curies":[{"name":"wp","href":"https:\/\/api.w.org\/{rel}","templated":true}]}}