{"id":140765,"date":"2013-07-03T22:57:05","date_gmt":"2013-07-03T19:57:05","guid":{"rendered":"http:\/\/www.nationalturk.com\/?p=140765"},"modified":"2013-07-03T22:57:05","modified_gmt":"2013-07-03T19:57:05","slug":"iran-ve-rusya-cumhurbaskanlarindan-ikili-iliskilere-vurgu-140765","status":"publish","type":"post","link":"https:\/\/www.nationalturk.com\/tr\/iran-ve-rusya-cumhurbaskanlarindan-ikili-iliskilere-vurgu-140765\/","title":{"rendered":"\u0130ran ve Rusya Cumhurba\u015fkan&#8217;lar\u0131ndan ikili ili\u015fkilere vurgu"},"content":{"rendered":"<h1><img loading=\"lazy\" decoding=\"async\" class=\"aligncenter size-full wp-image-140771\" alt=\"iran-rusya\" src=\"http:\/\/www.nationalturk.com\/tr\/wp-content\/uploads\/2013\/07\/iran-rusya.jpg\" width=\"639\" height=\"403\" title=\"\" srcset=\"https:\/\/www.nationalturk.com\/tr\/wp-content\/uploads\/2013\/07\/iran-rusya.jpg 639w, https:\/\/www.nationalturk.com\/tr\/wp-content\/uploads\/2013\/07\/iran-rusya-280x176.jpg 280w, https:\/\/www.nationalturk.com\/tr\/wp-content\/uploads\/2013\/07\/iran-rusya-610x384.jpg 610w\" sizes=\"auto, (max-width: 639px) 100vw, 639px\" \/>Ahmedinejad ve Putin&#8217;in Moskova&#8217;da ger\u00e7ekle\u015ftirdikleri g\u00f6r\u00fc\u015fmede,\u00a0ba\u015fta enerji alan\u0131 olmak \u00fczere t\u00fcm alanlarda ikili ili\u015fkilerin geli\u015ftirilmesine vurgu yap\u0131ld\u0131.<\/h1>\n<p>\u0130ran Cumhurba\u015fkan\u0131 Ahmedinejad, Kremlin saray\u0131nda Rusya devlet ba\u015fkan\u0131 Vladimir Putin&#8217;le bir araya geldi.<\/p>\n<p>\u0130kilinin bulu\u015fmas\u0131 sonras\u0131 Ahmedinejad, Tahran ile Moskova aras\u0131nda ikili ili\u015fkilerin t\u00fcm alanlarda geli\u015fmesine vurgu yaparak bu yolda var olan baz\u0131 engellerin ortadan kald\u0131r\u0131lmas\u0131 gerekti\u011fini belirtti.<\/p>\n<p>Ahmedinejad ayr\u0131ca, iki \u00fclke aras\u0131nda iktisadi i\u015fbirli\u011fini geli\u015ftirmek i\u00e7in t\u00fcm potansiyellerin kullan\u0131lmas\u0131 gerekti\u011fini, bu yolda Tahran a\u00e7\u0131s\u0131ndan hi\u00e7 bir engelin bulunmad\u0131\u011f\u0131n\u0131 s\u00f6yledi.<\/p>\n<p>G\u00f6r\u00fc\u015fme sonras\u0131 Putin de \u0130ran ve Rusya&#8217;n\u0131n d\u00fcnyan\u0131n iki b\u00fcy\u00fck do\u011falgaz \u00fcreticisi oldu\u011funu ve bu alandaki ortak \u00e7\u0131karlar\u0131n iki \u00fclkeyi bir birine yak\u0131nla\u015ft\u0131rd\u0131\u011f\u0131n\u0131 belirtti.<\/p>\n<!-- Error, Advert is not available at this time due to schedule\/geolocation restrictions! -->\n","protected":false},"excerpt":{"rendered":"<p>Ahmedinejad ve Putin&#8217;in Moskova&#8217;da ger\u00e7ekle\u015ftirdikleri g\u00f6r\u00fc\u015fmede, ba\u015fta enerji alan\u0131 olmak \u00fczere t\u00fcm alanlarda ikili ili\u015fkilerin geli\u015ftirilmesine vurgu yap\u0131ld\u0131.<\/p>\n","protected":false},"author":9192221,"featured_media":140771,"comment_status":"open","ping_status":"open","sticky":false,"template":"","format":"standard","meta":{"_acf_changed":false,"footnotes":""},"categories":[6665,6155,5005,6772,6202,349],"tags":[10012,32512,1238,721,134157,43950,4185,3603],"class_list":["post-140765","post","type-post","status-publish","format-standard","has-post-thumbnail","hentry","category-dunya","category-gundem","category-manset","category-ortadogu","category-politika","category-son-dakika","tag-ahmedinejad","tag-iran-cumhurbaskani-ahmedinejad","tag-moskova","tag-rusya","tag-rusya-enerji","tag-rusya-moskova","tag-rusya-putin","tag-tahran"],"acf":[],"_links":{"self":[{"href":"https:\/\/www.nationalturk.com\/tr\/wp-json\/wp\/v2\/posts\/140765","targetHints":{"allow":["GET"]}}],"collection":[{"href":"https:\/\/www.nationalturk.com\/tr\/wp-json\/wp\/v2\/posts"}],"about":[{"href":"https:\/\/www.nationalturk.com\/tr\/wp-json\/wp\/v2\/types\/post"}],"author":[{"embeddable":true,"href":"https:\/\/www.nationalturk.com\/tr\/wp-json\/wp\/v2\/users\/9192221"}],"replies":[{"embeddable":true,"href":"https:\/\/www.nationalturk.com\/tr\/wp-json\/wp\/v2\/comments?post=140765"}],"version-history":[{"count":0,"href":"https:\/\/www.nationalturk.com\/tr\/wp-json\/wp\/v2\/posts\/140765\/revisions"}],"wp:featuredmedia":[{"embeddable":true,"href":"https:\/\/www.nationalturk.com\/tr\/wp-json\/wp\/v2\/media\/140771"}],"wp:attachment":[{"href":"https:\/\/www.nationalturk.com\/tr\/wp-json\/wp\/v2\/media?parent=140765"}],"wp:term":[{"taxonomy":"category","embeddable":true,"href":"https:\/\/www.nationalturk.com\/tr\/wp-json\/wp\/v2\/categories?post=140765"},{"taxonomy":"post_tag","embeddable":true,"href":"https:\/\/www.nationalturk.com\/tr\/wp-json\/wp\/v2\/tags?post=140765"}],"curies":[{"name":"wp","href":"https:\/\/api.w.org\/{rel}","templated":true}]}}