{"id":140854,"date":"2013-07-04T15:53:15","date_gmt":"2013-07-04T12:53:15","guid":{"rendered":"http:\/\/www.nationalturk.com\/?p=140854"},"modified":"2013-07-04T15:53:15","modified_gmt":"2013-07-04T12:53:15","slug":"taksim-ve-tahrir-benziyor-mu-benzemiyor-mu-140854","status":"publish","type":"post","link":"https:\/\/www.nationalturk.com\/tr\/taksim-ve-tahrir-benziyor-mu-benzemiyor-mu-140854\/","title":{"rendered":"Taksim ve Tahrir benziyor mu benzemiyor mu?"},"content":{"rendered":"<h1><img loading=\"lazy\" decoding=\"async\" class=\"alignnone size-full wp-image-140855\" alt=\"Tahrir Meydan\u0131\" src=\"http:\/\/www.nationalturk.com\/tr\/wp-content\/uploads\/2013\/07\/tahrir_meydani_2734023.jpg\" width=\"610\" height=\"373\" title=\"\"><\/h1>\n<h1>Gezi Park\u0131 olaylar\u0131n\u0131n en ba\u015f\u0131nda Taksim ile Tahrir aras\u0131nda en k\u00fc\u00e7\u00fck benzerlik kurmaya kalkana &#8216;Hop, orada dur bakal\u0131m&#8217; deniyordu.<\/h1>\n<p>Ve ekleniyordu:<br \/>\n\u201cNe Tahrir\u2019i karde\u015fim&#8230; M\u0131s\u0131r ayr\u0131, T\u00fcrkiye ayr\u0131&#8230;\u201d<\/p>\n<p>Aradan bir ay bile ge\u00e7meden&#8230; M\u0131s\u0131r\u2019da muhalifler, Mursi\u2019ye kar\u015f\u0131 Tahrir\u2019de topland\u0131lar.<\/p>\n<p><img loading=\"lazy\" decoding=\"async\" class=\"alignleft size-medium wp-image-140856\" alt=\"Taksim Meydan\u0131\" src=\"http:\/\/www.nationalturk.com\/tr\/wp-content\/uploads\/2013\/07\/taksim_meydani_31mayis-280x188.jpeg\" width=\"280\" height=\"188\" title=\"\" srcset=\"https:\/\/www.nationalturk.com\/tr\/wp-content\/uploads\/2013\/07\/taksim_meydani_31mayis-280x188.jpeg 280w, https:\/\/www.nationalturk.com\/tr\/wp-content\/uploads\/2013\/07\/taksim_meydani_31mayis.jpeg 478w\" sizes=\"auto, (max-width: 280px) 100vw, 280px\" \/>Hem de \u00e7ok sars\u0131c\u0131 bi\u00e7imde&#8230;<br \/>\nVe bir de bakt\u0131k ki:<br \/>\n\u201cNe Tahrir\u2019i karde\u015fim&#8230; M\u0131s\u0131r ayr\u0131, T\u00fcrkiye ayr\u0131&#8230;\u201d diyenler, kendilerini an\u0131nda Mursi\u2019nin yan\u0131nda hizalay\u0131vermi\u015fler.<\/p>\n<p>Mursi\u2019nin yan\u0131nda hizalananlar aras\u0131nda&#8230;<\/p>\n<p>-\u201cTahrir\u2019e \u00e7\u0131kan insanlar\u0131n ne dertleri var acaba\u201d diyen yok.<br \/>\n-\u201cMursi bir y\u0131ll\u0131k iktidar\u0131nda hatalar yapm\u0131\u015f olabilir mi acaba\u201d diyen yok.<br \/>\n-\u201cMuhalifler de askeri darbeye kar\u015f\u0131 \u00e7\u0131k\u0131yorlar, demek ki Tahrir\u2019e \u00e7\u0131kanlar darbeci de\u011fil\u201d diyen yok.<br \/>\n-Protestolarda yoksullar\u0131n ba\u015f\u0131 \u00e7ekti\u011fine dikkat kesilen yok.<br \/>\n-M\u0131s\u0131r\u2019\u0131n T\u00fcrkiye\u2019dekin-den \u00e7ok farkl\u0131 ko\u015fullara, sorunlara, k\u0131r\u0131lma noktalar\u0131na sahip oldu\u011funu d\u00fc\u015f\u00fcnen yok.<\/p>\n<p>Peki ne var?<\/p>\n<p>\u015eu var:<br \/>\n\u201cMursi\u2019yi yedirmeyiz&#8230; Mursi\u2019yi yerdirmeyiz&#8230; Yedirmeyiz de yedirmeyiz\u201d diye tutulan tempo var.<br \/>\nE hani&#8230;<br \/>\n\u201cM\u0131s\u0131r apayr\u0131, T\u00fcrkiye apayr\u0131\u201d idi&#8230;<br \/>\nE hani&#8230;<br \/>\n\u0130kisi birbirine benzemez ve benzedi\u011fi teklif dahi edilemezdi.<\/p>\n<p><strong>Ahmet Hakan \/ H\u00fcrriyet<\/strong><\/p>\n<p>&nbsp;<\/p>\n","protected":false},"excerpt":{"rendered":"<p>Gezi Park\u0131 olaylar\u0131n\u0131n en ba\u015f\u0131nda Taksim ile Tahrir aras\u0131nda en k\u00fc\u00e7\u00fck benzerlik kurmaya kalkana &#8216;Hop, orada dur bakal\u0131m&#8217; deniyordu.<\/p>\n","protected":false},"author":4,"featured_media":140855,"comment_status":"open","ping_status":"open","sticky":false,"template":"","format":"standard","meta":{"_acf_changed":false,"footnotes":""},"categories":[6155,26554,6667,6202,6805],"tags":[5262,720,62195,6622,131894],"class_list":["post-140854","post","type-post","status-publish","format-standard","has-post-thumbnail","hentry","category-gundem","category-haftanin-yorumu","category-medya","category-politika","category-turkiye","tag-ahmet-hakan","tag-misir","tag-tahrir","tag-taksim-meydani","tag-taksim-meydani-olaylar"],"acf":[],"_links":{"self":[{"href":"https:\/\/www.nationalturk.com\/tr\/wp-json\/wp\/v2\/posts\/140854","targetHints":{"allow":["GET"]}}],"collection":[{"href":"https:\/\/www.nationalturk.com\/tr\/wp-json\/wp\/v2\/posts"}],"about":[{"href":"https:\/\/www.nationalturk.com\/tr\/wp-json\/wp\/v2\/types\/post"}],"author":[{"embeddable":true,"href":"https:\/\/www.nationalturk.com\/tr\/wp-json\/wp\/v2\/users\/4"}],"replies":[{"embeddable":true,"href":"https:\/\/www.nationalturk.com\/tr\/wp-json\/wp\/v2\/comments?post=140854"}],"version-history":[{"count":0,"href":"https:\/\/www.nationalturk.com\/tr\/wp-json\/wp\/v2\/posts\/140854\/revisions"}],"wp:featuredmedia":[{"embeddable":true,"href":"https:\/\/www.nationalturk.com\/tr\/wp-json\/wp\/v2\/media\/140855"}],"wp:attachment":[{"href":"https:\/\/www.nationalturk.com\/tr\/wp-json\/wp\/v2\/media?parent=140854"}],"wp:term":[{"taxonomy":"category","embeddable":true,"href":"https:\/\/www.nationalturk.com\/tr\/wp-json\/wp\/v2\/categories?post=140854"},{"taxonomy":"post_tag","embeddable":true,"href":"https:\/\/www.nationalturk.com\/tr\/wp-json\/wp\/v2\/tags?post=140854"}],"curies":[{"name":"wp","href":"https:\/\/api.w.org\/{rel}","templated":true}]}}