{"id":140990,"date":"2013-07-05T18:09:55","date_gmt":"2013-07-05T15:09:55","guid":{"rendered":"http:\/\/www.nationalturk.com\/?p=140990"},"modified":"2013-07-05T18:09:55","modified_gmt":"2013-07-05T15:09:55","slug":"sirri-sakik-pkknin-uyusturucuya-karsi-mucadele-ettigini-butun-dunya-biliyor-140990","status":"publish","type":"post","link":"https:\/\/www.nationalturk.com\/tr\/sirri-sakik-pkknin-uyusturucuya-karsi-mucadele-ettigini-butun-dunya-biliyor-140990\/","title":{"rendered":"S\u0131rr\u0131 Sak\u0131k: PKK&#8217;n\u0131n uyu\u015fturucuya kar\u015f\u0131 m\u00fccadele etti\u011fini b\u00fct\u00fcn d\u00fcnya biliyor!"},"content":{"rendered":"<h1><img loading=\"lazy\" decoding=\"async\" class=\"alignleft size-medium wp-image-140991\" alt=\"S\u0131rr\u0131 Sak\u0131k\" src=\"http:\/\/www.nationalturk.com\/tr\/wp-content\/uploads\/2013\/07\/sirri_sakik_pkk_8326422-e1373036888177-280x177.jpg\" width=\"280\" height=\"177\" title=\"\" srcset=\"https:\/\/www.nationalturk.com\/tr\/wp-content\/uploads\/2013\/07\/sirri_sakik_pkk_8326422-e1373036888177-280x177.jpg 280w, https:\/\/www.nationalturk.com\/tr\/wp-content\/uploads\/2013\/07\/sirri_sakik_pkk_8326422-e1373036888177.jpg 598w\" sizes=\"auto, (max-width: 280px) 100vw, 280px\" \/>BDP Mu\u015f Milletvekili S\u0131rr\u0131 Sak\u0131k, Lice\u2019deki olaylar\u0131n uyu\u015fturucuyla ba\u011flant\u0131s\u0131n\u0131n kurulmas\u0131yla ilgili olarak yapt\u0131\u011f\u0131 konu\u015fmada ter\u00f6r \u00f6rg\u00fct\u00fc PKK&#8217;n\u0131n uyu\u015fturucuya kar\u015f\u0131 m\u00fccadele etti\u011fini ve bunu b\u00fct\u00fcn d\u00fcnyan\u0131n bildi\u011fini iddia etti.<\/h1>\n<p>TBMM Genel Kurulu&#8217;nda konu\u015fan S\u0131rr\u0131 Sak\u0131k, \u00e7\u00f6z\u00fcm s\u00fcrecinde k\u00f6y korucular\u0131na kadro tahsis edilmesini ele\u015ftirerek &#8220;Bar\u0131\u015f g\u00f6r\u00fc\u015fmelerini s\u00fcrd\u00fcr\u00fcrken, siz havada ke\u015fif u\u00e7u\u015flar\u0131 yapamazs\u0131n\u0131z. Askeri birlikleri oralara sevk edemezsiniz. Bar\u0131\u015f\u0131n ruhu neyi emreder biliyor musunuz? Say\u0131n Ba\u015fbakan \u00e7\u0131k\u0131p iki kelimeyle \u2018Bar\u0131\u015f g\u00f6r\u00fc\u015fmeleri devam ediyor, bu \u00fclkede bar\u0131\u015f g\u00f6r\u00fc\u015fmeleri s\u00fcrd\u00fc\u011f\u00fc m\u00fcddet\u00e7e karakol yap\u0131mlar\u0131 asla olmayacak\u2019 diyecek. Bu ne kadar \u00f6nemli bir iklim olu\u015fturur. Ve \u015fu anda gerilla saflar\u0131na epeyce insan\u0131n kat\u0131ld\u0131\u011f\u0131n\u0131 da biliyoruz&#8221; dedi.<\/p>\n<p>S\u0131rr\u0131 Sak\u0131k, Lice&#8217;de meydana gelen olaylarla ilgili uyu\u015fturucu ba\u011flant\u0131s\u0131n\u0131n kurulmas\u0131 hakk\u0131nda ise \u015funlar\u0131 s\u00f6yledi:<\/p>\n<p>&#8220;Lice\u2019deki insanlar \u2018Siz burada karakol yap\u0131yorsan\u0131z, siz bize yeniden sava\u015f a\u00e7mak i\u00e7in karakol yap\u0131yorsunuz\u2019 diyor ve orada bu insanlar\u0131n \u00fczerine ate\u015f a\u00e7\u0131l\u0131yor. Sonra d\u00f6n\u00fcp ne diyorsunuz? \u2018Efendim, uyu\u015fturucu\u2019 diyorsunuz. El vicdan be, el vicdan! B\u00fct\u00fcn \u00fclkeler, PKK\u2019y\u0131 ter\u00f6rist ilan eden \u00fclkeler bile PKK\u2019ya bu konuda bin kez te\u015fekk\u00fcr ediyor. Avrupa\u2019dakilerin hepsi PKK\u2019n\u0131n uyu\u015fturucuyla nas\u0131l uluslararas\u0131 arenada m\u00fccadele etti\u011fini, dost ve d\u00fc\u015fman hepsi biliyor. Gidin, Avrupa\u2019da, Amerika\u2019da, d\u00fcnyan\u0131n d\u00f6rt bir taraf\u0131nda bir tane PKK\u2019l\u0131y\u0131 uyu\u015fturucuyla i\u00e7 i\u00e7e bulursan\u0131z ben burada milletvekilli\u011finden istifa ederim.\u201d<\/p>\n<p>AK Parti Grup Ba\u015fkanvekili Mustafa Elita\u015f, Sak\u0131k\u2019a tepki g\u00f6stererek, \u201cBir ter\u00f6r \u00f6rg\u00fct\u00fcn\u00fc burada \u00f6vmek hi\u00e7bir milletvekiline yak\u0131\u015fan bir hareket de\u011fildir, ter\u00f6r \u00f6rg\u00fct\u00fcn\u00fc \u00f6venleri \u015fiddetle k\u0131n\u0131yorum\u201d diye konu\u015ftu. MHP Grup Ba\u015fkanvekili Oktay Vural, PKK\u2019n\u0131n uyu\u015fturucu, insan ticareti yapt\u0131\u011f\u0131yla ilgili h\u00fck\u00fcmler oldu\u011funu belirterek, \u201cPKK\u2019y\u0131 Meclis k\u00fcrs\u00fcs\u00fcnden kimse aklamaya kalkmas\u0131n\u201d dedi.<\/p>\n<p>Sak\u0131k ele\u015ftirilerin ard\u0131ndan yapt\u0131\u011f\u0131 \u201cPKK\u2019n\u0131n benim \u00f6vg\u00fclerime ihtiyac\u0131 yok. PKK siyasi bir harekettir\u201d de\u011ferlendirmesi milletvekillerinin yeniden tepkisine yol a\u00e7t\u0131.<\/p>\n","protected":false},"excerpt":{"rendered":"<p>BDP Mu\u015f Milletvekili S\u0131rr\u0131 Sak\u0131k, Lice\u2019deki olaylar\u0131n uyu\u015fturucuyla ba\u011flant\u0131s\u0131n\u0131n kurulmas\u0131yla ilgili olarak yapt\u0131\u011f\u0131 konu\u015fmada ter\u00f6r \u00f6rg\u00fct\u00fc PKK&#8217;n\u0131n uyu\u015fturucuya kar\u015f\u0131 m\u00fccadele etti\u011fini ve bunu b\u00fct\u00fcn d\u00fcnyan\u0131n bildi\u011fini iddia etti.<\/p>\n","protected":false},"author":4,"featured_media":178419,"comment_status":"open","ping_status":"open","sticky":false,"template":"","format":"standard","meta":{"_acf_changed":false,"footnotes":""},"categories":[6155,5005,6202,6805],"tags":[11498,10829,7244,134390,11846],"class_list":["post-140990","post","type-post","status-publish","format-standard","has-post-thumbnail","hentry","category-gundem","category-manset","category-politika","category-turkiye","tag-bdp","tag-mhp","tag-oktay-vural","tag-pkk-uyusturucu","tag-sirri-sakik"],"acf":[],"_links":{"self":[{"href":"https:\/\/www.nationalturk.com\/tr\/wp-json\/wp\/v2\/posts\/140990","targetHints":{"allow":["GET"]}}],"collection":[{"href":"https:\/\/www.nationalturk.com\/tr\/wp-json\/wp\/v2\/posts"}],"about":[{"href":"https:\/\/www.nationalturk.com\/tr\/wp-json\/wp\/v2\/types\/post"}],"author":[{"embeddable":true,"href":"https:\/\/www.nationalturk.com\/tr\/wp-json\/wp\/v2\/users\/4"}],"replies":[{"embeddable":true,"href":"https:\/\/www.nationalturk.com\/tr\/wp-json\/wp\/v2\/comments?post=140990"}],"version-history":[{"count":0,"href":"https:\/\/www.nationalturk.com\/tr\/wp-json\/wp\/v2\/posts\/140990\/revisions"}],"wp:featuredmedia":[{"embeddable":true,"href":"https:\/\/www.nationalturk.com\/tr\/wp-json\/wp\/v2\/media\/178419"}],"wp:attachment":[{"href":"https:\/\/www.nationalturk.com\/tr\/wp-json\/wp\/v2\/media?parent=140990"}],"wp:term":[{"taxonomy":"category","embeddable":true,"href":"https:\/\/www.nationalturk.com\/tr\/wp-json\/wp\/v2\/categories?post=140990"},{"taxonomy":"post_tag","embeddable":true,"href":"https:\/\/www.nationalturk.com\/tr\/wp-json\/wp\/v2\/tags?post=140990"}],"curies":[{"name":"wp","href":"https:\/\/api.w.org\/{rel}","templated":true}]}}