{"id":14102,"date":"2010-01-29T13:26:15","date_gmt":"2010-01-29T11:26:15","guid":{"rendered":"http:\/\/www.nationalturk.com\/?p=14102"},"modified":"2010-01-29T13:26:15","modified_gmt":"2010-01-29T11:26:15","slug":"dogan-hakyemez-trabzonsporda","status":"publish","type":"post","link":"https:\/\/www.nationalturk.com\/tr\/dogan-hakyemez-trabzonsporda\/","title":{"rendered":"Do\u011fan Hakyemez Trabzonspor&#8217;da"},"content":{"rendered":"<p><strong><img loading=\"lazy\" decoding=\"async\" class=\"alignleft size-medium wp-image-14103\" title=\"Do\u011fan Hakyemez Trabzonspor\" src=\"http:\/\/www.nationalturk.com\/tr\/wp-content\/uploads\/2010\/01\/dogan_hakyemez_trabzon-219x219.jpg\" alt=\"Do\u011fan Hakyemez Trabzonspor\" width=\"219\" height=\"219\" srcset=\"https:\/\/www.nationalturk.com\/tr\/wp-content\/uploads\/2010\/01\/dogan_hakyemez_trabzon-219x219.jpg 219w, https:\/\/www.nationalturk.com\/tr\/wp-content\/uploads\/2010\/01\/dogan_hakyemez_trabzon-50x50.jpg 50w, https:\/\/www.nationalturk.com\/tr\/wp-content\/uploads\/2010\/01\/dogan_hakyemez_trabzon.jpg 300w\" sizes=\"auto, (max-width: 219px) 100vw, 219px\" \/>Son y\u0131llarda basketbol \u015fubesine yapt\u0131\u011f\u0131 yat\u0131r\u0131mlarla dikkat \u00e7eken Trabzonspor, genel direkt\u00f6rl\u00fck g\u00f6revine Do\u011fan Hakyemez&#8217;i getirdi.<\/strong><\/p>\n<p>Anla\u015fma ile ilgili bug\u00fcn d\u00fczenlenen bas\u0131n toplant\u0131s\u0131na Trabzonspor Ba\u015fkan\u0131 Sadri \u015eener, Trabzonspor Basketbol Kul\u00fcb\u00fc Ba\u015fkan\u0131 Saner Ayar ve Trabzonspor Basketbol Kul\u00fcb\u00fc Genel Direkt\u00f6r\u00fc Do\u011fan Hakyemez kat\u0131ld\u0131.<\/p>\n<p>Trabzonspor ile 2.5 y\u0131ll\u0131k bir anla\u015fma yapt\u0131\u011f\u0131n\u0131 ifade eden Hakyemez,\u00a0&#8220;Trabzonspor&#8217;u basketbolda iddial\u0131 bir tak\u0131m kurmak amac\u0131yla bana getirdi\u011fi teklifi seve seve kabul ettim. 2,5 y\u0131ll\u0131k bir kontrat yapt\u0131m. \u0130n\u015fallah bu tak\u0131m belki bir iki takviye yap\u0131larak Beko Basketbol Ligi&#8217;nde \u00e7\u0131kacakt\u0131r. Benim kurmad\u0131\u011f\u0131m bir tak\u0131m i\u00e7in ben \u015fu g\u00fcnden &#8216;\u00e7\u0131kar&#8217; veya &#8216;\u00e7\u0131kmaz&#8217; diyemem ama bu sezon \u00e7\u0131kmas\u0131 i\u00e7in var g\u00fcc\u00fcmle \u00e7al\u0131\u015faca\u011f\u0131m. Fakat bu s\u00fcre i\u00e7inde muhakkak Trabzonspor Birinci Lig&#8217;de olacak, Avrupa kupalar\u0131na kat\u0131lacak. Tecr\u00fcbemle, g\u00f6rd\u00fc\u011f\u00fcm basketbol sevgisiyle bunun s\u00f6z\u00fcn\u00fc verebilirim&#8221; \u015feklinde konu\u015ftu.<\/p>\n<span style=\"font-weight: bold; color: #f00;\">Error, group does not exist! Check your syntax! (ID: 103)<\/span>\n","protected":false},"excerpt":{"rendered":"<p>Son y\u0131llarda basketbol \u015fubesine yapt\u0131\u011f\u0131 yat\u0131r\u0131mlarla dikkat \u00e7eken Trabzonspor, genel direkt\u00f6rl\u00fck g\u00f6revine Do\u011fan Hakyemez&#8217;i getirdi.<\/p>\n","protected":false},"author":4,"featured_media":192942,"comment_status":"open","ping_status":"open","sticky":false,"template":"","format":"standard","meta":{"_acf_changed":false,"footnotes":""},"categories":[8338,5005,6194],"tags":[14802,14804,9726,14803],"class_list":["post-14102","post","type-post","status-publish","format-standard","has-post-thumbnail","hentry","category-basketbol","category-manset","category-spor","tag-dogan-hakyemez","tag-dogan-hakyemez-trabzonspor","tag-sadri-sener","tag-saner-ayar"],"acf":[],"_links":{"self":[{"href":"https:\/\/www.nationalturk.com\/tr\/wp-json\/wp\/v2\/posts\/14102","targetHints":{"allow":["GET"]}}],"collection":[{"href":"https:\/\/www.nationalturk.com\/tr\/wp-json\/wp\/v2\/posts"}],"about":[{"href":"https:\/\/www.nationalturk.com\/tr\/wp-json\/wp\/v2\/types\/post"}],"author":[{"embeddable":true,"href":"https:\/\/www.nationalturk.com\/tr\/wp-json\/wp\/v2\/users\/4"}],"replies":[{"embeddable":true,"href":"https:\/\/www.nationalturk.com\/tr\/wp-json\/wp\/v2\/comments?post=14102"}],"version-history":[{"count":0,"href":"https:\/\/www.nationalturk.com\/tr\/wp-json\/wp\/v2\/posts\/14102\/revisions"}],"wp:featuredmedia":[{"embeddable":true,"href":"https:\/\/www.nationalturk.com\/tr\/wp-json\/wp\/v2\/media\/192942"}],"wp:attachment":[{"href":"https:\/\/www.nationalturk.com\/tr\/wp-json\/wp\/v2\/media?parent=14102"}],"wp:term":[{"taxonomy":"category","embeddable":true,"href":"https:\/\/www.nationalturk.com\/tr\/wp-json\/wp\/v2\/categories?post=14102"},{"taxonomy":"post_tag","embeddable":true,"href":"https:\/\/www.nationalturk.com\/tr\/wp-json\/wp\/v2\/tags?post=14102"}],"curies":[{"name":"wp","href":"https:\/\/api.w.org\/{rel}","templated":true}]}}