{"id":141190,"date":"2013-07-08T13:20:06","date_gmt":"2013-07-08T10:20:06","guid":{"rendered":"http:\/\/www.nationalturk.com\/?p=141190"},"modified":"2013-07-08T13:22:07","modified_gmt":"2013-07-08T10:22:07","slug":"chp-kabul-oyu-verince-akpliler-kendi-kanun-maddelerini-reddetti-141190","status":"publish","type":"post","link":"https:\/\/www.nationalturk.com\/tr\/chp-kabul-oyu-verince-akpliler-kendi-kanun-maddelerini-reddetti-141190\/","title":{"rendered":"CHP kabul oyu verince AKP&#8217;liler kendi kanun maddelerini reddetti!"},"content":{"rendered":"<h1><img loading=\"lazy\" decoding=\"async\" class=\"alignleft size-medium wp-image-141191\" alt=\"TBMM\" src=\"http:\/\/www.nationalturk.com\/tr\/wp-content\/uploads\/2013\/07\/tbmm_genel_kurul_2011-280x185.jpg\" width=\"280\" height=\"185\" title=\"\" srcset=\"https:\/\/www.nationalturk.com\/tr\/wp-content\/uploads\/2013\/07\/tbmm_genel_kurul_2011-280x185.jpg 280w, https:\/\/www.nationalturk.com\/tr\/wp-content\/uploads\/2013\/07\/tbmm_genel_kurul_2011.jpg 500w\" sizes=\"auto, (max-width: 280px) 100vw, 280px\" \/>Torba yasa g\u00f6r\u00fc\u015fmeleri gece yar\u0131s\u0131na kadar devam ederken AKP&#8217;li milletvekilleri, CHP&#8217;lilerin kabul oyu verdi\u011fini g\u00f6r\u00fcnce kendi tasar\u0131 maddelerine ret oyu verdi. Durumu anlayan AKP&#8217;lilerin itirazlar\u0131 sonu\u00e7 vermedi ve kanun maddesi reddedildi.<\/h1>\n<p>AKP\u2019nin haz\u0131rlad\u0131\u011f\u0131 kanun tasar\u0131s\u0131nda yer alan \u201cta\u015fradaki sa\u011fl\u0131k personellerinin \u00f6zl\u00fck haklar\u0131\u201d ile ilgili d\u00fczenlemeleri i\u00e7eren kanun maddesi, AKP\u2019nin oylar\u0131yla reddedildi. CHP&#8217;li milletvekilleriyle farkl\u0131 oy kullanmaya al\u0131\u015fk\u0131n olan AKP&#8217;liler kendi tekliflerini reddettiklerini fark edince Meclis Ba\u015fkanvekili AKP&#8217;li Sad\u0131k Yakut&#8217;a itiraz etti.<\/p>\n<p>Yakut&#8217;un maddenin reddedildi\u011fini, yap\u0131lacak bir \u015fey olmad\u0131\u011f\u0131n\u0131 s\u00f6ylemesi \u00fczerine AKP&#8217;liler bu sefer de oylamadan \u00f6nce madde de\u011fil \u00f6nerge denildi\u011fini ileri s\u00fcrd\u00fc. Tutanaklar\u0131 kontrol eden Sad\u0131k Yakut, maddenin reddedildi\u011fini yineledi. Genel kurul s\u00fcreci tamamlanmadan, reddedilen maddeyle ilgili yeni bir form\u00fcl aran\u0131yor.<\/p>\n<p>Vatan gazetesine konu\u015fan CHP Kocaeli Milletvekili, TBMM Kit Komisyonu \u00fcyesi Haydar Akar olay hakk\u0131nda \u015funlar\u0131 s\u00f6yledi: &#8220;Muhalefet \u00f6nergesini reddeden AKP hemen sonra oylad\u0131klar\u0131 maddeyi de muhalefetin \u00f6nergesi zannederek reddetti.Kanunlar\u0131 okumuyorlar, Meclis\u2019i izlemiyorlar. Meclis salonunda bulunmuyorlar, oylama varken ko\u015fa ko\u015fa i\u00e7eri giriyorlar. Yorgunluk da olunca yine \u015fa\u015f\u0131rd\u0131lar.&#8221;<\/p>\n","protected":false},"excerpt":{"rendered":"<p>Torba yasa g\u00f6r\u00fc\u015fmeleri gece yar\u0131s\u0131na kadar devam ederken AKP&#8217;li milletvekilleri, CHP&#8217;lilerin kabul oyu verdi\u011fini g\u00f6r\u00fcnce kendi tasar\u0131 maddelerine ret oyu verdi. Durumu anlayan AKP&#8217;lilerin itirazlar\u0131 sonu\u00e7 vermedi ve kanun maddesi reddedildi.<\/p>\n","protected":false},"author":4,"featured_media":178393,"comment_status":"open","ping_status":"open","sticky":false,"template":"","format":"standard","meta":{"_acf_changed":false,"footnotes":""},"categories":[6155,5005,6202,349,6805],"tags":[9476,62823,8723,47540,24479],"class_list":["post-141190","post","type-post","status-publish","format-standard","has-post-thumbnail","hentry","category-gundem","category-manset","category-politika","category-son-dakika","category-turkiye","tag-akp","tag-akp-chp","tag-chp","tag-chp-akp","tag-sadik-yakut"],"acf":[],"_links":{"self":[{"href":"https:\/\/www.nationalturk.com\/tr\/wp-json\/wp\/v2\/posts\/141190","targetHints":{"allow":["GET"]}}],"collection":[{"href":"https:\/\/www.nationalturk.com\/tr\/wp-json\/wp\/v2\/posts"}],"about":[{"href":"https:\/\/www.nationalturk.com\/tr\/wp-json\/wp\/v2\/types\/post"}],"author":[{"embeddable":true,"href":"https:\/\/www.nationalturk.com\/tr\/wp-json\/wp\/v2\/users\/4"}],"replies":[{"embeddable":true,"href":"https:\/\/www.nationalturk.com\/tr\/wp-json\/wp\/v2\/comments?post=141190"}],"version-history":[{"count":0,"href":"https:\/\/www.nationalturk.com\/tr\/wp-json\/wp\/v2\/posts\/141190\/revisions"}],"wp:featuredmedia":[{"embeddable":true,"href":"https:\/\/www.nationalturk.com\/tr\/wp-json\/wp\/v2\/media\/178393"}],"wp:attachment":[{"href":"https:\/\/www.nationalturk.com\/tr\/wp-json\/wp\/v2\/media?parent=141190"}],"wp:term":[{"taxonomy":"category","embeddable":true,"href":"https:\/\/www.nationalturk.com\/tr\/wp-json\/wp\/v2\/categories?post=141190"},{"taxonomy":"post_tag","embeddable":true,"href":"https:\/\/www.nationalturk.com\/tr\/wp-json\/wp\/v2\/tags?post=141190"}],"curies":[{"name":"wp","href":"https:\/\/api.w.org\/{rel}","templated":true}]}}