{"id":141395,"date":"2013-07-09T19:41:08","date_gmt":"2013-07-09T16:41:08","guid":{"rendered":"http:\/\/www.nationalturk.com\/?p=141395"},"modified":"2022-09-14T16:14:20","modified_gmt":"2022-09-14T13:14:20","slug":"yeni-bir-turkiye-azerbaycan-kardesligi-daha-olusuyor-141395","status":"publish","type":"post","link":"https:\/\/www.nationalturk.com\/tr\/yeni-bir-turkiye-azerbaycan-kardesligi-daha-olusuyor-141395\/","title":{"rendered":"Yeni bir T\u00fcrkiye &#8211; Azerbaycan karde\u015fli\u011fi daha olu\u015fuyor!"},"content":{"rendered":"<h1><img loading=\"lazy\" decoding=\"async\" class=\"alignleft size-medium wp-image-141396\" alt=\"turkiye-azerbaycan\" src=\"http:\/\/www.nationalturk.com\/tr\/wp-content\/uploads\/2013\/07\/turkiye-azerbaycan-280x171.jpg\" width=\"280\" height=\"171\" title=\"\" srcset=\"https:\/\/www.nationalturk.com\/tr\/wp-content\/uploads\/2013\/07\/turkiye-azerbaycan-280x171.jpg 280w, https:\/\/www.nationalturk.com\/tr\/wp-content\/uploads\/2013\/07\/turkiye-azerbaycan.jpg 480w\" sizes=\"auto, (max-width: 280px) 100vw, 280px\" \/>Meram Belediyesi ile Azerbaycan\u2019\u0131n \u015eeki Belediyesi aras\u0131ndaki karde\u015f \u015fehir ili\u015fkisi geli\u015fiyor.<\/h1>\n<p>Meram Belediye Ba\u015fkan\u0131 Dr. Serdar Kalayc\u0131, Konya topra\u011f\u0131n\u0131 karde\u015f \u00fclke topraklar\u0131na b\u0131rakt\u0131.\u00a0Konya Ka\u015f\u0131ks Ekibi, \u015eeki&#8217;de d\u00fczenlenen festivalde en fazla be\u011feni toplayan grup oldu.<\/p>\n<p>Meram ve \u015eeki Belediyeleri aras\u0131ndaki karde\u015fli\u011fin her ge\u00e7en g\u00fcn daha da peki\u015ftirildi\u011fini s\u00f6yleyen Ba\u015fkan Serdar Kalayc\u0131, &#8220;\u015eeki Belediyesi ile ge\u00e7ti\u011fimiz y\u0131l Eyl\u00fcl ay\u0131nda karde\u015f \u015fehir protokol\u00fcn\u00fc imzalad\u0131k. Konya&#8217;da karde\u015fli\u011fimizin an\u0131s\u0131na Azerbaycan \u015eeki Park\u0131&#8217;n\u0131 hizmete a\u00e7t\u0131k. \u015eeki&#8217;den gelen heyeti Konya\u2019da misafir ettik. Yine karde\u015fli\u011fimizin hat\u0131ras\u0131na il\u00e7emizdeki b\u00fcy\u00fck bir ana cadde &#8216;Azerbaycan Caddesi&#8217; ismini ta\u015f\u0131yor. B\u00fct\u00fcn bunlar g\u00fczel an\u0131lar olarak kal\u0131rken kalbimizde ve g\u00f6nl\u00fcm\u00fczde her zaman yeriniz sabittir. Burada b\u00f6yle g\u00fczel bir festivalin yap\u0131lmas\u0131nda eme\u011fi ge\u00e7en \u015eeki Valimiz Say\u0131n Elhan Usubov&#8217;a te\u015fekk\u00fcr ediyor ve bizleri 5 g\u00fcn boyunca a\u011f\u0131rlad\u0131\u011f\u0131 i\u00e7in \u015f\u00fckranlar\u0131m\u0131 sunuyorum. Millet olarak Azeri karde\u015flerimizi \u00e7ok seviyoruz. Hepiniz g\u00f6nl\u00fcm\u00fczdesiniz. Birli\u011fimiz, beraberli\u011fimiz, huzurumuz ve sa\u011fl\u0131\u011f\u0131m\u0131z hi\u00e7bir zaman bozulmas\u0131n. Ya\u015fas\u0131n T\u00fcrkiye &#8211; Azerbaycan dostlu\u011fu ve karde\u015fli\u011fi.&#8221; dedi.<\/p>\n<p>\u0130pek Yolu Festivali&#8217;nin art\u0131k geleneksel oldu\u011funu belirten \u015eeki Valisi Elhan Usubov ise, &#8220;Sizleri g\u00fczel \u015fehrimiz \u015eeki\u2019de a\u011f\u0131rlamaktan b\u00fcy\u00fck memnuniyet duyuyoruz. 4. \u0130pek Yolu M\u00fczik Festivali\u2019nin en b\u00fcy\u00fck konu\u011fu T\u00fcrkiye\u2019dir. Bu T\u00fcrkiye Cumhuriyeti\u2019nin bize kar\u015f\u0131 b\u00fcy\u00fck bir dostlu\u011fudur. \u0130ki devlet aras\u0131ndaki dostluk g\u00fcnden g\u00fcne daha da ileriye gitmektedir.&#8221; diye konu\u015ftu.<\/p>\n<p>Konu\u015fmalardan sonra Ba\u015fkan Kalayc\u0131, Vali Usubov&#8217;a,ya\u011fl\u0131 boya tablo ve kara kalem portresi ile ney ve Meram kitab\u0131 takdim etti. Vali Usubov da Kalayc\u0131&#8217;ya \u015eeki&#8217;yi anlatan yay\u0131nlar hediye etti.<\/p>\n<p>Meram Belediye Ba\u015fkan\u0131 Dr. Serdar Kalayc\u0131 taraf\u0131ndan Meram&#8217;dan getirilen toprak d\u00fczenlenen t\u00f6renle \u015eeki \u015fehrinin meydan\u0131nda bulunan b\u00fcy\u00fck bir parka b\u0131rak\u0131ld\u0131.<\/p>\n<p>&#8220;T\u00fcrkiye Cumhuriyeti topraklar\u0131na g\u00f6z\u00fcm\u00fcz gibi bakaca\u011f\u0131z&#8221; diyen \u015eeki Belediye Ba\u015fkan\u0131 Fikret Caferov, \u201cDe\u011ferli belediye ba\u015fkan\u0131m, sizler T\u00fcrk topra\u011f\u0131n\u0131 getirdiniz ve \u015fehrimize b\u0131rakt\u0131n\u0131z. Biz de k\u0131sa bir s\u00fcre \u00f6nce Konya&#8217;ya Azerbaycan topra\u011f\u0131n\u0131 b\u0131rakt\u0131k. Bu topra\u011f\u0131n\u0131z\u0131 sonsuza kadar koruyaca\u011f\u0131z. \u0130ki karde\u015f milletin dostlu\u011fu ebedi olsun. Ya\u015fas\u0131n T\u00fcrkiye, Ya\u015fas\u0131n Azerbaycan.\u201d dedi.<\/p>\n<!-- Error, Advert is not available at this time due to schedule\/geolocation restrictions! -->\n","protected":false},"excerpt":{"rendered":"<p> Meram Belediyesi ile Azerbaycan\u2019\u0131n \u015eeki Belediyesi aras\u0131ndaki karde\u015f \u015fehir ili\u015fkisi geli\u015fiyor.<\/p>\n","protected":false},"author":9192221,"featured_media":178368,"comment_status":"open","ping_status":"open","sticky":false,"template":"","format":"standard","meta":{"_acf_changed":false,"footnotes":""},"categories":[6770,6155,5005,6202,6805],"tags":[1958,760,195938],"class_list":["post-141395","post","type-post","status-publish","format-standard","has-post-thumbnail","hentry","category-avrupa","category-gundem","category-manset","category-politika","category-turkiye","tag-azerbaycan","tag-konya","tag-turkiye"],"acf":[],"_links":{"self":[{"href":"https:\/\/www.nationalturk.com\/tr\/wp-json\/wp\/v2\/posts\/141395","targetHints":{"allow":["GET"]}}],"collection":[{"href":"https:\/\/www.nationalturk.com\/tr\/wp-json\/wp\/v2\/posts"}],"about":[{"href":"https:\/\/www.nationalturk.com\/tr\/wp-json\/wp\/v2\/types\/post"}],"author":[{"embeddable":true,"href":"https:\/\/www.nationalturk.com\/tr\/wp-json\/wp\/v2\/users\/9192221"}],"replies":[{"embeddable":true,"href":"https:\/\/www.nationalturk.com\/tr\/wp-json\/wp\/v2\/comments?post=141395"}],"version-history":[{"count":0,"href":"https:\/\/www.nationalturk.com\/tr\/wp-json\/wp\/v2\/posts\/141395\/revisions"}],"wp:featuredmedia":[{"embeddable":true,"href":"https:\/\/www.nationalturk.com\/tr\/wp-json\/wp\/v2\/media\/178368"}],"wp:attachment":[{"href":"https:\/\/www.nationalturk.com\/tr\/wp-json\/wp\/v2\/media?parent=141395"}],"wp:term":[{"taxonomy":"category","embeddable":true,"href":"https:\/\/www.nationalturk.com\/tr\/wp-json\/wp\/v2\/categories?post=141395"},{"taxonomy":"post_tag","embeddable":true,"href":"https:\/\/www.nationalturk.com\/tr\/wp-json\/wp\/v2\/tags?post=141395"}],"curies":[{"name":"wp","href":"https:\/\/api.w.org\/{rel}","templated":true}]}}