{"id":141543,"date":"2013-07-10T18:14:28","date_gmt":"2013-07-10T15:14:28","guid":{"rendered":"http:\/\/www.nationalturk.com\/?p=141543"},"modified":"2023-11-20T01:03:56","modified_gmt":"2023-11-19T22:03:56","slug":"divan-otelinden-gezi-parki-aciklamasi","status":"publish","type":"post","link":"https:\/\/www.nationalturk.com\/tr\/divan-otelinden-gezi-parki-aciklamasi\/","title":{"rendered":"Divan Oteli&#8217;nden Gezi Park\u0131 a\u00e7\u0131klamas\u0131"},"content":{"rendered":"<h1><img loading=\"lazy\" decoding=\"async\" class=\"alignnone size-full wp-image-141544\" alt=\"Divan Oteli\" src=\"http:\/\/www.nationalturk.com\/tr\/wp-content\/uploads\/2013\/07\/divan_oteli_gaz.jpg\" width=\"610\" height=\"404\" title=\"\" srcset=\"https:\/\/www.nationalturk.com\/tr\/wp-content\/uploads\/2013\/07\/divan_oteli_gaz.jpg 610w, https:\/\/www.nationalturk.com\/tr\/wp-content\/uploads\/2013\/07\/divan_oteli_gaz-280x185.jpg 280w, https:\/\/www.nationalturk.com\/tr\/wp-content\/uploads\/2013\/07\/divan_oteli_gaz-603x400.jpg 603w\" sizes=\"auto, (max-width: 610px) 100vw, 610px\" \/><\/h1>\n<h1>Gezi Park\u0131&#8217;n\u0131n hemen kar\u015f\u0131s\u0131nda yer alan ve eylemler s\u0131ras\u0131nda g\u00f6stericilerin s\u0131\u011f\u0131nd\u0131\u011f\u0131, zaman zaman da revir olarak kullan\u0131ld\u0131\u011f\u0131 i\u00e7in Ba\u015fbakan Erdo\u011fan ve AKP \u00e7evreleri taraf\u0131ndan ele\u015ftirilen Divan Oteli bir a\u00e7\u0131klama yapt\u0131.<\/h1>\n<p>A\u00e7\u0131klamada &#8220;Divan \u0130stanbul Oteli&#8217;mizin g\u00f6sterdi\u011fi insani yakla\u015f\u0131m\u0131n maksad\u0131ndan \u00e7ok uzak karalay\u0131c\u0131 ama\u00e7lar ile ba\u011fda\u015ft\u0131r\u0131ld\u0131\u011f\u0131n\u0131 \u00fcz\u00fclerek izlemekteyiz&#8221; denildi.<\/p>\n<p>Divan Oteli taraf\u0131ndan yap\u0131lan a\u00e7\u0131klama \u015f\u00f6yle;<\/p>\n<p>&#8220;\u00d6zellikle son g\u00fcnlerde, bu as\u0131ls\u0131z iddialar ger\u00e7ek d\u0131\u015f\u0131 g\u00f6r\u00fcnt\u00fc ve foto\u011fraflar e\u015fli\u011finde kamuoyu ile payla\u015f\u0131lm\u0131\u015ft\u0131r. Divan \u0130stanbul\u2019un odalar\u0131 denilerek televizyonlara da\u011f\u0131t\u0131lan \u201cmolotof kokteyli\u201d g\u00f6r\u00fclen oda kay\u0131tlar\u0131 Divan \u0130stanbul\u2019a ait olmay\u0131p, tersinin kan\u0131tlanmas\u0131 bu kadar kolay olan bilgilerin bile \u00e7arp\u0131t\u0131ld\u0131\u011f\u0131n\u0131 g\u00f6rmek \u00fcz\u00fcc\u00fc ve y\u0131prat\u0131c\u0131d\u0131r.<\/p>\n<p>Keza, otelimizin \u00f6n\u00fcndeki otoparkta Gezi Park\u0131 olaylar\u0131 \u00f6ncesindeki g\u00fcnlerde haz\u0131rl\u0131k yap\u0131ld\u0131\u011f\u0131, otopark\u0131n \u00f6nceden hastane haline getirildi\u011fi, iki bin sedyenin haz\u0131rland\u0131\u011f\u0131, kumanya da\u011f\u0131t\u0131ld\u0131\u011f\u0131, para da\u011f\u0131t\u0131ld\u0131\u011f\u0131 ve bunun gibi s\u00f6ylemlerin t\u00fcm\u00fc ger\u00e7ek d\u0131\u015f\u0131d\u0131r. Bahsi ge\u00e7en ve otelimizin \u00f6n\u00fcndeki otopark \u0130stanbul B\u00fcy\u00fck\u015fehir Belediyesi i\u015ftiraki \u0130SPARK taraf\u0131ndan i\u015fletilmekte olup, olaylar\u0131n \u00f6ncesi g\u00fcnlerdeki kamera kay\u0131tlar\u0131 da kolayl\u0131kla sa\u011flanabilir.<\/p>\n<p>\u0130stanbul\u2019un ilk otellerinden biri olarak bundan 60 y\u0131l \u00f6nce in\u015fa edilen Divan \u0130stanbul, kuruldu\u011fu g\u00fcnden beri T\u00fcrk misafirperverli\u011finin en iyi \u00f6rneklerini ya\u015fatmakta, Ko\u00e7 Toplulu\u011fu\u2019nun bir par\u00e7as\u0131 olarak t\u00fcm insani, etik ve vicdani de\u011ferlere ba\u011fl\u0131l\u0131kla faaliyetlerini y\u00fcr\u00fctmektedir.<\/p>\n<p>Bu vesileyle, t\u00fcm ger\u00e7ek d\u0131\u015f\u0131 ithamlar kar\u015f\u0131s\u0131nda hukuki haklar\u0131m\u0131z\u0131 sonuna kadar savunaca\u011f\u0131m\u0131z\u0131n bilinmesini isteriz.&#8221;<\/p>\n","protected":false},"excerpt":{"rendered":"<p>Gezi Park\u0131&#8217;n\u0131n hemen kar\u015f\u0131s\u0131nda yer alan ve eylemler s\u0131ras\u0131nda g\u00f6stericilerin s\u0131\u011f\u0131nd\u0131\u011f\u0131, zaman zaman da revir olarak kullan\u0131ld\u0131\u011f\u0131 i\u00e7in Ba\u015fbakan Erdo\u011fan ve AKP \u00e7evreleri taraf\u0131ndan ele\u015ftirilen Divan Oteli bir a\u00e7\u0131klama yapt\u0131.<\/p>\n","protected":false},"author":4,"featured_media":141544,"comment_status":"open","ping_status":"open","sticky":false,"template":"","format":"standard","meta":{"_acf_changed":false,"footnotes":""},"categories":[221420,6155,5005,6202,349,6805],"tags":[3888,1109,73485],"class_list":["post-141543","post","type-post","status-publish","format-standard","has-post-thumbnail","hentry","category-gezi-parki-olaylari","category-gundem","category-manset","category-politika","category-son-dakika","category-turkiye","tag-basbakan-erdogan","tag-divan-oteli","tag-koc"],"acf":[],"_links":{"self":[{"href":"https:\/\/www.nationalturk.com\/tr\/wp-json\/wp\/v2\/posts\/141543","targetHints":{"allow":["GET"]}}],"collection":[{"href":"https:\/\/www.nationalturk.com\/tr\/wp-json\/wp\/v2\/posts"}],"about":[{"href":"https:\/\/www.nationalturk.com\/tr\/wp-json\/wp\/v2\/types\/post"}],"author":[{"embeddable":true,"href":"https:\/\/www.nationalturk.com\/tr\/wp-json\/wp\/v2\/users\/4"}],"replies":[{"embeddable":true,"href":"https:\/\/www.nationalturk.com\/tr\/wp-json\/wp\/v2\/comments?post=141543"}],"version-history":[{"count":0,"href":"https:\/\/www.nationalturk.com\/tr\/wp-json\/wp\/v2\/posts\/141543\/revisions"}],"wp:featuredmedia":[{"embeddable":true,"href":"https:\/\/www.nationalturk.com\/tr\/wp-json\/wp\/v2\/media\/141544"}],"wp:attachment":[{"href":"https:\/\/www.nationalturk.com\/tr\/wp-json\/wp\/v2\/media?parent=141543"}],"wp:term":[{"taxonomy":"category","embeddable":true,"href":"https:\/\/www.nationalturk.com\/tr\/wp-json\/wp\/v2\/categories?post=141543"},{"taxonomy":"post_tag","embeddable":true,"href":"https:\/\/www.nationalturk.com\/tr\/wp-json\/wp\/v2\/tags?post=141543"}],"curies":[{"name":"wp","href":"https:\/\/api.w.org\/{rel}","templated":true}]}}