{"id":141747,"date":"2013-07-12T10:34:12","date_gmt":"2013-07-12T07:34:12","guid":{"rendered":"http:\/\/www.nationalturk.com\/?p=141747"},"modified":"2013-07-12T10:34:12","modified_gmt":"2013-07-12T07:34:12","slug":"hatayda-olayli-gece-jandarma-destekli-polis-eyleme-mudahale-etti-141747","status":"publish","type":"post","link":"https:\/\/www.nationalturk.com\/tr\/hatayda-olayli-gece-jandarma-destekli-polis-eyleme-mudahale-etti-141747\/","title":{"rendered":"Hatay&#8217;da olayl\u0131 gece! Jandarma destekli polis eyleme m\u00fcdahale etti"},"content":{"rendered":"<h1><img loading=\"lazy\" decoding=\"async\" class=\"alignnone size-full wp-image-141748\" alt=\"\" src=\"http:\/\/www.nationalturk.com\/tr\/wp-content\/uploads\/2013\/07\/toma_hatay_gezi_parki.jpg\" width=\"610\" height=\"373\" title=\"\"><\/h1>\n<h1>Eski\u015fehir&#8217;de hayat\u0131n\u0131 kaybeden ve d\u00fcn Hatay&#8217;da topra\u011fa verilen Ali \u0130smail Korkmaz&#8217;\u0131n cenaze t\u00f6reni sonras\u0131 Hatay&#8217;da olaylar \u00e7\u0131kt\u0131. Polis ekipleri, jandarman\u0131n deste\u011fiyle eylem yapan gruba m\u00fcdahale etti.<\/h1>\n<p><img loading=\"lazy\" decoding=\"async\" class=\"alignleft size-medium wp-image-141749\" alt=\"\" src=\"http:\/\/www.nationalturk.com\/tr\/wp-content\/uploads\/2013\/07\/jandarma_gezi_parki-280x199.jpg\" width=\"280\" height=\"199\" title=\"\" srcset=\"https:\/\/www.nationalturk.com\/tr\/wp-content\/uploads\/2013\/07\/jandarma_gezi_parki-280x199.jpg 280w, https:\/\/www.nationalturk.com\/tr\/wp-content\/uploads\/2013\/07\/jandarma_gezi_parki-561x400.jpg 561w, https:\/\/www.nationalturk.com\/tr\/wp-content\/uploads\/2013\/07\/jandarma_gezi_parki.jpg 800w\" sizes=\"auto, (max-width: 280px) 100vw, 280px\" \/>Gezi park\u0131 protestolar\u0131nda a\u011f\u0131r yaralan\u0131p, tedavi g\u00f6rd\u00fc\u011f\u00fc hastanede 38 g\u00fcn sonra \u00f6len Ali \u0130smail Korkmaz&#8217;\u0131n Hatay&#8217;da d\u00fczenlenen cenaze t\u00f6reni sonras\u0131 eylem yapan yakla\u015f\u0131k 3 bin ki\u015filik grup Armutlu mahallesinde topland\u0131. Polisin da\u011f\u0131l\u0131n uyar\u0131s\u0131na grup barikat kurarak kar\u015f\u0131l\u0131k verdi.<\/p>\n<p>Yakla\u015f\u0131k 4 saat s\u00fcren beklemenin ard\u0131ndan, da\u011f\u0131lmamakta \u0131srar eden gruplara, polis tazyikli su ve biber gaz\u0131yla m\u00fcdahale etti. M\u00fcdahalenin ard\u0131ndan panzer ve TOMA barikat\u0131 da\u011f\u0131tt\u0131.<\/p>\n<p>Polis m\u00fcdahalesi s\u0131ras\u0131nda jandarma timleri de haz\u0131r bekletildi. M\u00fcdahalenin ard\u0131ndan gruplar ara sokaklara da\u011f\u0131ld\u0131 ve \u00e7at\u0131\u015fmalar gece ge\u00e7 saatlere kadar devam etti.<\/p>\n<!-- Error, Advert is not available at this time due to schedule\/geolocation restrictions! -->\n","protected":false},"excerpt":{"rendered":"<p>Eski\u015fehir&#8217;de hayat\u0131n\u0131 kaybeden ve d\u00fcn Hatay&#8217;da topra\u011fa verilen Ali \u0130smail Korkmaz&#8217;\u0131n cenaze t\u00f6reni sonras\u0131 Hatay&#8217;da olaylar \u00e7\u0131kt\u0131. Polis ekipleri, jandarman\u0131n deste\u011fiyle eylem yapan gruba m\u00fcdahale etti.<\/p>\n","protected":false},"author":4,"featured_media":141748,"comment_status":"open","ping_status":"open","sticky":false,"template":"","format":"standard","meta":{"_acf_changed":false,"footnotes":""},"categories":[6155,5005,6202,349,6805],"tags":[134880,135075,92829,1396,135179,129376,20470,129483],"class_list":["post-141747","post","type-post","status-publish","format-standard","has-post-thumbnail","hentry","category-gundem","category-manset","category-politika","category-son-dakika","category-turkiye","tag-ali-ismail-korkmaz","tag-ali-ismail-korkmaz-cenaze","tag-gezi-parki","tag-hatay","tag-hatay-armutlu","tag-hatay-olaylar","tag-jandarma","tag-toma"],"acf":[],"_links":{"self":[{"href":"https:\/\/www.nationalturk.com\/tr\/wp-json\/wp\/v2\/posts\/141747","targetHints":{"allow":["GET"]}}],"collection":[{"href":"https:\/\/www.nationalturk.com\/tr\/wp-json\/wp\/v2\/posts"}],"about":[{"href":"https:\/\/www.nationalturk.com\/tr\/wp-json\/wp\/v2\/types\/post"}],"author":[{"embeddable":true,"href":"https:\/\/www.nationalturk.com\/tr\/wp-json\/wp\/v2\/users\/4"}],"replies":[{"embeddable":true,"href":"https:\/\/www.nationalturk.com\/tr\/wp-json\/wp\/v2\/comments?post=141747"}],"version-history":[{"count":0,"href":"https:\/\/www.nationalturk.com\/tr\/wp-json\/wp\/v2\/posts\/141747\/revisions"}],"wp:featuredmedia":[{"embeddable":true,"href":"https:\/\/www.nationalturk.com\/tr\/wp-json\/wp\/v2\/media\/141748"}],"wp:attachment":[{"href":"https:\/\/www.nationalturk.com\/tr\/wp-json\/wp\/v2\/media?parent=141747"}],"wp:term":[{"taxonomy":"category","embeddable":true,"href":"https:\/\/www.nationalturk.com\/tr\/wp-json\/wp\/v2\/categories?post=141747"},{"taxonomy":"post_tag","embeddable":true,"href":"https:\/\/www.nationalturk.com\/tr\/wp-json\/wp\/v2\/tags?post=141747"}],"curies":[{"name":"wp","href":"https:\/\/api.w.org\/{rel}","templated":true}]}}