{"id":141806,"date":"2013-07-12T15:36:17","date_gmt":"2013-07-12T12:36:17","guid":{"rendered":"http:\/\/www.nationalturk.com\/?p=141806"},"modified":"2013-07-12T16:17:42","modified_gmt":"2013-07-12T13:17:42","slug":"torba-kanun-tbmmde-kabul-edildi-ve-yasalasti-141806","status":"publish","type":"post","link":"https:\/\/www.nationalturk.com\/tr\/torba-kanun-tbmmde-kabul-edildi-ve-yasalasti-141806\/","title":{"rendered":"Torba Kanun TBMM&#8217;de kabul edildi ve yasala\u015ft\u0131"},"content":{"rendered":"<h1><img loading=\"lazy\" decoding=\"async\" class=\"alignleft size-medium wp-image-141807\" alt=\"\" src=\"http:\/\/www.nationalturk.com\/tr\/wp-content\/uploads\/2013\/07\/tbmm__genel-280x186.jpg\" width=\"280\" height=\"186\" title=\"\" srcset=\"https:\/\/www.nationalturk.com\/tr\/wp-content\/uploads\/2013\/07\/tbmm__genel-280x186.jpg 280w, https:\/\/www.nationalturk.com\/tr\/wp-content\/uploads\/2013\/07\/tbmm__genel.jpg 420w\" sizes=\"auto, (max-width: 280px) 100vw, 280px\" \/>80 kanunda d\u00fczenlemeyi i\u00e7eren &#8216;Torba Kanun&#8217; teklifi, TBMM Genel Kurulu&#8217;nda kabul edilerek yasala\u015ft\u0131.<\/h1>\n<p>S\u00fcr\u00fcc\u00fc belgelerinden 100 bin s\u00f6zle\u015fmeli personelin kadroya al\u0131nmas\u0131na, \u015fehit yak\u0131n\u0131, gazi, muhtar ve k\u00f6y korucular\u0131na yeni haklardan meralar\u0131n ge\u00e7ici yerle\u015fime a\u00e7\u0131lmas\u0131na kadar 80 kanunda d\u00fczenlemeyi i\u00e7eren &#8220;Torba Kanun&#8221; teklifi, TBMM Genel Kurulu&#8217;nda kabul edilerek yasala\u015ft\u0131.<\/p>\n<p>Aile ve Sosyal Politikalar Bakan\u0131 Fatma \u015eahin, &#8220;torba kanunla&#8221; 33 bin 674 vatanda\u015f\u0131n ayl\u0131\u011f\u0131nda 200 TL ile 400 TL aras\u0131nda art\u0131\u015f sa\u011flad\u0131klar\u0131n\u0131 belirterek, &#8220;3 bin 744 karde\u015fimizin anne ve babas\u0131, muhta\u00e7l\u0131k \u015fart\u0131 kald\u0131r\u0131ld\u0131\u011f\u0131 i\u00e7in maa\u015f imkan\u0131na kavu\u015ftu. Ter\u00f6r ma\u011fduru 2 bin 600 vatanda\u015f\u0131m\u0131za, sosyal g\u00fcvencesine bak\u0131lmaks\u0131z\u0131n maa\u015f ba\u011flanacak. 8 bin 656 vatanda\u015f\u0131m\u0131za da faizsiz konut kredisi imkan\u0131 sa\u011flanm\u0131\u015ft\u0131r&#8221; dedi.<\/p>\n<p>\u015eahin, Baz\u0131 Kanun ve Kanun H\u00fckm\u00fcnde Kararnamelerde De\u011fi\u015fiklik Yap\u0131lmas\u0131na Dair Kanun&#8217;un kabul edilmesinin ard\u0131ndan TBMM Genel Kurulu&#8217;nda te\u015fekk\u00fcr konu\u015fmas\u0131 yapt\u0131.<\/p>\n<p>Sosyal devlet olman\u0131n, sosyal adaleti ve bar\u0131\u015f\u0131 sa\u011flaman\u0131n bir \u00fclkenin medeniyet \u00e7izgisiyle direkt alakal\u0131 oldu\u011funu belirten \u015eahin, ekonomik kalk\u0131nmayla beraber, insani geli\u015fmi\u015flik kriterlerini beraber g\u00f6t\u00fcrmenin, yoksulun, yetimin, ya\u015fl\u0131n\u0131n yan\u0131nda olman\u0131n, devletin \u015fefkat elini onlar\u0131n onurluca ya\u015fam m\u00fccadelelerinde hissettirmenin, hem bu Parlamento&#8217;nun hem H\u00fck\u00fcmetin hem de devletin en temel g\u00f6revi oldu\u011funu kaydetti.<\/p>\n<p>\u015eahin, 2 y\u0131l \u00f6nce bakanl\u0131\u011f\u0131 yeniden yap\u0131land\u0131r\u0131l\u0131p \u015fehit yak\u0131nlar\u0131 ve gaziler ile ilgili b\u00f6l\u00fcm kendilerine ba\u011flan\u0131nca, 6 ayl\u0131k mutfak \u00e7al\u0131\u015fmas\u0131ndan sonra hem hukuki d\u00fczenlemelerde hem de uygulamalardaki eksikliklerin raporlamas\u0131n\u0131 yapt\u0131klar\u0131n\u0131 ve Ba\u015fbakan Recep Tayyip Erdo\u011fan&#8217;a sunduklar\u0131n\u0131 s\u00f6yledi.<\/p>\n<p>Erdo\u011fan&#8217;\u0131n &#8220;\u015eehitlerimiz, gazilerimiz, \u015fehit yak\u0131nlar\u0131 ve onlar\u0131n \u00e7ocuklar\u0131 onlar\u0131n bize emanetidir, ba\u015f\u0131m\u0131z\u0131n tac\u0131d\u0131r. \u015eehit yak\u0131nlar\u0131, aileleri, \u00e7ocuklar\u0131 bizim \u00e7ocuklar\u0131m\u0131zd\u0131r. Gere\u011fi neyse en g\u00fc\u00e7l\u00fc \u015fekilde yap\u0131ls\u0131n&#8221; talimat\u0131 \u00fczerine, bu iki \u00f6nemli d\u00fczenlemeyi getirdiklerini ifade eden \u015eahin, ge\u00e7en y\u0131l bu zamanlarda paketin ilk b\u00f6l\u00fcm\u00fcn\u00fc \u00e7\u0131karmay\u0131 ba\u015fard\u0131klar\u0131n\u0131 bildirdi. \u015eahin, &#8220;\u00c7ok insani ve vicdani bir bakanl\u0131k b\u00fcnyesinde \u00e7al\u0131\u015f\u0131yoruz. Meclis&#8217;in bu konudaki hassasiyeti, Say\u0131n Ba\u015fbakan\u0131m\u0131z\u0131n, Meclis Ba\u015fkan\u0131m\u0131z\u0131n, Meclis ba\u015fkanvekilimizin, Plan ve B\u00fct\u00e7e Komisyon Ba\u015fkan\u0131m\u0131z\u0131n, b\u00fct\u00fcn genel ba\u015fkanlar\u0131n ve geceyi g\u00fcnd\u00fcz yapan de\u011ferli milletvekillerimizin \u00e7ok b\u00fcy\u00fck gayretiyle bug\u00fcn bunu ba\u015fard\u0131k&#8221; dedi.<\/p>\n<p>Fatma \u015eahin, \u015f\u00f6yle konu\u015ftu:<\/p>\n<p>&#8220;33 bin 674 karde\u015fimizin ayl\u0131\u011f\u0131nda 200 TL ile 400 TL aras\u0131nda art\u0131\u015f sa\u011flad\u0131k. 3 bin 744 karde\u015fimizin anne ve babas\u0131, muhta\u00e7l\u0131k \u015fart\u0131 kald\u0131r\u0131ld\u0131\u011f\u0131 i\u00e7in maa\u015f imkan\u0131na kavu\u015ftu. Ter\u00f6r ma\u011fduru 2 bin 600 vatanda\u015f\u0131m\u0131za, sosyal g\u00fcvencesine bak\u0131lmaks\u0131z\u0131n maa\u015f ba\u011flanacak. 8 bin 656 vatanda\u015f\u0131m\u0131za da faizsiz konut kredisi imkan\u0131 sa\u011flanm\u0131\u015ft\u0131r.<\/p>\n<p>Yakla\u015f\u0131k 10 milyon engellinin, ya\u015fl\u0131n\u0131n, \u015fehit yak\u0131n\u0131 ve gazimizin \u00fccretsiz seyahat hakk\u0131ndan yararlanmas\u0131 imkan\u0131 getirildi. Ek \u00f6deme ve e\u011fitim yard\u0131m\u0131 alamayan 5 bin 697 karde\u015fimize bu imkan sa\u011flanm\u0131\u015ft\u0131 ve istihdam onlar\u0131n en temel beklentisi idi. Bug\u00fcn bu yapt\u0131\u011f\u0131m\u0131z d\u00fczenleme ile de 18 bin istihdam hakk\u0131n\u0131 53 bine \u00e7\u0131kard\u0131k. M\u00fcbarek Ramazan ay\u0131nday\u0131z. Bug\u00fcn bu \u00e7\u0131kard\u0131\u011f\u0131m\u0131z kabul oylar\u0131m\u0131zla \u015fehitlerimizin \u015fefaatini ve onlar\u0131n \u00e7ocuklar\u0131n\u0131n dualar\u0131n\u0131 alm\u0131\u015f bulunuyoruz.&#8221;<\/p>\n<p>TBMM Genel Kurulu, Ba\u015fkanvekili Sad\u0131k Yakut ba\u015fkanl\u0131\u011f\u0131nda toplanarak, &#8220;Torba Kanun&#8221; teklifini kald\u0131\u011f\u0131 yerden g\u00f6r\u00fc\u015fmeye ba\u015flad\u0131.<\/p>\n<p>AK Parti&#8217;nin, y\u00fcr\u00fcrl\u00fck maddesi \u00fczerinde verdi\u011fi \u00f6nergeyle, muhtarlar\u0131n \u00f6denek art\u0131\u015f\u0131n\u0131n y\u00fcr\u00fcrl\u00fc\u011f\u00fc yeni y\u0131la ertelendi. Kabul edilen \u00f6nergeye g\u00f6re, Bakanlar Kurulu&#8217;nun, muhtarlar\u0131n 460 liral\u0131k \u00f6denek tutar\u0131n\u0131 875 liraya kadar \u00e7\u0131karmaya yetkili olmas\u0131na ili\u015fkin h\u00fck\u00fcm 15 Ocak 2014 tarihinden itibaren uygulanmaya ba\u015flanacak.<\/p>\n<p>Vazife ve harp malullerinin haklar\u0131n\u0131 geni\u015fleten d\u00fczenlemeler ise \u00f6n\u00fcm\u00fczdeki aydan itibaren ge\u00e7erli olmak \u00fczere 1 Ocak 2014 tarihinde y\u00fcr\u00fcrl\u00fc\u011fe girecek.<\/p>\n<!-- Error, Advert is not available at this time due to schedule\/geolocation restrictions! -->\n","protected":false},"excerpt":{"rendered":"<p>80 kanunda d\u00fczenlemeyi i\u00e7eren &#8216;Torba Kanun&#8217; teklifi, TBMM Genel Kurulu&#8217;nda kabul edilerek yasala\u015ft\u0131.<\/p>\n","protected":false},"author":4,"featured_media":178310,"comment_status":"open","ping_status":"open","sticky":false,"template":"","format":"standard","meta":{"_acf_changed":false,"footnotes":""},"categories":[6199,6155,5005,6202,349,6805],"tags":[9476,24479,6871,134704],"class_list":["post-141806","post","type-post","status-publish","format-standard","has-post-thumbnail","hentry","category-ekonomi","category-gundem","category-manset","category-politika","category-son-dakika","category-turkiye","tag-akp","tag-sadik-yakut","tag-tbmm","tag-torba-kanun"],"acf":[],"_links":{"self":[{"href":"https:\/\/www.nationalturk.com\/tr\/wp-json\/wp\/v2\/posts\/141806","targetHints":{"allow":["GET"]}}],"collection":[{"href":"https:\/\/www.nationalturk.com\/tr\/wp-json\/wp\/v2\/posts"}],"about":[{"href":"https:\/\/www.nationalturk.com\/tr\/wp-json\/wp\/v2\/types\/post"}],"author":[{"embeddable":true,"href":"https:\/\/www.nationalturk.com\/tr\/wp-json\/wp\/v2\/users\/4"}],"replies":[{"embeddable":true,"href":"https:\/\/www.nationalturk.com\/tr\/wp-json\/wp\/v2\/comments?post=141806"}],"version-history":[{"count":0,"href":"https:\/\/www.nationalturk.com\/tr\/wp-json\/wp\/v2\/posts\/141806\/revisions"}],"wp:featuredmedia":[{"embeddable":true,"href":"https:\/\/www.nationalturk.com\/tr\/wp-json\/wp\/v2\/media\/178310"}],"wp:attachment":[{"href":"https:\/\/www.nationalturk.com\/tr\/wp-json\/wp\/v2\/media?parent=141806"}],"wp:term":[{"taxonomy":"category","embeddable":true,"href":"https:\/\/www.nationalturk.com\/tr\/wp-json\/wp\/v2\/categories?post=141806"},{"taxonomy":"post_tag","embeddable":true,"href":"https:\/\/www.nationalturk.com\/tr\/wp-json\/wp\/v2\/tags?post=141806"}],"curies":[{"name":"wp","href":"https:\/\/api.w.org\/{rel}","templated":true}]}}