{"id":142523,"date":"2013-07-18T14:22:25","date_gmt":"2013-07-18T11:22:25","guid":{"rendered":"http:\/\/www.nationalturk.com\/?p=142523"},"modified":"2013-07-18T14:22:25","modified_gmt":"2013-07-18T11:22:25","slug":"maicon-romada-transfer-haberleri-142523","status":"publish","type":"post","link":"https:\/\/www.nationalturk.com\/tr\/maicon-romada-transfer-haberleri-142523\/","title":{"rendered":"Maicon Roma&#8217;da \/ Transfer Haberleri"},"content":{"rendered":"<h1><img loading=\"lazy\" decoding=\"async\" class=\"alignleft size-medium wp-image-142524\" alt=\"Maicon Romada\" src=\"http:\/\/www.nationalturk.com\/tr\/wp-content\/uploads\/2013\/07\/maicon_roma-e1374146308313-280x182.jpg\" width=\"280\" height=\"182\" title=\"\" srcset=\"https:\/\/www.nationalturk.com\/tr\/wp-content\/uploads\/2013\/07\/maicon_roma-e1374146308313-280x182.jpg 280w, https:\/\/www.nationalturk.com\/tr\/wp-content\/uploads\/2013\/07\/maicon_roma-e1374146308313.jpg 552w\" sizes=\"auto, (max-width: 280px) 100vw, 280px\" \/>\u0130talya Serie A tak\u0131mlar\u0131ndan Roma, Manchester City&#8217;nin Brezilyal\u0131 defans oyuncusu Maicon&#8217;u kadrosuna katt\u0131.\u00a0Maicon Roma&#8217;da \/ Transfer Haberleri&#8230;<\/h1>\n<p>Manchester City&#8217;nin internet sitesinde yer alan a\u00e7\u0131klamaya g\u00f6re, sa\u011f bek pozisyonunda bulunan Pablo Zabaleta ve Micah Richards ile forma m\u00fccadelesi veren 31 ya\u015f\u0131ndaki Maicon, ge\u00e7en sezon yaln\u0131zca 11 ma\u00e7ta oynad\u0131\u011f\u0131 i\u00e7in kariyerine Serie A ekiplerinden Roma&#8217;da devam etmeye karar verdi. Transferi onaylayan Manchester temsilcisi, Maicon&#8217;a yeni kul\u00fcb\u00fcnde \u015fans diledi.<\/p>\n<p><strong><a href=\"http:\/\/wts.com.tr\/italya-ligi-serie-a.htm\" target=\"_blank\" rel=\"noopener\">YIL BOYUNCA \u0130TALYA SER\u0130E A&#8217;YI YER\u0130NDE \u0130ZLEMEK \u0130\u00c7\u0130N TIKLAYIN<\/a><\/strong><\/p>\n<p>2012-2013 sezonunun sonunda Manchester City&#8217;nin teknik direkt\u00f6rl\u00fc\u011f\u00fcne getirilen Manuel Pellegrini, tak\u0131m\u0131n, sezon \u00f6ncesi haz\u0131rl\u0131klar\u0131 i\u00e7in gitti\u011fi G\u00fcney Afrika Cumhuriyeti&#8217;nde yapt\u0131\u011f\u0131 a\u00e7\u0131klamada, Brezilyal\u0131 defans\u0131 kadrosunda d\u00fc\u015f\u00fcnmedi\u011fini s\u00f6ylemi\u015fti.<\/p>\n<!-- Error, Advert is not available at this time due to schedule\/geolocation restrictions! -->\n","protected":false},"excerpt":{"rendered":"<p>\u0130talya Serie A tak\u0131mlar\u0131ndan Roma, Manchester City&#8217;nin Brezilyal\u0131 defans oyuncusu Maicon&#8217;u kadrosuna katt\u0131. Maicon Roma&#8217;da \/ Transfer Haberleri&#8230;<\/p>\n","protected":false},"author":4,"featured_media":178215,"comment_status":"open","ping_status":"open","sticky":false,"template":"","format":"standard","meta":{"_acf_changed":false,"footnotes":""},"categories":[6774,6194],"tags":[10,31054,70306,13,135953,20245],"class_list":["post-142523","post","type-post","status-publish","format-standard","has-post-thumbnail","hentry","category-futbol","category-spor","tag-italya","tag-maicon","tag-maicon-transfer","tag-roma","tag-roma-transfer","tag-transfer"],"acf":[],"_links":{"self":[{"href":"https:\/\/www.nationalturk.com\/tr\/wp-json\/wp\/v2\/posts\/142523","targetHints":{"allow":["GET"]}}],"collection":[{"href":"https:\/\/www.nationalturk.com\/tr\/wp-json\/wp\/v2\/posts"}],"about":[{"href":"https:\/\/www.nationalturk.com\/tr\/wp-json\/wp\/v2\/types\/post"}],"author":[{"embeddable":true,"href":"https:\/\/www.nationalturk.com\/tr\/wp-json\/wp\/v2\/users\/4"}],"replies":[{"embeddable":true,"href":"https:\/\/www.nationalturk.com\/tr\/wp-json\/wp\/v2\/comments?post=142523"}],"version-history":[{"count":0,"href":"https:\/\/www.nationalturk.com\/tr\/wp-json\/wp\/v2\/posts\/142523\/revisions"}],"wp:featuredmedia":[{"embeddable":true,"href":"https:\/\/www.nationalturk.com\/tr\/wp-json\/wp\/v2\/media\/178215"}],"wp:attachment":[{"href":"https:\/\/www.nationalturk.com\/tr\/wp-json\/wp\/v2\/media?parent=142523"}],"wp:term":[{"taxonomy":"category","embeddable":true,"href":"https:\/\/www.nationalturk.com\/tr\/wp-json\/wp\/v2\/categories?post=142523"},{"taxonomy":"post_tag","embeddable":true,"href":"https:\/\/www.nationalturk.com\/tr\/wp-json\/wp\/v2\/tags?post=142523"}],"curies":[{"name":"wp","href":"https:\/\/api.w.org\/{rel}","templated":true}]}}