{"id":142736,"date":"2013-07-19T21:58:43","date_gmt":"2013-07-19T18:58:43","guid":{"rendered":"http:\/\/www.nationalturk.com\/?p=142736"},"modified":"2013-07-19T21:58:43","modified_gmt":"2013-07-19T18:58:43","slug":"bakanlar-moskova-142736","status":"publish","type":"post","link":"https:\/\/www.nationalturk.com\/tr\/bakanlar-moskova-142736\/","title":{"rendered":"Bakanlar Moskova&#8217;da bulu\u015ftu"},"content":{"rendered":"<h1><a href=\"http:\/\/www.nationalturk.com\/tr\/wp-content\/uploads\/2013\/07\/moskova-g20-zirvesi.jpeg\"><img loading=\"lazy\" decoding=\"async\" class=\"alignleft size-medium wp-image-142737\" alt=\"Bakanlar Moskova&#039;da bulu\u015ftu\" src=\"http:\/\/www.nationalturk.com\/tr\/wp-content\/uploads\/2013\/07\/moskova-g20-zirvesi-280x186.jpeg\" width=\"280\" height=\"186\" title=\"\" srcset=\"https:\/\/www.nationalturk.com\/tr\/wp-content\/uploads\/2013\/07\/moskova-g20-zirvesi-280x186.jpeg 280w, https:\/\/www.nationalturk.com\/tr\/wp-content\/uploads\/2013\/07\/moskova-g20-zirvesi.jpeg 397w\" sizes=\"auto, (max-width: 280px) 100vw, 280px\" \/><\/a>G-20 \u00fclkeleri Ekonomi ve Maliye Bakanlar\u0131,Rusya\u2019n\u0131n ba\u015fkenti Moskova\u2019da bir araya geldi.<\/h1>\n<p>Moskova&#8217;da ger\u00e7ekle\u015fen toplant\u0131da,G 20 \u00fclkeleri \u00e7al\u0131\u015fma ve maliye bakanlar\u0131 istihdam programlar\u0131, k\u00fc\u00e7\u00fck ve orta \u00f6l\u00e7ekli i\u015fletmeler ile i\u015fsizli\u011fin azalt\u0131lmas\u0131nda te\u015fviklerin uygulanmas\u0131 konusunda anla\u015fmaya vard\u0131.<\/p>\n<p>Rusya&#8217;n\u0131n ba\u015fkenti Moskova&#8217;da d\u00fczenlenen toplant\u0131n\u0131n ard\u0131ndan yap\u0131lan a\u00e7\u0131klamada, bir\u00e7ok \u00fclkede ekonomik b\u00fcy\u00fcme oran\u0131n\u0131n \u00e7ok d\u00fc\u015f\u00fck kald\u0131\u011f\u0131 vurgulanarak, bu ba\u011flamda d\u00fczg\u00fcn makroekonomik tedbirlerin al\u0131nmas\u0131, istikrarl\u0131 kamu maliyesinin sa\u011flanmas\u0131, sa\u011fl\u0131kl\u0131 d\u00fczenleyici ortam ve yap\u0131sal reformlar\u0131n hedefe ula\u015fmak i\u00e7in \u00f6nemli oldu\u011fu belirtildi.<\/p>\n<p>T\u00fcrkiye&#8217;nin, \u00c7al\u0131\u015fma ve Sosyal G\u00fcvenlik Bakan Yard\u0131mc\u0131s\u0131 Halil Etyemez ile Hazine M\u00fcste\u015far\u0131 \u0130brahim \u00c7anakc\u0131 taraf\u0131ndan temsil edildi\u011fi toplant\u0131da, G20 \u00fclkeleri bakanl\u0131klar\u0131n\u0131n gen\u00e7ler aras\u0131nda istihdam\u0131n art\u0131r\u0131lmas\u0131, s\u00fcrekli e\u011fitim, istihdam programlar\u0131na yat\u0131r\u0131m\u0131n \u00e7o\u011falt\u0131lmas\u0131 konular\u0131nda \u00e7abalar\u0131n\u0131 yo\u011funla\u015ft\u0131rmay\u0131 taahh\u00fct ettikleri aktar\u0131ld\u0131.<\/p>\n<p>\u0130lk defa \u00e7al\u0131\u015fma ve maliye bakanlar\u0131n\u0131 bir araya getiren formatta yap\u0131lan toplant\u0131da, \u00f6zel sekt\u00f6r\u00fcn geli\u015fmesinin \u00f6n\u00fcndeki en \u00f6nemli engellerin, uygun yat\u0131r\u0131m ko\u015fullar\u0131n\u0131n olu\u015fmamas\u0131, mali kaynaklara ula\u015f\u0131m zorlu\u011fu, zay\u0131f altyap\u0131 ve nitelikli eleman azl\u0131\u011f\u0131 oldu\u011fu belirtilerek, bakanl\u0131klar\u0131n, bu problemlerin \u00e7\u00f6z\u00fcm\u00fcnde devletin rol\u00fcn\u00fc g\u00fc\u00e7lendirmeye haz\u0131r olduklar\u0131 kaydedildi.<\/p>\n<!-- Error, Advert is not available at this time due to schedule\/geolocation restrictions! -->\n","protected":false},"excerpt":{"rendered":"<p>G-20 \u00fclkeleri Ekonomi ve Maliye Bakanlar\u0131,Rusya\u2019n\u0131n ba\u015fkenti Moskova\u2019da bir araya geldi.<\/p>\n","protected":false},"author":3,"featured_media":178185,"comment_status":"open","ping_status":"open","sticky":false,"template":"","format":"standard","meta":{"_acf_changed":false,"footnotes":""},"categories":[6769,6770,6665,6199,6155,5005],"tags":[1238,721,43950],"class_list":["post-142736","post","type-post","status-publish","format-standard","has-post-thumbnail","hentry","category-asya","category-avrupa","category-dunya","category-ekonomi","category-gundem","category-manset","tag-moskova","tag-rusya","tag-rusya-moskova"],"acf":[],"_links":{"self":[{"href":"https:\/\/www.nationalturk.com\/tr\/wp-json\/wp\/v2\/posts\/142736","targetHints":{"allow":["GET"]}}],"collection":[{"href":"https:\/\/www.nationalturk.com\/tr\/wp-json\/wp\/v2\/posts"}],"about":[{"href":"https:\/\/www.nationalturk.com\/tr\/wp-json\/wp\/v2\/types\/post"}],"author":[{"embeddable":true,"href":"https:\/\/www.nationalturk.com\/tr\/wp-json\/wp\/v2\/users\/3"}],"replies":[{"embeddable":true,"href":"https:\/\/www.nationalturk.com\/tr\/wp-json\/wp\/v2\/comments?post=142736"}],"version-history":[{"count":0,"href":"https:\/\/www.nationalturk.com\/tr\/wp-json\/wp\/v2\/posts\/142736\/revisions"}],"wp:featuredmedia":[{"embeddable":true,"href":"https:\/\/www.nationalturk.com\/tr\/wp-json\/wp\/v2\/media\/178185"}],"wp:attachment":[{"href":"https:\/\/www.nationalturk.com\/tr\/wp-json\/wp\/v2\/media?parent=142736"}],"wp:term":[{"taxonomy":"category","embeddable":true,"href":"https:\/\/www.nationalturk.com\/tr\/wp-json\/wp\/v2\/categories?post=142736"},{"taxonomy":"post_tag","embeddable":true,"href":"https:\/\/www.nationalturk.com\/tr\/wp-json\/wp\/v2\/tags?post=142736"}],"curies":[{"name":"wp","href":"https:\/\/api.w.org\/{rel}","templated":true}]}}