{"id":14274,"date":"2010-02-01T18:19:23","date_gmt":"2010-02-01T16:19:23","guid":{"rendered":"http:\/\/www.nationalturk.com\/?p=14274"},"modified":"2022-09-11T13:39:01","modified_gmt":"2022-09-11T10:39:01","slug":"bdp-kongresi-2","status":"publish","type":"post","link":"https:\/\/www.nationalturk.com\/tr\/bdp-kongresi-2\/","title":{"rendered":"BDP Kongresi sona erdi"},"content":{"rendered":"<p><strong><img loading=\"lazy\" decoding=\"async\" class=\"alignleft size-medium wp-image-14276\" title=\"Selahattin Demirta\u015f\" src=\"http:\/\/www.nationalturk.com\/tr\/wp-content\/uploads\/2010\/02\/selahattin_demirtassss-279x167.jpg\" alt=\"Selahattin Demirta\u015f\" width=\"229\" height=\"220\" srcset=\"https:\/\/www.nationalturk.com\/tr\/wp-content\/uploads\/2010\/02\/selahattin_demirtassss-279x167.jpg 229w, https:\/\/www.nationalturk.com\/tr\/wp-content\/uploads\/2010\/02\/selahattin_demirtassss.jpg 343w\" sizes=\"auto, (max-width: 229px) 100vw, 229px\" \/>Bar\u0131\u015f ve Demokrasi Partisi (BDP) 1. Ola\u011fan\u00fcst\u00fc B\u00fcy\u00fck Kongresi\u2019nde yap\u0131lan se\u00e7imlerde Selahattin Demirta\u015f Genel Ba\u015fkanl\u0131\u011fa se\u00e7ildi, G\u00fcltan K\u0131\u015fanak da e\u015fba\u015fkan oldu.<\/strong><\/p>\n<p>Se\u00e7imde kay\u0131tl\u0131 457 delegeden 289\u2019u oy kulland\u0131. 288 oy ge\u00e7erli say\u0131ld\u0131.<\/p>\n<p>Kongrede Genel Ba\u015fkanl\u0131k, Parti Meclisi ve Merkez Disiplin Kurulu se\u00e7imleri birlikte yap\u0131l\u0131rken BDP\u2019nin 80 ki\u015fiden olu\u015fan Parti Meclisi listesinde \u0130stanbul Milletvekili Ufuk Uras\u0131\u2019\u0131n d\u0131\u015f\u0131nda t\u00fcm milletvekilleri yer al\u0131yor.<\/p>\n<p>Abdullah \u00d6calan\u2019\u0131n karde\u015fi Mehmet \u00d6calan da DTP\u2019de oldu\u011fu gibi BDP\u2019de de PM listesinde yer al\u0131rken Kandil ve Mahmur\u2019dan d\u00f6nenler aras\u0131nda bulunan Nizar Buldan yedek PM listesinin ba\u015f\u0131nda yer ald\u0131.<\/p>\n<p>BDP\u2019nin PM listesi \u015f\u00f6yle:\u201cG\u00fcltan K\u0131\u015fanak, Abdulkerim Bing\u00f6l, Abdullah Bozkoyun, Adnan Ekmen, Ahmet Y\u0131ld\u0131r\u0131m, Ak\u0131n Birdal, Aleddin Erdo\u011fan, Ali Oru\u00e7, Atila Koca, Ayhan Bilgen, Ayla Akat Ata, Ay\u015feg\u00fcl Devecio\u011flu, Bengi Y\u0131ld\u0131z, Bircan Demir, Cafer Akdo\u011fan, Cesim Soylu, Cihan Sincar, Demir \u00c7elik, Diyadin F\u0131rat, Emine Ayna, Emine B\u00fc\u015fra Ersanl\u0131, Fatma Ka\u015fan, Fatma Kurtulan, Ferhat \u00d6nder, Fethi G\u00fcm\u00fc\u015f, Filiz Ko\u00e7ali, Filiz Y\u0131lmaz, G\u00fclay Calap, Halil Aksoy, Hamit Geylani, Hasip Kaplan, Hatice \u00c7oban, Haydar Say\u0131l\u0131, Hayri Ate\u015f, H\u00fclya Dikme, H\u00fcseyin Altun, H\u00fcseyin Cengiz, \u0130brahim Binici, Kemal Parlak, Kemal Pek\u00f6z, Kibriye Evren, M. \u015eamil Altan, M.Nezir Karaba\u015f, M.Salih Y\u0131ld\u0131z, Mehdi Aslan, Mehmet Can Demir, Mehmet \u00d6calan, Melik \u015eeng\u00fcl, Meral Dan\u0131\u015f Be\u015fta\u015f, Mihdi Perin\u00e7ek, Murat Ka\u00e7ar, Musa Erta\u015f, Nazan \u00dcst\u00fcnda\u011f, Nazmi G\u00fcr, Nihat O\u011fra\u015f, Nizamettin \u00d6zt\u00fcrk, Nuri Yaman, Nursel Aydo\u011fan, Oktay Konyar, Osman Ergin, Osman \u00d6z\u00e7elik, \u00d6mer A\u011f\u0131n, \u00d6zdal \u00dc\u00e7er, Pervin Buldan, Ruh\u015fen Mahmuto\u011flu, Sebahat Tuncel, Selami Turan, Sevahir Bay\u0131nd\u0131r, S\u0131rr\u0131 Sak\u0131k, Sinem Ekinci, Song\u00fcl Ercan, \u015eefika G\u00fcrb\u00fcz, \u015eerafettin Halis, Tuncer Bak\u0131rhan, T\u00fcrkan Y\u00fcksel, Ye\u015fim Dorman, Y\u0131ld\u0131z Akta\u015f, Y\u00fcksel Mutlu, Zerife K\u0131ran, Zeynep \u00d6lbeci\u201d<\/p>\n","protected":false},"excerpt":{"rendered":"<p>Bar\u0131\u015f ve Demokrasi Partisi (BDP) 1. Ola\u011fan\u00fcst\u00fc B\u00fcy\u00fck Kongresi\u2019nde yap\u0131lan se\u00e7imlerde Selahattin Demirta\u015f Genel Ba\u015fkanl\u0131\u011fa se\u00e7ildi, G\u00fcltan K\u0131\u015fanak da e\u015fba\u015fkan oldu.<\/p>\n","protected":false},"author":4,"featured_media":192918,"comment_status":"open","ping_status":"open","sticky":false,"template":"","format":"standard","meta":{"_acf_changed":false,"footnotes":""},"categories":[6155,5005,6202,6805],"tags":[14988,14989,14990,13345,11849,14991,14992,14993,14994,14995,14996,15059,15058,14997,14998,14999,15000,15001,15002,15003,10717,15004,15005,15006,15007,15008,15009,15010,15011,14971,15012,15013,9884,15014,15015,15016,15017,15018,15019,15020,15021,15022,15023,15024,15025,15026,15027,15028,15029,15030,15031,15032,15033,15034,15035,15036,15037,10882,15060,13157,15038,15039,15042,15040,15041,15043,14549,15044,12756,15049,11093,15045,15050,15046,15047,11846,15048,15051,15052,12003,15053,15054,15055,15056,15057],"class_list":["post-14274","post","type-post","status-publish","format-standard","has-post-thumbnail","hentry","category-gundem","category-manset","category-politika","category-turkiye","tag-abdulkerim-bingol","tag-abdullah-bozkoyun","tag-adnan-ekmen","tag-ahmet-yildirim","tag-akin-birdal","tag-aleddin-erdogan","tag-ali-oruc","tag-atila-koca","tag-ayhan-bilgen","tag-ayla-akat-ata","tag-aysegul-devecioglu","tag-bdp-kongresi","tag-bdp-parti-meclisi","tag-bengi-yildiz","tag-bircan-demir","tag-cafer-akdogan","tag-cesim-soylu","tag-cihan-sincar","tag-demir-celik","tag-diyadin-firat","tag-emine-ayna","tag-emine-busra-ersanli","tag-fatma-kasan","tag-fatma-kurtulan","tag-ferhat-onder","tag-fethi-gumus","tag-filiz-kocali","tag-filiz-yilmaz","tag-gulay-calap","tag-gultan-kisanak","tag-halil-aksoy","tag-hamit-geylani","tag-hasip-kaplan","tag-hatice-coban","tag-haydar-sayili","tag-hayri-ates","tag-hulya-dikme","tag-huseyin-altun","tag-huseyin-cengiz","tag-ibrahim-binici","tag-kemal-parlak","tag-kemal-pekoz","tag-kibriye-evren","tag-m-samil-altan","tag-m-nezir-karabas","tag-m-salih-yildiz","tag-mehdi-aslan","tag-mehmet-can-demir","tag-mehmet-ocalan","tag-melik-sengul","tag-meral-danis-bestas","tag-mihdi-perincek","tag-murat-kacar","tag-musa-ertas","tag-nazan-ustundag","tag-nazmi-gur","tag-nihat-ogras","tag-nizamettin-ozturk","tag-nizar-buldan","tag-nuri-yaman","tag-nursel-aydogan","tag-oktay-konyar","tag-omer-agin","tag-osman-ergin","tag-osman-ozcelik","tag-ozdal-ucer","tag-pervin-buldan","tag-ruhsen-mahmutoglu","tag-sebahat-tuncel","tag-sefika-gurbuz","tag-selahattin-demirtas","tag-selami-turan","tag-serafettin-halis","tag-sevahir-bayindir","tag-sinem-ekinci","tag-sirri-sakik","tag-songul-ercan","tag-tuncer-bakirhan","tag-turkan-yuksel","tag-ufuk-uras","tag-yesim-dorman","tag-yildiz-aktas","tag-yuksel-mutlu","tag-zerife-kiran","tag-zeynep-olbeci"],"acf":[],"_links":{"self":[{"href":"https:\/\/www.nationalturk.com\/tr\/wp-json\/wp\/v2\/posts\/14274","targetHints":{"allow":["GET"]}}],"collection":[{"href":"https:\/\/www.nationalturk.com\/tr\/wp-json\/wp\/v2\/posts"}],"about":[{"href":"https:\/\/www.nationalturk.com\/tr\/wp-json\/wp\/v2\/types\/post"}],"author":[{"embeddable":true,"href":"https:\/\/www.nationalturk.com\/tr\/wp-json\/wp\/v2\/users\/4"}],"replies":[{"embeddable":true,"href":"https:\/\/www.nationalturk.com\/tr\/wp-json\/wp\/v2\/comments?post=14274"}],"version-history":[{"count":0,"href":"https:\/\/www.nationalturk.com\/tr\/wp-json\/wp\/v2\/posts\/14274\/revisions"}],"wp:featuredmedia":[{"embeddable":true,"href":"https:\/\/www.nationalturk.com\/tr\/wp-json\/wp\/v2\/media\/192918"}],"wp:attachment":[{"href":"https:\/\/www.nationalturk.com\/tr\/wp-json\/wp\/v2\/media?parent=14274"}],"wp:term":[{"taxonomy":"category","embeddable":true,"href":"https:\/\/www.nationalturk.com\/tr\/wp-json\/wp\/v2\/categories?post=14274"},{"taxonomy":"post_tag","embeddable":true,"href":"https:\/\/www.nationalturk.com\/tr\/wp-json\/wp\/v2\/tags?post=14274"}],"curies":[{"name":"wp","href":"https:\/\/api.w.org\/{rel}","templated":true}]}}