{"id":142888,"date":"2013-07-22T16:41:42","date_gmt":"2013-07-22T13:41:42","guid":{"rendered":"http:\/\/www.nationalturk.com\/?p=142888"},"modified":"2013-07-22T16:41:42","modified_gmt":"2013-07-22T13:41:42","slug":"gezi-parkinda-insaat-baslayacak-mi-142888","status":"publish","type":"post","link":"https:\/\/www.nationalturk.com\/tr\/gezi-parkinda-insaat-baslayacak-mi-142888\/","title":{"rendered":"Gezi Park\u0131&#8217;nda in\u015faat ba\u015flayacak m\u0131?"},"content":{"rendered":"<h1><img loading=\"lazy\" decoding=\"async\" class=\"alignnone size-full wp-image-142889\" alt=\"Gezi Park\u0131\" src=\"http:\/\/www.nationalturk.com\/tr\/wp-content\/uploads\/2013\/07\/DSC_7653.jpg\" width=\"610\" height=\"404\" title=\"\" srcset=\"https:\/\/www.nationalturk.com\/tr\/wp-content\/uploads\/2013\/07\/DSC_7653.jpg 610w, https:\/\/www.nationalturk.com\/tr\/wp-content\/uploads\/2013\/07\/DSC_7653-280x185.jpg 280w, https:\/\/www.nationalturk.com\/tr\/wp-content\/uploads\/2013\/07\/DSC_7653-603x400.jpg 603w\" sizes=\"auto, (max-width: 610px) 100vw, 610px\" \/><\/h1>\n<h1>B\u00f6lge \u0130dare Mahkemesi&#8217;nin Gezi Park\u0131&#8217;daki in\u015faat \u00e7al\u0131\u015fmalar\u0131 i\u00e7in verilen &#8216;y\u00fcr\u00fctmeyi durdurma&#8217; karar\u0131n\u0131 iptal etmesinin ard\u0131ndan park\u0131n ak\u0131beti merak konusu oldu. \u0130n\u015faat \u00e7al\u0131\u015fmalar\u0131n\u0131n yeniden ba\u015flamas\u0131 ihtimali hukuk\u00e7ular taraf\u0131ndan imkans\u0131z g\u00f6r\u00fcl\u00fcyor.<\/h1>\n<p>Radikal gazetesinden \u00d6mer Erbil&#8217;in haberi;<\/p>\n<p>B\u00f6lge \u0130dare Mahkemesi&#8217;nin Gezi Park\u0131&#8217;daki in\u015faat \u00e7al\u0131\u015fmalar\u0131 i\u00e7in verilen &#8216;y\u00fcr\u00fctmeyi durdurma&#8217; karar\u0131n\u0131 iptal etmesi, park i\u00e7inde in\u015faat \u00e7al\u0131\u015fmalar\u0131 yeniden ba\u015flayabilir mi tart\u0131\u015fmalar\u0131na yol a\u00e7t\u0131. Ancak 1. \u0130dare Mahkemesi\u2019nin daha \u00f6nce ald\u0131\u011f\u0131 bir kararla, Gezi Park\u0131\u2019na Top\u00e7u K\u0131\u015flas\u0131 yap\u0131lmas\u0131na onay veren 1 \/ 5000 ve 1 \/ 1000 \u00f6l\u00e7ekli imar planlar\u0131n\u0131 iptal etmesi bunu olanaks\u0131z hale getiriyor&#8230;<\/p>\n<p>Gezi Park\u0131\u2019nda Top\u00e7u K\u0131\u015flas\u0131 i\u00e7in \u0130stanbul B\u00fcy\u00fck\u015fehir Belediyesi\u2019nin Mimar Halil Onur\u2019a yapt\u0131rd\u0131\u011f\u0131 ve i\u00e7inde buz pateni pisti olan projeyi \u0130stanbul 2. Nolu K\u00fclt\u00fcr Varl\u0131klar\u0131 Koruma Kurulu reddetmi\u015fti. Ba\u015fbakan Recep Tayyip Erdo\u011fan bu geli\u015fme \u00fczerine \u2018retlerine ret veririz\u2019\u2019 a\u00e7\u0131klamas\u0131 yapm\u0131\u015f ve akabinde K\u00fclt\u00fcr Varl\u0131klar\u0131 Koruma Y\u00fcksek Kurulu, \u0130stanbul 2 Numaral\u0131 Koruma Kurulu\u2019nun karar\u0131n\u0131 redderek, Halil Onur\u2019un projesini onaylam\u0131\u015ft\u0131.<\/p>\n<p>Taksim Gezi Park\u0131 Koruma ve G\u00fczelle\u015ftirme Derne\u011fi bu karara \u0130stanbul 6. \u0130dare Mahkemesi\u2019nde dava a\u00e7t\u0131. Mahkeme 1. \u0130dare Mahkemesi\u2019nin plan notlar\u0131n\u0131 iptal eden karar\u0131n\u0131 at\u0131fta bulunarak y\u00fcr\u00fctmeyi durdurma karar\u0131 vermi\u015fti. K\u00fclt\u00fcr ve Turizm Bakanl\u0131\u011f\u0131 bu karar\u0131n plan iptalleri ile alaka kurulmas\u0131na itiraz ederek, &#8220;Projenin bir avan proje olup uygulama projesi olmad\u0131\u011f\u0131n\u0131, avan proje ile uygulama yap\u0131lamayaca\u011f\u0131n\u0131, iptal karar\u0131 verilen planlar avan projenin dayana\u011f\u0131 olmad\u0131\u011f\u0131n\u0131\u2019\u2019 belirterek B\u00f6lge \u0130dare Mahkemesi\u2019ne itiraz etti. Mahkeme bakanl\u0131\u011f\u0131 hakl\u0131 bularak y\u00fcr\u00fctmeyi durdurmay\u0131 kald\u0131rd\u0131.<\/p>\n<p>Ancak 1. \u0130dare Mahkemesi\u2019nde Gezi Park\u0131\u2019na Top\u00e7u K\u0131\u015flas\u0131 yap\u0131lmas\u0131na onay veren 1 \/ 5000 ve 1 \/ 1000 \u00f6l\u00e7ekli uygulama imar planlar\u0131nda yap\u0131lan de\u011fi\u015fikliklerin hukuka ayk\u0131r\u0131 oldu\u011funu d\u00fc\u015f\u00fcnerek iptal etti\u011fi karar varken, avan projenin onaylanmas\u0131n\u0131n uygulama noktas\u0131nda hi\u00e7bir ge\u00e7erlili\u011fi yok. \u00c7\u00fcnk\u00fc avan projenin uygulama projesi olabilmesi i\u00e7in imar planlar\u0131n\u0131n buna izin vermesi gerekiyor. Plan olmadan uygulama yapmak m\u00fcmk\u00fcn de\u011fil. Lakin Dan\u0131\u015ftay 1. \u0130dare Mahkemesi\u2019nin iptal karar\u0131n\u0131 onamaz ise o noktada avan projenin \u0130BB i\u00e7in bir \u00f6nemi olacak. Avan proje dayanak g\u00f6sterilerek uygulama projesi yap\u0131larak, Koruma Kurulu\u2019na sunularak, kurulun onay\u0131 durumunda kabul edilen imar plan\u0131 ile proje hayata ge\u00e7irilmi\u015f olacak. Hali haz\u0131rdaki son durum, Gazi Park\u0131\u2019na Top\u00e7u K\u0131\u015flas\u0131 yap\u0131lmas\u0131 m\u00fcmk\u00fcn de\u011fil. \u00c7\u00fcnk\u00fc k\u0131\u015flan\u0131n yap\u0131m\u0131na onay veren imar planlar\u0131 yasal olarak iptal edildi.<\/p>\n<!-- Error, Advert is not available at this time due to schedule\/geolocation restrictions! -->\n","protected":false},"excerpt":{"rendered":"<p>B\u00f6lge \u0130dare Mahkemesi&#8217;nin Gezi Park\u0131&#8217;daki in\u015faat \u00e7al\u0131\u015fmalar\u0131 i\u00e7in verilen &#8216;y\u00fcr\u00fctmeyi durdurma&#8217; karar\u0131n\u0131 iptal etmesinin ard\u0131ndan park\u0131n ak\u0131beti merak konusu oldu. \u0130n\u015faat \u00e7al\u0131\u015fmalar\u0131n\u0131n yeniden ba\u015flamas\u0131 ihtimali hukuk\u00e7ular taraf\u0131ndan imkans\u0131z g\u00f6r\u00fcl\u00fcyor.<\/p>\n","protected":false},"author":4,"featured_media":142889,"comment_status":"open","ping_status":"open","sticky":false,"template":"","format":"standard","meta":{"_acf_changed":false,"footnotes":""},"categories":[6155,5005,6202,6805],"tags":[51364,92829,131908,801,136272,10719,136115],"class_list":["post-142888","post","type-post","status-publish","format-standard","has-post-thumbnail","hentry","category-gundem","category-manset","category-politika","category-turkiye","tag-bakanlik","tag-gezi-parki","tag-gezi-parki-son-dakika","tag-kultur-ve-turizm-bakanligi","tag-omer-erbil","tag-radikal","tag-yurutmeyi-durdurma"],"acf":[],"_links":{"self":[{"href":"https:\/\/www.nationalturk.com\/tr\/wp-json\/wp\/v2\/posts\/142888","targetHints":{"allow":["GET"]}}],"collection":[{"href":"https:\/\/www.nationalturk.com\/tr\/wp-json\/wp\/v2\/posts"}],"about":[{"href":"https:\/\/www.nationalturk.com\/tr\/wp-json\/wp\/v2\/types\/post"}],"author":[{"embeddable":true,"href":"https:\/\/www.nationalturk.com\/tr\/wp-json\/wp\/v2\/users\/4"}],"replies":[{"embeddable":true,"href":"https:\/\/www.nationalturk.com\/tr\/wp-json\/wp\/v2\/comments?post=142888"}],"version-history":[{"count":0,"href":"https:\/\/www.nationalturk.com\/tr\/wp-json\/wp\/v2\/posts\/142888\/revisions"}],"wp:featuredmedia":[{"embeddable":true,"href":"https:\/\/www.nationalturk.com\/tr\/wp-json\/wp\/v2\/media\/142889"}],"wp:attachment":[{"href":"https:\/\/www.nationalturk.com\/tr\/wp-json\/wp\/v2\/media?parent=142888"}],"wp:term":[{"taxonomy":"category","embeddable":true,"href":"https:\/\/www.nationalturk.com\/tr\/wp-json\/wp\/v2\/categories?post=142888"},{"taxonomy":"post_tag","embeddable":true,"href":"https:\/\/www.nationalturk.com\/tr\/wp-json\/wp\/v2\/tags?post=142888"}],"curies":[{"name":"wp","href":"https:\/\/api.w.org\/{rel}","templated":true}]}}