{"id":142892,"date":"2013-07-22T17:12:43","date_gmt":"2013-07-22T14:12:43","guid":{"rendered":"http:\/\/www.nationalturk.com\/?p=142892"},"modified":"2013-07-22T17:12:43","modified_gmt":"2013-07-22T14:12:43","slug":"red-bull-salzburg-ismail-kartalin-takibinde-142892","status":"publish","type":"post","link":"https:\/\/www.nationalturk.com\/tr\/red-bull-salzburg-ismail-kartalin-takibinde-142892\/","title":{"rendered":"Red Bull Salzburg \u0130smail Kartal&#8217;\u0131n takibinde"},"content":{"rendered":"<h1><img loading=\"lazy\" decoding=\"async\" class=\"alignnone size-large wp-image-142893\" alt=\"Red Bull Salzburg Wiener\" src=\"http:\/\/www.nationalturk.com\/tr\/wp-content\/uploads\/2013\/07\/red_bull_salzburg_wiener-610x337.jpg\" width=\"610\" height=\"337\" title=\"\" srcset=\"https:\/\/www.nationalturk.com\/tr\/wp-content\/uploads\/2013\/07\/red_bull_salzburg_wiener-610x337.jpg 610w, https:\/\/www.nationalturk.com\/tr\/wp-content\/uploads\/2013\/07\/red_bull_salzburg_wiener-280x155.jpg 280w, https:\/\/www.nationalturk.com\/tr\/wp-content\/uploads\/2013\/07\/red_bull_salzburg_wiener.jpg 641w\" sizes=\"auto, (max-width: 610px) 100vw, 610px\" \/><\/h1>\n<h1>Fenerbah\u00e7e&#8217;nin \u015eampiyonlar Ligi 3. \u00f6n eleme turundaki rakibi Red Bull Salzburg Avusturya Ligi&#8217;ndeki lik ma\u00e7\u0131n\u0131 farkl\u0131 kazan\u0131rken antren\u00f6r \u0130smail Kartal da ma\u00e7\u0131 izledi.<\/h1>\n<p>\u015eampiyonlar Ligi 3. \u00f6n eleme turunda Avusturya\u2019n\u0131n Red Bull Salzburg tak\u0131m\u0131yla e\u015fle\u015fen Fenerbah\u00e7e\u2019de teknik heyet, rakibi 4 koldan takibe ald\u0131. Milliyet&#8217;in haberine g\u00f6re Teknik direkt\u00f6r Ersun Yanal\u2019\u0131n, kuralar \u00e7ekilir \u00e7ekilmez, Avusturya ekibinin ge\u00e7en sezon oynad\u0131\u011f\u0131 ma\u00e7lar\u0131n kasetlerini edindi\u011fi, yard\u0131mc\u0131lar\u0131 ve analistlerle birlikte bunlar\u0131 izleyip fikir edinmeye \u00e7al\u0131\u015ft\u0131\u011f\u0131 \u00f6\u011frenildi. Yanal\u2019\u0131n yard\u0131mc\u0131lar\u0131ndan \u0130smail Kartal ise, Salzburg\u2019un Avusturya Ligi\u2019nin ilk haftas\u0131nda Wiener Neustad ile deplasmanda oynad\u0131\u011f\u0131 kar\u015f\u0131la\u015fmay\u0131 izledi\u011fi kaydedildi.<\/p>\n<p>Red Bull Salzburg, ligdeki ilk ma\u00e7\u0131nda Wiener Neustad\u2019\u0131 deplasmanda 5-1 gibi farkl\u0131 bir skorla devirerek, iddias\u0131n\u0131 ortaya koyarken, Kartal, dikkatli g\u00f6zlerle rakiplerini izleyip, not tuttu. Gulacsi, Ramalho, Schwegler, Ulmer, Hinteregger, Jantschar, Mane, Ilsankar, Kampl, Soriano Casas ve Alan ilk 11\u2019iyle ma\u00e7a \u00e7\u0131kan Avusturya ekibi, Soriano Casas (3) ve Kampl\u2019\u0131n (2) golleriyle farkl\u0131 galibiyete ula\u015ft\u0131. Kura \u00e7ekimi sonras\u0131 gazeteniz FANAT\u0130K\u2019in duyurdu\u011fu gibi \u00e7ok etkili bir oyuncu olan Soriano\u2019nun hat-trick yapmas\u0131, g\u00f6zleri bu oyuncuya \u00e7evirdi. \u0130smail Kartal\u2019\u0131n, Soriano\u2019ya \u00f6zel \u00f6nlem al\u0131nmas\u0131 gerekti\u011fini vurgulad\u0131\u011f\u0131 belirlendi. \u0130smail Kartal, \u0130stanbul\u2019a d\u00f6n\u00fc\u015fte edindi\u011fi izlenimleri teknik direkt\u00f6r Ersun Yanal ile payla\u015facak.<\/p>\n<!-- Error, Advert is not available at this time due to schedule\/geolocation restrictions! -->\n","protected":false},"excerpt":{"rendered":"<p>Fenerbah\u00e7e&#8217;nin \u015eampiyonlar Ligi 3. \u00f6n eleme turundaki rakibi Red Bull Salzburg Avusturya Ligi&#8217;ndeki lik ma\u00e7\u0131n\u0131 farkl\u0131 kazan\u0131rken antren\u00f6r \u0130smail Kartal da ma\u00e7\u0131 izledi.<\/p>\n","protected":false},"author":4,"featured_media":178161,"comment_status":"open","ping_status":"open","sticky":false,"template":"","format":"standard","meta":{"_acf_changed":false,"footnotes":""},"categories":[6774,6194],"tags":[49500,29572],"class_list":["post-142892","post","type-post","status-publish","format-standard","has-post-thumbnail","hentry","category-futbol","category-spor","tag-ersun-yanal","tag-ismail-kartal"],"acf":[],"_links":{"self":[{"href":"https:\/\/www.nationalturk.com\/tr\/wp-json\/wp\/v2\/posts\/142892","targetHints":{"allow":["GET"]}}],"collection":[{"href":"https:\/\/www.nationalturk.com\/tr\/wp-json\/wp\/v2\/posts"}],"about":[{"href":"https:\/\/www.nationalturk.com\/tr\/wp-json\/wp\/v2\/types\/post"}],"author":[{"embeddable":true,"href":"https:\/\/www.nationalturk.com\/tr\/wp-json\/wp\/v2\/users\/4"}],"replies":[{"embeddable":true,"href":"https:\/\/www.nationalturk.com\/tr\/wp-json\/wp\/v2\/comments?post=142892"}],"version-history":[{"count":0,"href":"https:\/\/www.nationalturk.com\/tr\/wp-json\/wp\/v2\/posts\/142892\/revisions"}],"wp:featuredmedia":[{"embeddable":true,"href":"https:\/\/www.nationalturk.com\/tr\/wp-json\/wp\/v2\/media\/178161"}],"wp:attachment":[{"href":"https:\/\/www.nationalturk.com\/tr\/wp-json\/wp\/v2\/media?parent=142892"}],"wp:term":[{"taxonomy":"category","embeddable":true,"href":"https:\/\/www.nationalturk.com\/tr\/wp-json\/wp\/v2\/categories?post=142892"},{"taxonomy":"post_tag","embeddable":true,"href":"https:\/\/www.nationalturk.com\/tr\/wp-json\/wp\/v2\/tags?post=142892"}],"curies":[{"name":"wp","href":"https:\/\/api.w.org\/{rel}","templated":true}]}}