{"id":142903,"date":"2013-07-22T18:00:01","date_gmt":"2013-07-22T15:00:01","guid":{"rendered":"http:\/\/www.nationalturk.com\/?p=142903"},"modified":"2013-07-22T18:06:12","modified_gmt":"2013-07-22T15:06:12","slug":"ispanya-turist-142903","status":"publish","type":"post","link":"https:\/\/www.nationalturk.com\/tr\/ispanya-turist-142903\/","title":{"rendered":"\u0130spanya turist rekoru k\u0131rd\u0131"},"content":{"rendered":"<h1><a href=\"http:\/\/www.nationalturk.com\/tr\/wp-content\/uploads\/2013\/07\/ispanya-turist.jpg\"><img loading=\"lazy\" decoding=\"async\" class=\"aligncenter size-large wp-image-142904\" alt=\"\u0130spanya turist rekoru k\u0131rd\u0131\" src=\"http:\/\/www.nationalturk.com\/tr\/wp-content\/uploads\/2013\/07\/ispanya-turist-610x279.jpg\" width=\"610\" height=\"279\" title=\"\" srcset=\"https:\/\/www.nationalturk.com\/tr\/wp-content\/uploads\/2013\/07\/ispanya-turist-610x279.jpg 610w, https:\/\/www.nationalturk.com\/tr\/wp-content\/uploads\/2013\/07\/ispanya-turist-280x128.jpg 280w, https:\/\/www.nationalturk.com\/tr\/wp-content\/uploads\/2013\/07\/ispanya-turist.jpg 616w\" sizes=\"auto, (max-width: 610px) 100vw, 610px\" \/><\/a>\u0130spanya \u00a0ge\u00e7ti\u011fimiz ay 6,3 milyon turistle rekor k\u0131rd\u0131.<\/h1>\n<p>\u0130spanya s\u0131n\u0131rlar\u0131nda turistlerin giri\u015f ve \u00e7\u0131k\u0131\u015f istatistiklerini tutan Frontur, haziran ay\u0131nda \u0130spanya&#8217;ya 6,3 milyon turistin geldi\u011fini ve bunun bir rekor oldu\u011funu a\u00e7\u0131klad\u0131.<\/p>\n<p><a href=\"http:\/\/www.nationalturk.com\/tr\/wp-content\/uploads\/2013\/07\/ispanya.jpg\"><img loading=\"lazy\" decoding=\"async\" class=\"alignleft size-medium wp-image-142912\" alt=\"\u0130spanya\" src=\"http:\/\/www.nationalturk.com\/tr\/wp-content\/uploads\/2013\/07\/ispanya-280x186.jpg\" width=\"280\" height=\"186\" title=\"\" srcset=\"https:\/\/www.nationalturk.com\/tr\/wp-content\/uploads\/2013\/07\/ispanya-280x186.jpg 280w, https:\/\/www.nationalturk.com\/tr\/wp-content\/uploads\/2013\/07\/ispanya.jpg 585w\" sizes=\"auto, (max-width: 280px) 100vw, 280px\" \/><\/a>Frontur&#8217;un a\u00e7\u0131klamas\u0131na g\u00f6re, \u0130spanya&#8217;ya 2013&#8217;\u00fcn ilk yar\u0131s\u0131nda 26,1 milyon turist geldi.\u00a0Haziran ay\u0131nda ise \u0130spanya&#8217;da turist rekoru k\u0131r\u0131ld\u0131.A\u00e7\u0131klanan rakamlara g\u00f6re, 6 milyon 315 bin 882 turist ge\u00e7ti\u011fimiz haziran ay\u0131nda \u0130spanya&#8217;y\u0131 ziyaret ederken, bu zamana kadarki istatistiklerde en iyi haziran ay\u0131n\u0131n ya\u015fand\u0131\u011f\u0131 belirtildi.<\/p>\n<h2>Ge\u00e7en y\u0131la g\u00f6re y\u00fczde 4,2&#8217;lik art\u0131\u015f<\/h2>\n<p>\u00dclke genelinde de 2012 y\u0131l\u0131na g\u00f6re 2013&#8217;te turist say\u0131s\u0131nda y\u00fczde 4,2&#8217;lik art\u0131\u015f ya\u015fand\u0131. \u0130spanya&#8217;ya gelen turistlerde, \u0130ngilizler, Almanlar ve Frans\u0131zlar ilk s\u0131rada yer ald\u0131.<\/p>\n<p>Ge\u00e7ti\u011fimiz y\u0131la oranla en b\u00fcy\u00fck yabanc\u0131 art\u0131\u015f\u0131 ise y\u00fczde 36,6&#8217;l\u0131k oranla Rus turistlerde g\u00f6r\u00fcld\u00fc.<\/p>\n<!-- Error, Advert is not available at this time due to schedule\/geolocation restrictions! -->\n","protected":false},"excerpt":{"rendered":"<p>Frontur, haziran ay\u0131nda \u0130spanya&#8217;ya 6,3 milyon turistin geldi\u011fini ve bunun bir rekor oldu\u011funu a\u00e7\u0131klad\u0131.<\/p>\n","protected":false},"author":3,"featured_media":178158,"comment_status":"open","ping_status":"open","sticky":false,"template":"","format":"standard","meta":{"_acf_changed":false,"footnotes":""},"categories":[6665,6155,5005,6671],"tags":[15,3729,1871],"class_list":["post-142903","post","type-post","status-publish","format-standard","has-post-thumbnail","hentry","category-dunya","category-gundem","category-manset","category-seyahat","tag-ispanya","tag-ispanya-turizm","tag-turizm"],"acf":[],"_links":{"self":[{"href":"https:\/\/www.nationalturk.com\/tr\/wp-json\/wp\/v2\/posts\/142903","targetHints":{"allow":["GET"]}}],"collection":[{"href":"https:\/\/www.nationalturk.com\/tr\/wp-json\/wp\/v2\/posts"}],"about":[{"href":"https:\/\/www.nationalturk.com\/tr\/wp-json\/wp\/v2\/types\/post"}],"author":[{"embeddable":true,"href":"https:\/\/www.nationalturk.com\/tr\/wp-json\/wp\/v2\/users\/3"}],"replies":[{"embeddable":true,"href":"https:\/\/www.nationalturk.com\/tr\/wp-json\/wp\/v2\/comments?post=142903"}],"version-history":[{"count":0,"href":"https:\/\/www.nationalturk.com\/tr\/wp-json\/wp\/v2\/posts\/142903\/revisions"}],"wp:featuredmedia":[{"embeddable":true,"href":"https:\/\/www.nationalturk.com\/tr\/wp-json\/wp\/v2\/media\/178158"}],"wp:attachment":[{"href":"https:\/\/www.nationalturk.com\/tr\/wp-json\/wp\/v2\/media?parent=142903"}],"wp:term":[{"taxonomy":"category","embeddable":true,"href":"https:\/\/www.nationalturk.com\/tr\/wp-json\/wp\/v2\/categories?post=142903"},{"taxonomy":"post_tag","embeddable":true,"href":"https:\/\/www.nationalturk.com\/tr\/wp-json\/wp\/v2\/tags?post=142903"}],"curies":[{"name":"wp","href":"https:\/\/api.w.org\/{rel}","templated":true}]}}