{"id":143049,"date":"2013-07-23T16:52:58","date_gmt":"2013-07-23T13:52:58","guid":{"rendered":"http:\/\/www.nationalturk.com\/?p=143049"},"modified":"2013-07-23T17:46:19","modified_gmt":"2013-07-23T14:46:19","slug":"son-dakika-toplu-is-sozlesmelerinde-anlasma-saglandi-143049","status":"publish","type":"post","link":"https:\/\/www.nationalturk.com\/tr\/son-dakika-toplu-is-sozlesmelerinde-anlasma-saglandi-143049\/","title":{"rendered":"Son Dakika! Toplu \u0130\u015f S\u00f6zle\u015fmeleri&#8217;nde anla\u015fma sa\u011fland\u0131"},"content":{"rendered":"<h1><img loading=\"lazy\" decoding=\"async\" class=\"alignleft size-medium wp-image-143050\" alt=\"\" src=\"http:\/\/www.nationalturk.com\/tr\/wp-content\/uploads\/2013\/07\/son-dakika-dikey19-206x220.jpg\" width=\"206\" height=\"220\" title=\"\" srcset=\"https:\/\/www.nationalturk.com\/tr\/wp-content\/uploads\/2013\/07\/son-dakika-dikey19-206x220.jpg 206w, https:\/\/www.nationalturk.com\/tr\/wp-content\/uploads\/2013\/07\/son-dakika-dikey19.jpg 300w\" sizes=\"auto, (max-width: 206px) 100vw, 206px\" \/>Kamu Kesimi Toplu \u0130\u015f S\u00f6zle\u015fmelerinde sendikalar ile \u00c7al\u0131\u015fma ve Sosyal G\u00fcvenlik Bakanl\u0131\u011f\u0131 aras\u0131nda anla\u015fma sa\u011fland\u0131. \/ Son Dakika&#8230;<\/h1>\n<p>H\u00fck\u00fcmet ile T\u00fcrk-\u0130\u015f aras\u0131nda var\u0131lan anla\u015fmayla kamuda \u00e7al\u0131\u015fan i\u015f\u00e7ilere ilk ve ikinci 6 aylar i\u00e7in y\u00fczde 4, \u00fc\u00e7\u00fcnc\u00fc ve d\u00f6rd\u00fcnc\u00fc 6 aylar i\u00e7in ise y\u00fczde 3 zam verilecek.<\/p>\n<p>Kamuda \u00e7al\u0131\u015fan 185 bin i\u015f\u00e7inin, 2013-2014 d\u00f6nemini kapsayan \u00fccret ve sosyal haklar\u0131na yap\u0131lacak zam miktar\u0131n\u0131n belirlenmesi i\u00e7in T\u00fcrk-\u0130\u015f ile H\u00fck\u00fcmet aras\u0131nda y\u00fcr\u00fct\u00fclen g\u00f6r\u00fc\u015fme \u00c7al\u0131\u015fma ve Sosyal G\u00fcvenlik Bakan\u0131 Faruk \u00c7elik\u2019in ba\u015fkanl\u0131\u011f\u0131nda yap\u0131ld\u0131.<\/p>\n<p>Toplant\u0131n\u0131n ard\u0131ndan \u00c7al\u0131\u015fma ve Sosyal G\u00fcvenlik Bakan\u0131 \u00c7elik ve T\u00fcrk-\u0130\u015f Genel Ba\u015fkan\u0131 Mustafa Kumlu ortak bas\u0131n toplant\u0131s\u0131 d\u00fczenledi.<\/p>\n<p>Bakan \u00c7elik, uzun g\u00f6r\u00fc\u015fmelerin ard\u0131ndan taraflar aras\u0131nda anla\u015fman\u0131n sa\u011fland\u0131\u011f\u0131n\u0131 bildirerek, \u015fu bilgileri verdi:<\/p>\n<p>&#8220;Kamu Kesimi Toplu \u0130\u015f S\u00f6zle\u015fmelerinde ilk ve ikinci 6 ay i\u00e7in y\u00fczde 4, \u00fc\u00e7\u00fcnc\u00fc ve d\u00f6rd\u00fcnc\u00fc 6 aylar i\u00e7in y\u00fczde 3 fark verilecek. Bin 100 liran\u0131n alt\u0131ndaki \u00fccretler bin 100 lira olacak, bin 850 liran\u0131n alt\u0131ndaki \u00fccretlere bin 850 liray\u0131 ge\u00e7memek \u00fczere 200 lira iyile\u015ftirme zamm\u0131 yap\u0131lacak. Sosyal yard\u0131mlar 180 lira olacak. Di\u011fer sosyal yard\u0131mlardaki art\u0131\u015f ise 6 ayl\u0131k d\u00f6nemlerde belirlenen zamlar oran\u0131nda olacak.&#8221;<\/p>\n<p>H\u00fck\u00fcmet olarak ama\u00e7lar\u0131n\u0131n \u00f6teden beri d\u00fc\u015f\u00fck \u00fccretleri yukar\u0131 \u00e7ekip di\u011fer \u00e7al\u0131\u015fanlarla aradaki makas\u0131 kapatmak oldu\u011funu vurgulayan \u00c7elik, bin 850 liran\u0131n alt\u0131ndaki \u00fccretlere 200 lira iyile\u015ftirme zamm\u0131 yap\u0131lma amac\u0131n\u0131n da bu oldu\u011funu s\u00f6yledi.<\/p>\n<p>T\u00fcrk-\u0130\u015f Genel Ba\u015fkan\u0131 Kumlu da toplu i\u015f s\u00f6zle\u015fmerinin her zaman d\u00f6rt d\u00f6rtl\u00fck olmad\u0131\u011f\u0131n\u0131 belirterek, taleplerinde g\u00fcn\u00fcn \u015fartlar\u0131n\u0131 dikkate ald\u0131klar\u0131n\u0131 dile getirdi.<\/p>\n<p>-Sendikalar\u0131 y\u00fczde 10 zam talep etmi\u015fti<\/p>\n<p>T\u00fcrk-\u0130\u015f, g\u00f6r\u00fc\u015fme masas\u0131na otururken i\u015f\u00e7ilere birinci 6 ay i\u00e7in y\u00fczde 10; 2, 3 ve 4. alt\u0131 ayl\u0131k d\u00f6nemlerde ise &#8220;enflasyon+2 puan&#8221; zam verilmesini talep etmi\u015fti.<\/p>\n<p>T\u00fcrk-\u0130\u015f&#8217;e ba\u011fl\u0131 20 sendikan\u0131n kat\u0131l\u0131m\u0131yla olu\u015fturulan Kamu Kesimi Toplu \u0130\u015f S\u00f6zle\u015fmeleri Koordinasyon Kurulu, kamuda \u00e7al\u0131\u015fan i\u015f\u00e7ilerin toplu i\u015f s\u00f6zle\u015fmeleri m\u00fczakerelerinde H\u00fck\u00fcmet&#8217;ten istenecek zam oranlar\u0131n\u0131 \u015fu \u015fekilde belirlemi\u015fti:<\/p>\n<p>1-\u0130yile\u015ftirme:<br \/>\nBin 800 lira alt\u0131ndaki ayl\u0131k \u00fccretler, bu rakama y\u00fckseltilecek.<\/p>\n<p>2-\u00dccret zamm\u0131:<br \/>\n-31 Aral\u0131k 2012 tarihinde i\u015fyerinde \u00e7al\u0131\u015fan i\u015f\u00e7ilerin \u00fccretlerine 1 Ocak 2013&#8217;den itibaren y\u00fczde 10 \u00fccret zamm\u0131 yap\u0131l\u0131r.<br \/>\n-Toplu i\u015f s\u00f6zle\u015fmesinin birinci ve ikinci y\u0131llar\u0131nda i\u015f\u00e7ilerin y\u0131l boyunca \u00f6deyecekleri gelir vergisi oran\u0131 y\u00fczde 15&#8217;tir. Y\u00fczde 15&#8217;i a\u015fan vergiler i\u015fveren taraf\u0131ndan kar\u015f\u0131lan\u0131r.<br \/>\n-\u0130\u015f\u00e7ilerin \u00fccretlerine 1 Temmuz 2013&#8217;den itibaren 1 Ocak 2013-30 Haziran 2013 d\u00f6nemi enflasyon oran\u0131na 2 puan ilavesi ile bulunacak oranda zam yap\u0131l\u0131r.<br \/>\n-\u0130\u015f\u00e7ilerin \u00fccretlerine 1 Ocak 2014&#8217;den itibaren 1 Temmuz 2013-31 Aral\u0131k 2013 d\u00f6nemi enflasyon oran\u0131na 2 puan ilavesi ile bulunacak oranda zam yap\u0131l\u0131r.<br \/>\n-\u0130\u015f\u00e7ilerin \u00fccretlerine 1 Temmuz 2014&#8217;den itibaren 1 Ocak-30 Haziran 2014 d\u00f6nemi enflasyon oran\u0131na 2 puan ilavesi ile bulunacak oranda zam yap\u0131l\u0131r.<\/p>\n<p>3- Sosyal Yard\u0131mlar:<br \/>\n-Sosyal yard\u0131m ayda 250 liraya, yemek paras\u0131 g\u00fcnde 8 liraya ve giyim yard\u0131m\u0131 y\u0131lda 125 liraya y\u00fckseltilecek. Bu sosyal yard\u0131mlar, 2, 3 ve 4. alt\u0131 ay \u00fccret zamlar\u0131 oran\u0131nda ayn\u0131 tarihte art\u0131r\u0131l\u0131r.<br \/>\n-Yukar\u0131da yer almayan veya belirlenen miktarlardan y\u00fcksek olan sosyal yard\u0131mlara \u00fccret zamlar\u0131 oran\u0131nda zam yap\u0131l\u0131r.<br \/>\n-Do\u011fum, evlenme, \u00f6l\u00fcm yard\u0131mlar\u0131 maddelerinde varsa &#8220;bakmakla m\u00fckellef olduklar\u0131&#8221; ibaresi \u00e7\u0131kar\u0131l\u0131r.<\/p>\n<p>4- \u0130\u015fyerine veya i\u015fletmeye \u00f6zg\u00fc sorunlar:<br \/>\n\u0130\u015f yeri veya i\u015fletmeye \u00f6zg\u00fc sorunlar toplu i\u015f s\u00f6zle\u015fmesinin taraflar\u0131 aras\u0131nda g\u00f6r\u00fc\u015f\u00fclerek sonuca ba\u011flan\u0131r.<\/p>\n<p>5- Alt i\u015fveren (ta\u015feron) i\u015f\u00e7ilerinin ba\u015f\u0131ndan itibaren as\u0131l i\u015fverenin i\u015f\u00e7isi olduklar\u0131na ili\u015fkin yarg\u0131 kararlar\u0131 derhal uygulan\u0131r.<\/p>\n<p>-G\u00f6r\u00fc\u015fmelerin y\u00fcr\u00fct\u00fclece\u011fi i\u015f yerleri<\/p>\n<p>Toplu i\u015f s\u00f6zle\u015fmesi g\u00f6r\u00fc\u015fmelerinin y\u00fcr\u00fct\u00fclece\u011fi kurum ve kurulu\u015flar aras\u0131nda T\u00fcrkiye Ta\u015f K\u00f6m\u00fcr\u00fc Kurumu, \u00c7aykur, T\u00fcrkiye \u015eeker Fabrikalar\u0131, Makine Kimya End\u00fcstrisi Kurumu, Devlet Su \u0130\u015fleri Genel M\u00fcd\u00fcrl\u00fc\u011f\u00fc, Milli E\u011fitim m\u00fcd\u00fcrl\u00fckleri, baz\u0131 bakanl\u0131klar ve \u00fcniversiteler bulunuyor.<br \/>\nKamu kesiminde toplu i\u015f s\u00f6zle\u015fmesi g\u00f6r\u00fc\u015fmelerinin y\u00fcr\u00fct\u00fclece\u011fi baz\u0131 i\u015f yerleriyle buralarda \u00e7al\u0131\u015fan i\u015f\u00e7i say\u0131lar\u0131 \u015f\u00f6yle:<br \/>\n-79 \u0130l \u00d6zel \u0130daresi: 21 bin 931<br \/>\n-Milli Savunma Bakanl\u0131\u011f\u0131 19 bin 589<br \/>\n-TCDD ve ba\u011fl\u0131 ortakl\u0131klar\u0131: 12 bin 500<br \/>\n-T\u00fcrkiye \u015eeker Fabrikalar\u0131: 11 bin 260<br \/>\n-Devlet Su \u0130\u015fleri Genel M\u00fcd\u00fcrl\u00fc\u011f\u00fc: 11 bin 591<br \/>\n-G\u0131da, Tar\u0131m ve Hayvanc\u0131l\u0131k Bakanl\u0131\u011f\u0131: 11 bin 219<br \/>\n-T\u00fcrkiye Ta\u015f K\u00f6m\u00fcr\u00fc Kurumu: 10 bin 43<br \/>\n-E\u00dcA\u015e: 6 bin 111<br \/>\n-T\u00fcrkiye K\u00f6m\u00fcr \u0130\u015fletmeleri Kurumu: 4 bin 887<br \/>\n-TPAO: 3 bin 921<br \/>\n-TE\u0130A\u015e: 3 bin 455<br \/>\n-MKEK: 2 bin 253<br \/>\n-T\u00dcB\u0130TAK: 3 bin<br \/>\n-Sa\u011fl\u0131k Bakanl\u0131\u011f\u0131: 3 bin<\/p>\n<!-- Error, Advert is not available at this time due to schedule\/geolocation restrictions! -->\n","protected":false},"excerpt":{"rendered":"<p>Kamu Kesimi Toplu \u0130\u015f S\u00f6zle\u015fmelerinde sendikalar ile \u00c7al\u0131\u015fma ve Sosyal G\u00fcvenlik Bakanl\u0131\u011f\u0131 aras\u0131nda anla\u015fma sa\u011fland\u0131. \/ Son Dakika&#8230;<\/p>\n","protected":false},"author":4,"featured_media":178142,"comment_status":"open","ping_status":"open","sticky":false,"template":"","format":"standard","meta":{"_acf_changed":false,"footnotes":""},"categories":[6199,6155,5005,6202,349,6805],"tags":[14763,27382,7352],"class_list":["post-143049","post","type-post","status-publish","format-standard","has-post-thumbnail","hentry","category-ekonomi","category-gundem","category-manset","category-politika","category-son-dakika","category-turkiye","tag-faruk-celik","tag-son-dakika","tag-turk-is"],"acf":[],"_links":{"self":[{"href":"https:\/\/www.nationalturk.com\/tr\/wp-json\/wp\/v2\/posts\/143049","targetHints":{"allow":["GET"]}}],"collection":[{"href":"https:\/\/www.nationalturk.com\/tr\/wp-json\/wp\/v2\/posts"}],"about":[{"href":"https:\/\/www.nationalturk.com\/tr\/wp-json\/wp\/v2\/types\/post"}],"author":[{"embeddable":true,"href":"https:\/\/www.nationalturk.com\/tr\/wp-json\/wp\/v2\/users\/4"}],"replies":[{"embeddable":true,"href":"https:\/\/www.nationalturk.com\/tr\/wp-json\/wp\/v2\/comments?post=143049"}],"version-history":[{"count":0,"href":"https:\/\/www.nationalturk.com\/tr\/wp-json\/wp\/v2\/posts\/143049\/revisions"}],"wp:featuredmedia":[{"embeddable":true,"href":"https:\/\/www.nationalturk.com\/tr\/wp-json\/wp\/v2\/media\/178142"}],"wp:attachment":[{"href":"https:\/\/www.nationalturk.com\/tr\/wp-json\/wp\/v2\/media?parent=143049"}],"wp:term":[{"taxonomy":"category","embeddable":true,"href":"https:\/\/www.nationalturk.com\/tr\/wp-json\/wp\/v2\/categories?post=143049"},{"taxonomy":"post_tag","embeddable":true,"href":"https:\/\/www.nationalturk.com\/tr\/wp-json\/wp\/v2\/tags?post=143049"}],"curies":[{"name":"wp","href":"https:\/\/api.w.org\/{rel}","templated":true}]}}