{"id":143303,"date":"2013-07-25T14:11:56","date_gmt":"2013-07-25T11:11:56","guid":{"rendered":"http:\/\/www.nationalturk.com\/?p=143303"},"modified":"2013-07-25T14:11:56","modified_gmt":"2013-07-25T11:11:56","slug":"gelibolu-belediyesine-operasyon-4-kisi-tutuklandi-143303","status":"publish","type":"post","link":"https:\/\/www.nationalturk.com\/tr\/gelibolu-belediyesine-operasyon-4-kisi-tutuklandi-143303\/","title":{"rendered":"Gelibolu Belediyesi&#8217;ne operasyon: 4 ki\u015fi tutukland\u0131"},"content":{"rendered":"<h1><img loading=\"lazy\" decoding=\"async\" class=\"alignleft size-medium wp-image-143304\" alt=\"\" src=\"http:\/\/www.nationalturk.com\/tr\/wp-content\/uploads\/2013\/07\/son-dakika-dikey21-206x220.jpg\" width=\"206\" height=\"220\" title=\"\" srcset=\"https:\/\/www.nationalturk.com\/tr\/wp-content\/uploads\/2013\/07\/son-dakika-dikey21-206x220.jpg 206w, https:\/\/www.nationalturk.com\/tr\/wp-content\/uploads\/2013\/07\/son-dakika-dikey21.jpg 300w\" sizes=\"auto, (max-width: 206px) 100vw, 206px\" \/>CHP&#8217;li Gelibolu Belediyesine y\u00f6nelik ihalede yolsuzluk iddias\u0131yla yap\u0131lan operasyonda g\u00f6zalt\u0131na al\u0131nan 12 ki\u015fiden 4&#8217;\u00fc tutukland\u0131. Tutuklanan 4 ki\u015fiden 3&#8217;\u00fc belediye \u00e7al\u0131\u015fan\u0131.<\/h1>\n<p>Al\u0131nan bilgiye g\u00f6re, polis ekiplerince 23 Temmuz&#8217;da g\u00f6zalt\u0131na al\u0131nan 12 ki\u015fi, \u00c7anakkale Emniyet M\u00fcd\u00fcrl\u00fc\u011f\u00fcndeki ifade i\u015flemlerinin ard\u0131ndan adliyeye sevk edildi.<\/p>\n<p>\u015e\u00fcphelilerden 3&#8217;\u00fc belediye \u00e7al\u0131\u015fan\u0131, biri ihaleyle ilgili \u015firket g\u00f6revlisi olmak \u00fczere 4 ki\u015fi mahkemece tutukland\u0131. Aralar\u0131nda Gelibolu Belediye Ba\u015fkan Yard\u0131mc\u0131s\u0131 S.B&#8217;nin de bulundu\u011fu 8 ki\u015fi ise tutuksuz yarg\u0131lanmak \u00fczere serbest b\u0131rak\u0131ld\u0131.<\/p>\n<!-- Error, Advert is not available at this time due to schedule\/geolocation restrictions! -->\n","protected":false},"excerpt":{"rendered":"<p>Gelibolu Belediyesine y\u00f6nelik ihalede yolsuzluk iddias\u0131yla yap\u0131lan operasyonda g\u00f6zalt\u0131na al\u0131nan 12 ki\u015fiden 4&#8217;\u00fc tutukland\u0131. Tutuklanan 4 ki\u015fiden 3&#8217;\u00fc belediye \u00e7al\u0131\u015fan\u0131.<\/p>\n","protected":false},"author":4,"featured_media":178106,"comment_status":"open","ping_status":"open","sticky":false,"template":"","format":"standard","meta":{"_acf_changed":false,"footnotes":""},"categories":[6155,6202,349,6805],"tags":[1005,136341,8723,136344,16668,136345,29240,136347,136343,136346,136342,136348,136349,136350],"class_list":["post-143303","post","type-post","status-publish","format-standard","has-post-thumbnail","hentry","category-gundem","category-politika","category-son-dakika","category-turkiye","tag-canakkale","tag-canakkale-operasyon","tag-chp","tag-chp-gelibolu","tag-gelibolu","tag-gelibolu-belediye-baskani","tag-gelibolu-belediyesi","tag-gelibolu-belediyesi-baskin","tag-gelibolu-gozalti","tag-gelibolu-gozaltilar","tag-gelibolu-operasyon","tag-mustafa-ozacar","tag-mustafa-ozacar-gozalti","tag-mustafa-ozacar-gozaltina-alindi"],"acf":[],"_links":{"self":[{"href":"https:\/\/www.nationalturk.com\/tr\/wp-json\/wp\/v2\/posts\/143303","targetHints":{"allow":["GET"]}}],"collection":[{"href":"https:\/\/www.nationalturk.com\/tr\/wp-json\/wp\/v2\/posts"}],"about":[{"href":"https:\/\/www.nationalturk.com\/tr\/wp-json\/wp\/v2\/types\/post"}],"author":[{"embeddable":true,"href":"https:\/\/www.nationalturk.com\/tr\/wp-json\/wp\/v2\/users\/4"}],"replies":[{"embeddable":true,"href":"https:\/\/www.nationalturk.com\/tr\/wp-json\/wp\/v2\/comments?post=143303"}],"version-history":[{"count":0,"href":"https:\/\/www.nationalturk.com\/tr\/wp-json\/wp\/v2\/posts\/143303\/revisions"}],"wp:featuredmedia":[{"embeddable":true,"href":"https:\/\/www.nationalturk.com\/tr\/wp-json\/wp\/v2\/media\/178106"}],"wp:attachment":[{"href":"https:\/\/www.nationalturk.com\/tr\/wp-json\/wp\/v2\/media?parent=143303"}],"wp:term":[{"taxonomy":"category","embeddable":true,"href":"https:\/\/www.nationalturk.com\/tr\/wp-json\/wp\/v2\/categories?post=143303"},{"taxonomy":"post_tag","embeddable":true,"href":"https:\/\/www.nationalturk.com\/tr\/wp-json\/wp\/v2\/tags?post=143303"}],"curies":[{"name":"wp","href":"https:\/\/api.w.org\/{rel}","templated":true}]}}