{"id":143462,"date":"2013-07-27T13:52:28","date_gmt":"2013-07-27T10:52:28","guid":{"rendered":"http:\/\/www.nationalturk.com\/?p=143462"},"modified":"2013-07-27T13:52:28","modified_gmt":"2013-07-27T10:52:28","slug":"kemal-kilicdarogludan-comert-ve-korkmaz-ailelerine-taziye-ziyareti-143462","status":"publish","type":"post","link":"https:\/\/www.nationalturk.com\/tr\/kemal-kilicdarogludan-comert-ve-korkmaz-ailelerine-taziye-ziyareti-143462\/","title":{"rendered":"Kemal K\u0131l\u0131\u00e7daro\u011flu&#8217;dan C\u00f6mert ve Korkmaz ailelerine taziye ziyareti"},"content":{"rendered":"<h1><img loading=\"lazy\" decoding=\"async\" class=\"alignnone size-full wp-image-143465\" alt=\"Kemal K\u0131l\u0131\u00e7daro\u011flu Hatay\" src=\"http:\/\/www.nationalturk.com\/tr\/wp-content\/uploads\/2013\/07\/kilicdaroglu_hatay_439.jpg\" width=\"610\" height=\"367\" title=\"\"><\/h1>\n<h1>CHP Genel Ba\u015fkan\u0131 Kemal K\u0131l\u0131\u00e7daro\u011flu, Gezi Park\u0131 eylemlerinde ya\u015fam\u0131n\u0131 yitiren Abdullah C\u00f6mert ve Ali \u0130smail Korkmaz&#8217;\u0131n ailelerine Hatay&#8217;da taziye ziyaretinde bulundu.<\/h1>\n<p>K\u0131l\u0131\u00e7daro\u011flu ile Genel Ba\u015fkan yard\u0131mc\u0131lar\u0131 Nihat Matkap ve Sezgin Tanr\u0131kulu, havaalan\u0131nda partililerce kar\u015f\u0131land\u0131.<\/p>\n<p>K\u0131l\u0131\u00e7daro\u011flu ve beraberindekiler, Gezi Park\u0131 odakl\u0131 olaylarda Hatay&#8217;da hayat\u0131n\u0131 kaybeden Abdullah C\u00f6mert&#8217;in Gazi Mahallesi&#8217;ndeki evini ziyaret etti.<\/p>\n<p>Burada baba Ali Edip ve annesi Hatice C\u00f6mert ile di\u011fer yak\u0131nlar\u0131na ba\u015fsa\u011fl\u0131\u011f\u0131 dile\u011finde bulunan K\u0131l\u0131\u00e7daro\u011flu, CHP \u0130l Ba\u015fkan\u0131 Servet Mullao\u011flu&#8217;nun babas\u0131 Mehmet Mullao\u011flu taraf\u0131ndan okunan Kur&#8217;an-\u0131 Kerim&#8217;i dinledi. Kur&#8217;an okuduktan sonra fenala\u015fan Mullao\u011flu&#8217;na \u00e7evredekiler m\u00fcdahale etti.<\/p>\n<p>K\u0131l\u0131\u00e7dao\u011flu daha sonra Eski\u015fehir&#8217;deki olaylarda hayat\u0131n\u0131 kaybeden Ali \u0130smail Korkmaz&#8217;\u0131n Ekinci beldesindeki evine ge\u00e7ti. Ehlibeyt K\u00fclt\u00fcr ve Dayan\u0131\u015fma Vakf\u0131 Ba\u015fkan\u0131 Ali Yeral&#8217;\u0131n Kur&#8217;an-\u0131 Kerim okumas\u0131n\u0131n ard\u0131ndan K\u0131l\u0131\u00e7daro\u011flu, baba \u015eahap ve anne Emel Korkmaz&#8217;a ba\u015fsa\u011fl\u0131\u011f\u0131 diledi.<\/p>\n<p>K\u0131l\u0131\u00e7daro\u011flu, a\u011fabey G\u00fcrkan Korkmaz ile de bir s\u00fcre g\u00f6r\u00fc\u015ft\u00fc.<\/p>\n","protected":false},"excerpt":{"rendered":"<p>CHP Genel Ba\u015fkan\u0131 Kemal K\u0131l\u0131\u00e7daro\u011flu, Gezi Park\u0131 eylemlerinde ya\u015fam\u0131n\u0131 yitiren Abdullah C\u00f6mert ve Ali \u0130smail Korkmaz&#8217;\u0131n ailelerine Hatay&#8217;da taziye ziyaretinde bulundu.<\/p>\n","protected":false},"author":4,"featured_media":143465,"comment_status":"open","ping_status":"open","sticky":false,"template":"","format":"standard","meta":{"_acf_changed":false,"footnotes":""},"categories":[6155,5005,6202,6805],"tags":[131371,134880,8723,92829,5115],"class_list":["post-143462","post","type-post","status-publish","format-standard","has-post-thumbnail","hentry","category-gundem","category-manset","category-politika","category-turkiye","tag-abdullah-comert","tag-ali-ismail-korkmaz","tag-chp","tag-gezi-parki","tag-kemal-kilicdaroglu"],"acf":[],"_links":{"self":[{"href":"https:\/\/www.nationalturk.com\/tr\/wp-json\/wp\/v2\/posts\/143462","targetHints":{"allow":["GET"]}}],"collection":[{"href":"https:\/\/www.nationalturk.com\/tr\/wp-json\/wp\/v2\/posts"}],"about":[{"href":"https:\/\/www.nationalturk.com\/tr\/wp-json\/wp\/v2\/types\/post"}],"author":[{"embeddable":true,"href":"https:\/\/www.nationalturk.com\/tr\/wp-json\/wp\/v2\/users\/4"}],"replies":[{"embeddable":true,"href":"https:\/\/www.nationalturk.com\/tr\/wp-json\/wp\/v2\/comments?post=143462"}],"version-history":[{"count":0,"href":"https:\/\/www.nationalturk.com\/tr\/wp-json\/wp\/v2\/posts\/143462\/revisions"}],"wp:featuredmedia":[{"embeddable":true,"href":"https:\/\/www.nationalturk.com\/tr\/wp-json\/wp\/v2\/media\/143465"}],"wp:attachment":[{"href":"https:\/\/www.nationalturk.com\/tr\/wp-json\/wp\/v2\/media?parent=143462"}],"wp:term":[{"taxonomy":"category","embeddable":true,"href":"https:\/\/www.nationalturk.com\/tr\/wp-json\/wp\/v2\/categories?post=143462"},{"taxonomy":"post_tag","embeddable":true,"href":"https:\/\/www.nationalturk.com\/tr\/wp-json\/wp\/v2\/tags?post=143462"}],"curies":[{"name":"wp","href":"https:\/\/api.w.org\/{rel}","templated":true}]}}