{"id":143750,"date":"2013-07-30T15:26:38","date_gmt":"2013-07-30T12:26:38","guid":{"rendered":"http:\/\/www.nationalturk.com\/?p=143750"},"modified":"2023-11-20T00:50:51","modified_gmt":"2023-11-19T21:50:51","slug":"gezi-parkinda-olay-alman-aktivist-ve-17-kisi-gozaltina-alindi-143750","status":"publish","type":"post","link":"https:\/\/www.nationalturk.com\/tr\/gezi-parkinda-olay-alman-aktivist-ve-17-kisi-gozaltina-alindi-143750\/","title":{"rendered":"Gezi Park\u0131&#8217;nda olay! Alman aktivist ve 17 ki\u015fi g\u00f6zalt\u0131na al\u0131nd\u0131"},"content":{"rendered":"<h1><img loading=\"lazy\" decoding=\"async\" class=\"alignnone size-full wp-image-143754\" alt=\"Klaus M\u00fcller\" src=\"http:\/\/www.nationalturk.com\/tr\/wp-content\/uploads\/2013\/07\/klaus_muller_gozalti.jpg\" width=\"610\" height=\"370\" title=\"\"><\/h1>\n<h1>Gezi Park\u0131 eylemlerinde hayat\u0131n\u0131 kaybedenler i\u00e7in parka konulan sembolik mezar ta\u015flar\u0131 polis ekipleri taraf\u0131ndan kald\u0131r\u0131ld\u0131. Bu s\u0131rada Gezi Park\u0131&#8217;nda bulunan Alman Klaus M\u00fcller polislere tepki g\u00f6sterince g\u00f6zalt\u0131na al\u0131nd\u0131.<\/h1>\n<p>Taksim Gezi Park\u0131 g\u00fcn\u00fc yine olayl\u0131 ge\u00e7irdi. TMMOB\u2019un Gezi Park\u0131\u2019nda yapt\u0131\u011f\u0131 a\u00e7\u0131klaman\u0131n ard\u0131ndan polis ekipleri parkta oturanlara kimlik kontrol\u00fc yapt\u0131. Kimlik kontrol\u00fcne kar\u015f\u0131 \u00e7\u0131kan baz\u0131 ki\u015filer g\u00f6zalt\u0131na al\u0131n\u0131rken eylemlerde hayat\u0131n\u0131 kaybedenler i\u00e7in kurulan simge mezar ta\u015flar\u0131 ise belediye \u00e7al\u0131\u015fanlar\u0131 taraf\u0131ndan \u00e7\u00f6pe at\u0131ld\u0131.<\/p>\n<p>Parktaki baz\u0131 ki\u015filerin e\u015fyalar\u0131n\u0131 arayan polisler yedek mezar ta\u015flar\u0131n\u0131 buldu. E\u015fyalar\u0131n\u0131 geri almak isteyen bir gence polislerin &#8220;Bunlar \u00e7\u00f6p&#8221; yan\u0131t\u0131n\u0131 vermesi \u00fczerine Alman vatanda\u015f\u0131 oldu\u011fu \u00f6\u011frenilen aktivist Klaus M\u00fcller &#8220;Bunlar \u00e7\u00f6p de\u011fil, 6 ki\u015fi \u00f6ld\u00fc&#8221; diyerek tepki g\u00f6sterdi. Tepki \u00fczerine Klaus M\u00fcller kimlik kontrol\u00fcn\u00fcn ard\u0131ndan g\u00f6zalt\u0131na al\u0131nd\u0131.<\/p>\n<p>Bir s\u00fcre polislere direnen Klaus M\u00fcller T\u00fcrk\u00e7e tepkisinin ard\u0131ndan \u00f6nce Almanca ba\u011f\u0131rd\u0131, ard\u0131ndan da \u0130ngilizce &#8220;Ben ne dedim ki? T\u00fcrkiye demokratik bir \u00fclke mi?&#8221; diye ba\u011f\u0131rd\u0131. Klaus M\u00fcller&#8217;le birlikte Gezi Park\u0131&#8217;nda 17 ki\u015finin g\u00f6zalt\u0131na al\u0131nd\u0131\u011f\u0131 \u00f6\u011frenildi.<\/p>\n<p><img loading=\"lazy\" decoding=\"async\" class=\"alignnone size-full wp-image-143755\" alt=\"\" src=\"http:\/\/www.nationalturk.com\/tr\/wp-content\/uploads\/2013\/07\/gezi_parki_mezar_taslari.jpg\" width=\"610\" height=\"372\" title=\"\"><\/p>\n<!-- Error, Advert is not available at this time due to schedule\/geolocation restrictions! -->\n","protected":false},"excerpt":{"rendered":"<p>Gezi Park\u0131 eylemlerinde hayat\u0131n\u0131 kaybedenler i\u00e7in parka konulan sembolik mezar ta\u015flar\u0131 polis ekipleri taraf\u0131ndan kald\u0131r\u0131ld\u0131. Bu s\u0131rada Gezi Park\u0131&#8217;nda bulunan Alman Klaus M\u00fcller polislere tepki g\u00f6sterince g\u00f6zalt\u0131na al\u0131nd\u0131.<\/p>\n","protected":false},"author":4,"featured_media":143754,"comment_status":"open","ping_status":"open","sticky":false,"template":"","format":"standard","meta":{"_acf_changed":false,"footnotes":""},"categories":[221420,6155,5005,6202,349,6805],"tags":[92829,3805,14663,14661],"class_list":["post-143750","post","type-post","status-publish","format-standard","has-post-thumbnail","hentry","category-gezi-parki-olaylari","category-gundem","category-manset","category-politika","category-son-dakika","category-turkiye","tag-gezi-parki","tag-taksim","tag-taksim-gezi-parki","tag-tmmob"],"acf":[],"_links":{"self":[{"href":"https:\/\/www.nationalturk.com\/tr\/wp-json\/wp\/v2\/posts\/143750","targetHints":{"allow":["GET"]}}],"collection":[{"href":"https:\/\/www.nationalturk.com\/tr\/wp-json\/wp\/v2\/posts"}],"about":[{"href":"https:\/\/www.nationalturk.com\/tr\/wp-json\/wp\/v2\/types\/post"}],"author":[{"embeddable":true,"href":"https:\/\/www.nationalturk.com\/tr\/wp-json\/wp\/v2\/users\/4"}],"replies":[{"embeddable":true,"href":"https:\/\/www.nationalturk.com\/tr\/wp-json\/wp\/v2\/comments?post=143750"}],"version-history":[{"count":0,"href":"https:\/\/www.nationalturk.com\/tr\/wp-json\/wp\/v2\/posts\/143750\/revisions"}],"wp:featuredmedia":[{"embeddable":true,"href":"https:\/\/www.nationalturk.com\/tr\/wp-json\/wp\/v2\/media\/143754"}],"wp:attachment":[{"href":"https:\/\/www.nationalturk.com\/tr\/wp-json\/wp\/v2\/media?parent=143750"}],"wp:term":[{"taxonomy":"category","embeddable":true,"href":"https:\/\/www.nationalturk.com\/tr\/wp-json\/wp\/v2\/categories?post=143750"},{"taxonomy":"post_tag","embeddable":true,"href":"https:\/\/www.nationalturk.com\/tr\/wp-json\/wp\/v2\/tags?post=143750"}],"curies":[{"name":"wp","href":"https:\/\/api.w.org\/{rel}","templated":true}]}}