{"id":143897,"date":"2013-07-31T14:11:06","date_gmt":"2013-07-31T11:11:06","guid":{"rendered":"http:\/\/www.nationalturk.com\/?p=143897"},"modified":"2013-07-31T15:08:49","modified_gmt":"2013-07-31T12:08:49","slug":"canakkale-ezine-aciklarinda-tekne-faciasi-24-olu-143897","status":"publish","type":"post","link":"https:\/\/www.nationalturk.com\/tr\/canakkale-ezine-aciklarinda-tekne-faciasi-24-olu-143897\/","title":{"rendered":"\u00c7anakkale Ezine a\u00e7\u0131klar\u0131nda tekne facias\u0131: 24 \u00f6l\u00fc"},"content":{"rendered":"<p><img loading=\"lazy\" decoding=\"async\" class=\"alignleft size-medium wp-image-143898\" alt=\"\" src=\"http:\/\/www.nationalturk.com\/tr\/wp-content\/uploads\/2013\/07\/son-dakika-dikey24-206x220.jpg\" width=\"206\" height=\"220\" title=\"\" srcset=\"https:\/\/www.nationalturk.com\/tr\/wp-content\/uploads\/2013\/07\/son-dakika-dikey24-206x220.jpg 206w, https:\/\/www.nationalturk.com\/tr\/wp-content\/uploads\/2013\/07\/son-dakika-dikey24.jpg 300w\" sizes=\"auto, (max-width: 206px) 100vw, 206px\" \/><\/p>\n<h1>\u00c7anakkale&#8217;nin Ezine il\u00e7esine ba\u011fl\u0131 Tavakl\u0131 k\u00f6y\u00fc a\u00e7\u0131klar\u0131nda, uluslararas\u0131 sularda ka\u00e7aklar\u0131 ta\u015f\u0131yan s\u00fcrat teknesi batt\u0131. Teknede bulunan 24 ki\u015fi hayat\u0131n\u0131 kaybetti. \/\u00a0\u00c7anakkale a\u00e7\u0131klar\u0131nda tekne facias\u0131: 24 \u00f6l\u00fc<\/h1>\n<p>Ege Denizi&#8217;nin uluslararas\u0131 sular\u0131nda ka\u00e7aklar\u0131 ta\u015f\u0131yan s\u00fcrat teknesinin batt\u0131\u011f\u0131, sahil g\u00fcvenlik ekiplerinin, 18 ki\u015finin cesedine ula\u015ft\u0131\u011f\u0131 bildirildi.\u00a0AA muhabirinin ald\u0131\u011f\u0131 bilgiye g\u00f6re, d\u00fcn gece \u00c7anakkale&#8217;nin Ezine il\u00e7esine ba\u011fl\u0131 Tavakl\u0131 k\u00f6y\u00fc iskelesinin yakla\u015f\u0131k 10 mil a\u00e7\u0131\u011f\u0131nda, Ege Denizi&#8217;nde uluslararas\u0131 sularda i\u00e7inde yakla\u015f\u0131k 30 ka\u00e7a\u011f\u0131n bulundu\u011fu s\u00fcrat teknesi, hen\u00fcz belirlenemeyen nedenle batt\u0131.\u00a0\u0130hbar\u0131n ard\u0131ndan b\u00f6lgeye ula\u015fan sahil g\u00fcvenlik ekipleri, 18 ki\u015finin cesedine ula\u015ft\u0131. Ekipler, denizden 12 ki\u015fiyi de kurtard\u0131.\u00a0B\u00f6lgede, sahil g\u00fcvenli\u011fe ait botlar ile u\u00e7ak ve helikopterin de aralar\u0131nda bulundu\u011fu ekiplerin arama-kurtarma \u00e7al\u0131\u015fmalar\u0131n\u0131 s\u00fcrd\u00fcrd\u00fc\u011f\u00fc belirtildi.<\/p>\n<h2>\u00c7anakkale Ezine&#8217;de tekne facias\u0131 \/ \u00d6l\u00fc say\u0131s\u0131 24&#8217;e y\u00fckseldi<\/h2>\n<p>Ege Denizi&#8217;ndeki uluslararas\u0131 sularda ka\u00e7aklar\u0131 ta\u015f\u0131yan teknenin batmas\u0131 sonucu \u00f6len ki\u015fi say\u0131s\u0131 24&#8217;e y\u00fckseldi.<\/p>\n<p>Al\u0131nan bilgiye g\u00f6re, Sahil G\u00fcvenlik Komutanl\u0131\u011f\u0131 ekiplerinin, Ezine il\u00e7esine ba\u011fl\u0131 Tavakl\u0131 k\u00f6y\u00fcndeki iskelenin yakla\u015f\u0131k 10 mil a\u00e7\u0131\u011f\u0131nda, teknenin batt\u0131\u011f\u0131 b\u00f6lgede 6 cesede daha ula\u015fmas\u0131yla \u00f6l\u00fc say\u0131s\u0131 24&#8217;e \u00e7\u0131kt\u0131.<\/p>\n<p>Daha \u00f6nce 12 ki\u015fiyi sa\u011f olarak k\u0131y\u0131ya \u00e7\u0131karan ekipler, bot, u\u00e7ak ve helikopterlerle arama kurtarma \u00e7al\u0131\u015fmalar\u0131na devam ediyor.<\/p>\n<h3>\u00c7anakkale Valili\u011fi&#8217;nden a\u00e7\u0131klama<\/h3>\n<p>\u00c7anakkale Valili\u011fi, Ege Denizi&#8217;nde ka\u00e7aklar\u0131 ta\u015f\u0131yan teknenin batmas\u0131n\u0131n ard\u0131ndan yap\u0131lan arama-kurtarma faaliyetleri sonucu 12&#8217;si sa\u011f, 24&#8217;\u00fc \u00f6l\u00fc olmak \u00fczere 36 ki\u015fiye ula\u015f\u0131ld\u0131\u011f\u0131n\u0131 bildirdi.<\/p>\n<p>Valilikten yap\u0131lan yaz\u0131l\u0131 a\u00e7\u0131klamada, 31 Temmuz 2013 saat 02.05&#8217;de Sahil G\u00fcvenlik \u00c7anakkale Grup Komutanl\u0131\u011f\u0131na gelen bir ihbarda, i\u00e7erisinde yasa d\u0131\u015f\u0131 g\u00f6\u00e7men olan s\u00fcrat motorunun, G\u00fclp\u0131nar beldesinin 7 mil a\u00e7\u0131klar\u0131nda alabora oldu\u011fu bilgisinin al\u0131nd\u0131\u011f\u0131 belirtildi.<\/p>\n<p>\u0130hbar\u0131n al\u0131nmas\u0131n\u0131 m\u00fcteakip Sahil G\u00fcvenlik \u00c7anakkale Grup Komutanl\u0131\u011f\u0131 ba\u011fl\u0131s\u0131 4 sahil g\u00fcvenlik botunun b\u00f6lgeye sevk edildi\u011fi kaydedilen a\u00e7\u0131klamada, \u015fu ifadeler kullan\u0131ld\u0131:<\/p>\n<p>&#8220;Arama kurtarma faaliyetlerine saat 02.30&#8217;da olay mahallinde ba\u015flanm\u0131\u015ft\u0131r. Bot faaliyetleri sahil g\u00fcvenlik, helikopter ve u\u00e7aklar\u0131n, havadan arama faaliyetleri ile desteklenmektedir. 31 Temmuz saat 12.30 itibar\u0131yla, arama ve kurtarma faaliyetleri sonucu 12 sa\u011f ve 24 \u00f6l\u00fc olmak \u00fczere 36 ki\u015fiye ula\u015f\u0131lm\u0131\u015ft\u0131r. Arama ve kurtarma faaliyetlerine 4 sahil g\u00fcvenlik botu, sahil g\u00fcvenlik u\u00e7a\u011f\u0131 ve helikopteriyle devam edilmektedir.&#8221;<\/p>\n<!-- Error, Advert is not available at this time due to schedule\/geolocation restrictions! -->\n","protected":false},"excerpt":{"rendered":"<p>\u00c7anakkale&#8217;nin Ezine il\u00e7esine ba\u011fl\u0131 Tavakl\u0131 k\u00f6y\u00fc a\u00e7\u0131klar\u0131nda, uluslararas\u0131 sularda ka\u00e7aklar\u0131 ta\u015f\u0131yan s\u00fcrat teknesi batt\u0131. Teknede bulunan 24 ki\u015fi hayat\u0131n\u0131 kaybetti. \/ \u00c7anakkale a\u00e7\u0131klar\u0131nda tekne facias\u0131: 24 \u00f6l\u00fc<\/p>\n","protected":false},"author":4,"featured_media":178018,"comment_status":"open","ping_status":"open","sticky":false,"template":"","format":"standard","meta":{"_acf_changed":false,"footnotes":""},"categories":[6155,5005,349,6805],"tags":[1005,12238,137427],"class_list":["post-143897","post","type-post","status-publish","format-standard","has-post-thumbnail","hentry","category-gundem","category-manset","category-son-dakika","category-turkiye","tag-canakkale","tag-ezine","tag-tekne-batti"],"acf":[],"_links":{"self":[{"href":"https:\/\/www.nationalturk.com\/tr\/wp-json\/wp\/v2\/posts\/143897","targetHints":{"allow":["GET"]}}],"collection":[{"href":"https:\/\/www.nationalturk.com\/tr\/wp-json\/wp\/v2\/posts"}],"about":[{"href":"https:\/\/www.nationalturk.com\/tr\/wp-json\/wp\/v2\/types\/post"}],"author":[{"embeddable":true,"href":"https:\/\/www.nationalturk.com\/tr\/wp-json\/wp\/v2\/users\/4"}],"replies":[{"embeddable":true,"href":"https:\/\/www.nationalturk.com\/tr\/wp-json\/wp\/v2\/comments?post=143897"}],"version-history":[{"count":0,"href":"https:\/\/www.nationalturk.com\/tr\/wp-json\/wp\/v2\/posts\/143897\/revisions"}],"wp:featuredmedia":[{"embeddable":true,"href":"https:\/\/www.nationalturk.com\/tr\/wp-json\/wp\/v2\/media\/178018"}],"wp:attachment":[{"href":"https:\/\/www.nationalturk.com\/tr\/wp-json\/wp\/v2\/media?parent=143897"}],"wp:term":[{"taxonomy":"category","embeddable":true,"href":"https:\/\/www.nationalturk.com\/tr\/wp-json\/wp\/v2\/categories?post=143897"},{"taxonomy":"post_tag","embeddable":true,"href":"https:\/\/www.nationalturk.com\/tr\/wp-json\/wp\/v2\/tags?post=143897"}],"curies":[{"name":"wp","href":"https:\/\/api.w.org\/{rel}","templated":true}]}}