{"id":144259,"date":"2013-08-05T09:50:51","date_gmt":"2013-08-05T06:50:51","guid":{"rendered":"http:\/\/www.nationalturk.com\/?p=144259"},"modified":"2023-11-20T00:50:35","modified_gmt":"2023-11-19T21:50:35","slug":"roger-waters-istanbul-konseri-gezi-parki-damgasi-144259","status":"publish","type":"post","link":"https:\/\/www.nationalturk.com\/tr\/roger-waters-istanbul-konseri-gezi-parki-damgasi-144259\/","title":{"rendered":"Roger Waters \u0130stanbul konserine Gezi Park\u0131 damgas\u0131"},"content":{"rendered":"<p><img loading=\"lazy\" decoding=\"async\" class=\"alignnone size-full wp-image-144260\" alt=\"Roger Waters\" src=\"http:\/\/www.nationalturk.com\/tr\/wp-content\/uploads\/2013\/08\/roger_waters_gezi_parki.jpg\" width=\"610\" height=\"366\" title=\"\"><\/p>\n<h1>Pink Floyd efsanesini s\u00fcrd\u00fcren Roger Waters&#8217;in \u0130T\u00dc Stadyumu&#8217;ndaki konserine Gezi Park\u0131 damgas\u0131n\u0131 vurdu. Onbinlerce ki\u015fi &#8216;Her yer Taksim her yer direni\u015f&#8217; slogan\u0131 atarken Roger Waters sahneye Gezi Park\u0131 olaylar\u0131nda hayat\u0131n\u0131 kaybeden 4 eylemci ile polis memuru Mustafa Sar\u0131&#8217;n\u0131n foto\u011fraflar\u0131n\u0131 yans\u0131tt\u0131.<\/h1>\n<p>Roger Waters \u0130stanbul konseri nefes kesti. Binlerce ki\u015fi \u0130T\u00dc Stadyumu&#8217;nu doldururken konser g\u00f6rsel \u015f\u00f6len \u015feklinde ge\u00e7ti. Roger Waters \u0130stanbul konseri The Wall \u015fark\u0131s\u0131n\u0131 s\u00f6ylemesi ve &#8216;duvar&#8217;\u0131n y\u0131k\u0131lmas\u0131yla ba\u015flad\u0131. Konser \u00f6ncesi binlerce izleyici &#8216;Her yer Taksim her yer direni\u015f&#8217; slogan\u0131 att\u0131. Roger Waters konser s\u0131ras\u0131nda sahneye Gezi Park\u0131 direni\u015finde ya\u015fam\u0131n\u0131 yitiren eylemciler Ethem Sar\u0131s\u00fcl\u00fck, Mehmet Ayval\u0131ta\u015f, Abdullah C\u00f6mert ve Ali \u0130smail Korkmaz ile polis memuru Mustafa Sar\u0131&#8217;n\u0131n foto\u011fraflar\u0131n\u0131 yans\u0131tt\u0131. Waters, hayat\u0131n\u0131 kaybedenler i\u00e7in devlet ter\u00f6r\u00fcnde \u00f6lenler ifadesini kullan\u0131rken bu s\u0131rada da stadyum sloganlarla inledi.<\/p>\n<p>\u0130T\u00dc Stadyumu&#8217;ndaki konser i\u00e7in T\u00fcrkiye&#8217;nin \u00e7e\u015fitli illerinden yan\u0131 s\u0131ra G\u00fcrcistan, \u0130ran, Bulgaristan, Yunanistan, \u00a0L\u00fcbnan, Rusya gibi \u00fclkelerden de Pink Floyd hayranlar\u0131n\u0131n geldi\u011fi g\u00f6r\u00fcld\u00fc.<\/p>\n<p>Bu arada konser s\u0131ras\u0131nda Gezi Park\u0131 kurbanlar\u0131n\u0131n yan\u0131 s\u0131ra aralar\u0131nda Hrant Dink, U\u011fur Mumcu ve Adnan Menderes&#8217;in de bulundu\u011fu, siyasi cinayetlere kurban gidenlerin foto\u011fraflar\u0131 da duvara yans\u0131t\u0131ld\u0131.<\/p>\n<!-- Error, Advert is not available at this time due to schedule\/geolocation restrictions! -->\n","protected":false},"excerpt":{"rendered":"<p>Pink Floyd efsanesini s\u00fcrd\u00fcren Roger Waters&#8217;in \u0130T\u00dc Stadyumu&#8217;ndaki konserine Gezi Park\u0131 damgas\u0131n\u0131 vurdu. Onbinlerce ki\u015fi &#8216;Her yer Taksim her yer direni\u015f&#8217; slogan\u0131 atarken Roger Waters sahneye Gezi Park\u0131 olaylar\u0131nda hayat\u0131n\u0131 kaybeden 4 eylemci ile polis memuru Mustafa Sar\u0131&#8217;n\u0131n foto\u011fraflar\u0131n\u0131 yans\u0131tt\u0131.<\/p>\n","protected":false},"author":4,"featured_media":144260,"comment_status":"open","ping_status":"open","sticky":false,"template":"","format":"standard","meta":{"_acf_changed":false,"footnotes":""},"categories":[221420,6155,6232,5005,36154,6805],"tags":[92829,72324,94626,117907,117908],"class_list":["post-144259","post","type-post","status-publish","format-standard","has-post-thumbnail","hentry","category-gezi-parki-olaylari","category-gundem","category-magazin","category-manset","category-muzik","category-turkiye","tag-gezi-parki","tag-pink-floyd","tag-roger-waters","tag-roger-waters-istanbul","tag-roger-waters-istanbul-konseri"],"acf":[],"_links":{"self":[{"href":"https:\/\/www.nationalturk.com\/tr\/wp-json\/wp\/v2\/posts\/144259","targetHints":{"allow":["GET"]}}],"collection":[{"href":"https:\/\/www.nationalturk.com\/tr\/wp-json\/wp\/v2\/posts"}],"about":[{"href":"https:\/\/www.nationalturk.com\/tr\/wp-json\/wp\/v2\/types\/post"}],"author":[{"embeddable":true,"href":"https:\/\/www.nationalturk.com\/tr\/wp-json\/wp\/v2\/users\/4"}],"replies":[{"embeddable":true,"href":"https:\/\/www.nationalturk.com\/tr\/wp-json\/wp\/v2\/comments?post=144259"}],"version-history":[{"count":0,"href":"https:\/\/www.nationalturk.com\/tr\/wp-json\/wp\/v2\/posts\/144259\/revisions"}],"wp:featuredmedia":[{"embeddable":true,"href":"https:\/\/www.nationalturk.com\/tr\/wp-json\/wp\/v2\/media\/144260"}],"wp:attachment":[{"href":"https:\/\/www.nationalturk.com\/tr\/wp-json\/wp\/v2\/media?parent=144259"}],"wp:term":[{"taxonomy":"category","embeddable":true,"href":"https:\/\/www.nationalturk.com\/tr\/wp-json\/wp\/v2\/categories?post=144259"},{"taxonomy":"post_tag","embeddable":true,"href":"https:\/\/www.nationalturk.com\/tr\/wp-json\/wp\/v2\/tags?post=144259"}],"curies":[{"name":"wp","href":"https:\/\/api.w.org\/{rel}","templated":true}]}}