{"id":144540,"date":"2013-08-07T19:25:14","date_gmt":"2013-08-07T16:25:14","guid":{"rendered":"http:\/\/www.nationalturk.com\/?p=144540"},"modified":"2013-08-07T19:25:14","modified_gmt":"2013-08-07T16:25:14","slug":"selcuk-yula-topraga-verildi144540","status":"publish","type":"post","link":"https:\/\/www.nationalturk.com\/tr\/selcuk-yula-topraga-verildi144540\/","title":{"rendered":"Sel\u00e7uk Yula, topra\u011fa verildi"},"content":{"rendered":"<h1><a href=\"http:\/\/www.nationalturk.com\/tr\/wp-content\/uploads\/2013\/08\/selcuk-yula-topraga-verildi.jpg\"><img loading=\"lazy\" decoding=\"async\" class=\"alignleft size-medium wp-image-144541\" alt=\"Sel\u00e7uk Yula, topra\u011fa verildi\" src=\"http:\/\/www.nationalturk.com\/tr\/wp-content\/uploads\/2013\/08\/selcuk-yula-topraga-verildi-280x186.jpg\" width=\"280\" height=\"186\" title=\"\" srcset=\"https:\/\/www.nationalturk.com\/tr\/wp-content\/uploads\/2013\/08\/selcuk-yula-topraga-verildi-280x186.jpg 280w, https:\/\/www.nationalturk.com\/tr\/wp-content\/uploads\/2013\/08\/selcuk-yula-topraga-verildi-600x400.jpg 600w, https:\/\/www.nationalturk.com\/tr\/wp-content\/uploads\/2013\/08\/selcuk-yula-topraga-verildi.jpg 1200w\" sizes=\"auto, (max-width: 280px) 100vw, 280px\" \/><\/a>Fenerbah\u00e7e ve Milli Tak\u0131m\u0131n unutulmaz futbolcusu Sel\u00e7uk Yula, son yolculu\u011funa u\u011furland\u0131.<\/h1>\n<p>Karacaahmet \u015eakirin Camisi&#8217;nde ikindi namaz\u0131n\u0131n ard\u0131ndan d\u00fczenlenen cenaze t\u00f6renine, Fenerbah\u00e7e Kul\u00fcb\u00fc Ba\u015fkan\u0131 Aziz Y\u0131ld\u0131r\u0131m, sar\u0131-lacivertli kul\u00fcb\u00fcn y\u00f6netim kurulu \u00fcyeleri, futbolculardan Bekir \u0130rteg\u00fcn, Mert G\u00fcnok, CHP Grup Ba\u015fkanvekili Akif Hamza\u00e7ebi, T\u00fcrkiye Futbol Federasyonu (TFF) \u0130kinci Ba\u015fkanvekili Servet Yard\u0131mc\u0131, Eski TFF Ba\u015fkan\u0131 Mehmet Ali Ayd\u0131nlar, Yula&#8217;n\u0131n ailesi, eski tak\u0131m arkada\u015flar\u0131 ile spor ve sanat camias\u0131ndan bir\u00e7ok seveni kat\u0131ld\u0131.<\/p>\n<p>T\u00f6rene, Galatasaray Kul\u00fcb\u00fc Ba\u015fkan\u0131 \u00dcnal Aysal, Be\u015fikta\u015f Kul\u00fcb\u00fc Ba\u015fkan\u0131 Fikret Orman, Galatasaray Teknik Direkt\u00f6r\u00fc Fatih Terim ile e\u015fi Fulya Terim, Galatasaray Kul\u00fcb\u00fc \u0130cra Kurulu Ba\u015fkan\u0131 Lutfi Ar\u0131bo\u011fan ve spor d\u00fcnyas\u0131ndan bir\u00e7ok \u00fcnl\u00fc isim \u00e7elenk g\u00f6nderdi.<\/p>\n<p>K\u0131l\u0131nan namazdan sonra Sel\u00e7uk Yula&#8217;n\u0131n cenazesi, alk\u0131\u015flar ve &#8220;Sel\u00e7uk \u00f6lmedi, kalbimizde ya\u015f\u0131yor&#8221; tezah\u00fcratlar\u0131 aras\u0131nda defnedilece\u011fi Karacaahmet Mezarl\u0131\u011f\u0131&#8217;na g\u00f6t\u00fcr\u00fcld\u00fc.<\/p>\n<p>Fenerbah\u00e7eli kaleci Mert G\u00fcnok, gazetecilere yapt\u0131\u011f\u0131 a\u00e7\u0131klamada, Sel\u00e7uk Yula&#8217;n\u0131n vefat\u0131 nedeniyle b\u00fcy\u00fck \u00fcz\u00fcnt\u00fc ve \u015fok ya\u015fad\u0131klar\u0131n\u0131 s\u00f6yledi.<\/p>\n<p>\u00d6te yandan, sar\u0131-lacivertli taraftarlar\u0131n yan\u0131 s\u0131ra Be\u015fikta\u015fl\u0131 taraftarlar da cenaze t\u00f6reninde yer ald\u0131.<\/p>\n<!-- Error, Advert is not available at this time due to schedule\/geolocation restrictions! -->\n","protected":false},"excerpt":{"rendered":"<p>Fenerbah\u00e7e ve Milli Tak\u0131m\u0131n unutulmaz futbolcusu Sel\u00e7uk Yula, son yolculu\u011funa u\u011furland\u0131.<\/p>\n","protected":false},"author":3,"featured_media":177916,"comment_status":"open","ping_status":"open","sticky":false,"template":"","format":"standard","meta":{"_acf_changed":false,"footnotes":""},"categories":[6774,6155,5005,6194],"tags":[5058,72011,5891,849,36186,29906,37131,14279,10550,99898,64385],"class_list":["post-144540","post","type-post","status-publish","format-standard","has-post-thumbnail","hentry","category-futbol","category-gundem","category-manset","category-spor","tag-aziz-yildirim","tag-bekir-irtegun","tag-fatih-terim","tag-fenerbahce","tag-fenerbahce-kulubu-baskani","tag-fenerbahce-kulubu-baskani-aziz-yildirim","tag-fikret-orman","tag-mehmet-ali-aydinlar","tag-mert-gunok","tag-selcuk-yula","tag-unal-aysal"],"acf":[],"_links":{"self":[{"href":"https:\/\/www.nationalturk.com\/tr\/wp-json\/wp\/v2\/posts\/144540","targetHints":{"allow":["GET"]}}],"collection":[{"href":"https:\/\/www.nationalturk.com\/tr\/wp-json\/wp\/v2\/posts"}],"about":[{"href":"https:\/\/www.nationalturk.com\/tr\/wp-json\/wp\/v2\/types\/post"}],"author":[{"embeddable":true,"href":"https:\/\/www.nationalturk.com\/tr\/wp-json\/wp\/v2\/users\/3"}],"replies":[{"embeddable":true,"href":"https:\/\/www.nationalturk.com\/tr\/wp-json\/wp\/v2\/comments?post=144540"}],"version-history":[{"count":0,"href":"https:\/\/www.nationalturk.com\/tr\/wp-json\/wp\/v2\/posts\/144540\/revisions"}],"wp:featuredmedia":[{"embeddable":true,"href":"https:\/\/www.nationalturk.com\/tr\/wp-json\/wp\/v2\/media\/177916"}],"wp:attachment":[{"href":"https:\/\/www.nationalturk.com\/tr\/wp-json\/wp\/v2\/media?parent=144540"}],"wp:term":[{"taxonomy":"category","embeddable":true,"href":"https:\/\/www.nationalturk.com\/tr\/wp-json\/wp\/v2\/categories?post=144540"},{"taxonomy":"post_tag","embeddable":true,"href":"https:\/\/www.nationalturk.com\/tr\/wp-json\/wp\/v2\/tags?post=144540"}],"curies":[{"name":"wp","href":"https:\/\/api.w.org\/{rel}","templated":true}]}}