{"id":144675,"date":"2013-08-10T16:35:10","date_gmt":"2013-08-10T13:35:10","guid":{"rendered":"http:\/\/www.nationalturk.com\/?p=144675"},"modified":"2013-08-10T16:35:25","modified_gmt":"2013-08-10T13:35:25","slug":"kilicdaroglu-tuncelide-konustu-darbe-hukuku-istemiyoruz-144675","status":"publish","type":"post","link":"https:\/\/www.nationalturk.com\/tr\/kilicdaroglu-tuncelide-konustu-darbe-hukuku-istemiyoruz-144675\/","title":{"rendered":"K\u0131l\u0131\u00e7daro\u011flu Tunceli&#8217;de konu\u015ftu: Darbe hukuku istemiyoruz"},"content":{"rendered":"<p><img loading=\"lazy\" decoding=\"async\" class=\"alignleft size-medium wp-image-144676\" alt=\"Kemal K\u0131l\u0131\u00e7daro\u011flu\" src=\"http:\/\/www.nationalturk.com\/tr\/wp-content\/uploads\/2013\/08\/kilicdaroglu_tuncelide-280x186.jpg\" width=\"280\" height=\"186\" title=\"\" srcset=\"https:\/\/www.nationalturk.com\/tr\/wp-content\/uploads\/2013\/08\/kilicdaroglu_tuncelide-280x186.jpg 280w, https:\/\/www.nationalturk.com\/tr\/wp-content\/uploads\/2013\/08\/kilicdaroglu_tuncelide-600x400.jpg 600w, https:\/\/www.nationalturk.com\/tr\/wp-content\/uploads\/2013\/08\/kilicdaroglu_tuncelide.jpg 1200w\" sizes=\"auto, (max-width: 280px) 100vw, 280px\" \/><\/p>\n<h1>CHP Genel Ba\u015fkan\u0131 Kemal K\u0131l\u0131\u00e7daro\u011flu, &#8216;Biz 12 Eyl\u00fcl asker darbesinin getirdi\u011fi yasalar\u0131 yani darbe hukukunu \u00fclkemizde istemiyoruz&#8217; dedi.<\/h1>\n<p>Kemal K\u0131l\u0131\u00e7daro\u011flu, Ramazan Bayram\u0131&#8217;n\u0131 ge\u00e7irmek \u00fczere geldi\u011fi memleketi Tunceli&#8217;den Sivas&#8217;a giderken yol \u00fcst\u00fcndeki P\u00fcl\u00fcm\u00fcr il\u00e7esine u\u011frad\u0131. Vatanda\u015flarla bayramla\u015fan ve sohbet eden K\u0131l\u0131\u00e7daro\u011flu, daha sonra il\u00e7e meydan\u0131nda toplananlara hitaben yapt\u0131\u011f\u0131 konu\u015fmada, T\u00fcrkiye&#8217;de bar\u0131\u015f ve huzur istediklerini s\u00f6yledi.<\/p>\n<p>&#8221;Hi\u00e7 kimsenin g\u00f6lgesinin T\u00fcrkiye Cumhuriyeti&#8217;nin \u00fcst\u00fcne de bizim vatanda\u015f\u0131m\u0131z\u0131n \u00fcst\u00fcne de d\u00fc\u015fmesini istemiyoruz&#8221; diyen K\u0131l\u0131\u00e7daro\u011flu, \u00f6zg\u00fcrl\u00fc\u011f\u00fc ve demokrasiyi her yerde savunduklar\u0131n\u0131 dile getirdi.<\/p>\n<p>Gazetelerde 17 maddelik \u00f6zg\u00fcrl\u00fck ve demokrasi bildirgesi yay\u0131nlatt\u0131klar\u0131n\u0131 an\u0131msatan K\u0131l\u0131\u00e7daro\u011flu, konu\u015fmas\u0131n\u0131 \u015f\u00f6yle s\u00fcrd\u00fcrd\u00fc:<\/p>\n<p>&#8221;Biz 12 Eyl\u00fcl askeri darbesinin getirdi\u011fi yasalar\u0131 yani darbe hukukunu \u00fclkemizde istemiyoruz. \u00dclkemizde daha fazla demokrasi daha fazla \u00f6zg\u00fcrl\u00fck istiyoruz. Bunu her yerde s\u00f6yl\u00fcyoruz. Kendi \u00fclkemizde bar\u0131\u015f istiyoruz, kom\u015fular\u0131m\u0131zla bar\u0131\u015f istiyoruz, kendi topra\u011f\u0131m\u0131zda bar\u0131\u015f istiyoruz. B\u00fct\u00fcn \u00fclkelerle, kom\u015fular\u0131m\u0131zla bar\u0131\u015f istiyoruz. Ne Suriye&#8217;de ne Irak&#8217;ta ne \u0130ran&#8217;da ne Ermenistan&#8217;da ne Rusya&#8217;da ne Bulgaristan&#8217;da ne Yunanistan&#8217;da hi\u00e7bir ki\u015fiyle, hi\u00e7bir devletle aram\u0131z\u0131n bozuk olmas\u0131n\u0131 istemiyoruz. Yani yurtta da bar\u0131\u015f istiyoruz d\u00fcnyada da bar\u0131\u015f istiyoruz.&#8221;<\/p>\n<p>\u00d6zg\u00fcrl\u00fc\u011f\u00fc savunman\u0131n kendilerine ve vatanda\u015flara d\u00fc\u015ft\u00fc\u011f\u00fcn\u00fc kaydeden K\u0131l\u0131\u00e7daro\u011flu, &#8221;Hi\u00e7bir zaman &#8216;\u00f6zg\u00fcrl\u00fc\u011f\u00fcn bedelini ben \u00f6demem ba\u015fkas\u0131 \u00f6desin&#8217; demek istemiyoruz. E\u011fer bu \u00fclkeye \u00f6zg\u00fcrl\u00fck gelecekse, e\u011fer bir bedel \u00f6denecekse size b\u00fct\u00fcn samimiyetimle s\u00f6yl\u00fcyorum, o bedeli Kemal K\u0131l\u0131\u00e7daro\u011flu olarak \u00f6demeye her zaman haz\u0131r\u0131m&#8221; ifadelerini kulland\u0131.<\/p>\n<p>Kemal K\u0131l\u0131\u00e7daro\u011flu, Ramazan Bayram\u0131&#8217;n\u0131n huzurlu bir ortamda ge\u00e7ti\u011fini, bundan sonraki g\u00fcnlerin de huzur i\u00e7erisinde ge\u00e7mesini temenni ettiklerini vurgulad\u0131.<\/p>\n<p>Tunceli&#8217;nin b\u00f6lgede bir ada oldu\u011funu s\u00f6yleyen K\u0131l\u0131\u00e7daro\u011flu, \u00f6zg\u00fcrl\u00fck, demokrasi ya\u015famak isteyenleri b\u00f6lgeye davet ederek, &#8221;Bazen Tunceli diyorum baz\u0131lar\u0131 diyor &#8216;Dersim de s\u00f6yle.&#8217; Elbette Dersim de s\u00f6ylece\u011fiz. Hi\u00e7 endi\u015feniz olmas\u0131n. Ha Tunceli ha Dersim, \u00f6zg\u00fcrl\u00fc\u011f\u00fcn, demokrasinin merkezidir buralar. Emin olun Tunceli, sadece Tunceli co\u011frafyas\u0131yla s\u0131n\u0131rl\u0131 de\u011fil, nereye giderseniz bir devrimci g\u00f6r\u00fcrseniz bilin ki o devrimci \u00f6ncelikle Tuncelilidir&#8221; diye konu\u015ftu.<\/p>\n<!-- Error, Advert is not available at this time due to schedule\/geolocation restrictions! -->\n","protected":false},"excerpt":{"rendered":"<p>CHP Genel Ba\u015fkan\u0131 Kemal K\u0131l\u0131\u00e7daro\u011flu, &#8216;Biz 12 Eyl\u00fcl asker darbesinin getirdi\u011fi yasalar\u0131 yani darbe hukukunu \u00fclkemizde istemiyoruz&#8217; dedi.<\/p>\n","protected":false},"author":4,"featured_media":177893,"comment_status":"open","ping_status":"open","sticky":false,"template":"","format":"standard","meta":{"_acf_changed":false,"footnotes":""},"categories":[6155,5005,6202,349,6805],"tags":[5115,9319,26586],"class_list":["post-144675","post","type-post","status-publish","format-standard","has-post-thumbnail","hentry","category-gundem","category-manset","category-politika","category-son-dakika","category-turkiye","tag-kemal-kilicdaroglu","tag-kemal-kilicdaroglu-aciklama","tag-kemal-kilicdaroglu-tunceli"],"acf":[],"_links":{"self":[{"href":"https:\/\/www.nationalturk.com\/tr\/wp-json\/wp\/v2\/posts\/144675","targetHints":{"allow":["GET"]}}],"collection":[{"href":"https:\/\/www.nationalturk.com\/tr\/wp-json\/wp\/v2\/posts"}],"about":[{"href":"https:\/\/www.nationalturk.com\/tr\/wp-json\/wp\/v2\/types\/post"}],"author":[{"embeddable":true,"href":"https:\/\/www.nationalturk.com\/tr\/wp-json\/wp\/v2\/users\/4"}],"replies":[{"embeddable":true,"href":"https:\/\/www.nationalturk.com\/tr\/wp-json\/wp\/v2\/comments?post=144675"}],"version-history":[{"count":0,"href":"https:\/\/www.nationalturk.com\/tr\/wp-json\/wp\/v2\/posts\/144675\/revisions"}],"wp:featuredmedia":[{"embeddable":true,"href":"https:\/\/www.nationalturk.com\/tr\/wp-json\/wp\/v2\/media\/177893"}],"wp:attachment":[{"href":"https:\/\/www.nationalturk.com\/tr\/wp-json\/wp\/v2\/media?parent=144675"}],"wp:term":[{"taxonomy":"category","embeddable":true,"href":"https:\/\/www.nationalturk.com\/tr\/wp-json\/wp\/v2\/categories?post=144675"},{"taxonomy":"post_tag","embeddable":true,"href":"https:\/\/www.nationalturk.com\/tr\/wp-json\/wp\/v2\/tags?post=144675"}],"curies":[{"name":"wp","href":"https:\/\/api.w.org\/{rel}","templated":true}]}}