{"id":144688,"date":"2013-08-10T20:26:34","date_gmt":"2013-08-10T17:26:34","guid":{"rendered":"http:\/\/www.nationalturk.com\/?p=144688"},"modified":"2013-08-10T20:26:34","modified_gmt":"2013-08-10T17:26:34","slug":"kenan-imirzalioglu-barcelonaya-gitti-144688","status":"publish","type":"post","link":"https:\/\/www.nationalturk.com\/tr\/kenan-imirzalioglu-barcelonaya-gitti-144688\/","title":{"rendered":"Kenan \u0130mirzal\u0131o\u011flu Barcelona&#8217;ya gitti!"},"content":{"rendered":"<figure id=\"attachment_144692\" aria-describedby=\"caption-attachment-144692\" style=\"width: 606px\" class=\"wp-caption aligncenter\"><img loading=\"lazy\" decoding=\"async\" class=\"size-full wp-image-144692\" alt=\"\u0130stanbul Narkotik \u015eubesinin d\u00fczenledi\u011fi operasyonda g\u00f6zalt\u0131na al\u0131nan ve ifade verdikten sonra serbest b\u0131rak\u0131lan \u00dcnl\u00fc oyuncu Kenan \u0130mirzal\u0131o\u011flu Barcelona&#039;ya gitti.\" src=\"http:\/\/www.nationalturk.com\/tr\/wp-content\/uploads\/2013\/08\/Kenan-\u0130mirzal\u0131oglu-Barcelona.jpeg\" width=\"606\" height=\"340\" title=\"\" srcset=\"https:\/\/www.nationalturk.com\/tr\/wp-content\/uploads\/2013\/08\/Kenan-\u0130mirzal\u0131oglu-Barcelona.jpeg 606w, https:\/\/www.nationalturk.com\/tr\/wp-content\/uploads\/2013\/08\/Kenan-\u0130mirzal\u0131oglu-Barcelona-280x157.jpeg 280w\" sizes=\"auto, (max-width: 606px) 100vw, 606px\" \/><figcaption id=\"caption-attachment-144692\" class=\"wp-caption-text\">\u0130stanbul Narkotik \u015eubesinin d\u00fczenledi\u011fi operasyonda g\u00f6zalt\u0131na al\u0131nan ve ifade verdikten sonra serbest b\u0131rak\u0131lan \u00dcnl\u00fc oyuncu Kenan \u0130mirzal\u0131o\u011flu Barcelona&#8217;ya gitti.<\/figcaption><\/figure>\n<h1>\u0130stanbul Narkotik polisinin uyu\u015fturucu operasyonunda g\u00f6zalt\u0131na al\u0131nan ve serbest b\u0131rak\u0131lan \u00fcnl\u00fc oyuncu Kenan \u0130mirzal\u0131o\u011flu, \u0130spanya&#8217;n\u0131n Barcelona \u015fehrine gitti.<\/h1>\n<p>\u00dcnl\u00fc oyuncu Kenan \u0130mirzal\u0131o\u011flu, Atat\u00fcrk Havaliman\u0131&#8217;nda kendisini g\u00f6r\u00fcnt\u00fcleyen gazetecilerin sorular\u0131n\u0131 yan\u0131ts\u0131z b\u0131rak\u0131rken, sabah saatlerinde Atat\u00fcrk Havaliman\u0131&#8217;na geldi. Bilet i\u015flemlerini yapt\u0131ran \u00fcnl\u00fc oyuncu, u\u00e7a\u011f\u0131na gitmek \u00fczere pasaport kontrol\u00fcne y\u00f6neldi. Kenan \u0130mirzal\u0131o\u011flu kendisini g\u00f6r\u00fcnt\u00fcleyen bas\u0131n mensuplar\u0131n\u0131n bayram\u0131n\u0131 da kutlad\u0131.<\/p>\n<p>Gazetecilerin ilgisinden rahats\u0131z olan Kenan \u0130mirzal\u0131o\u011flu, &#8220;M\u00fcsaade edin arkada\u015flar, g\u00f6r\u00fcnt\u00fcn\u00fcz\u00fc ald\u0131n\u0131z, daha ne yapaca\u011f\u0131z? Beraber u\u00e7a\u011fa m\u0131 gidece\u011fiz?&#8221; diyerek Barcelona u\u00e7a\u011f\u0131n\u0131n kalkaca\u011f\u0131 kap\u0131ya girdi.<\/p>\n<!-- Error, Advert is not available at this time due to schedule\/geolocation restrictions! -->\n","protected":false},"excerpt":{"rendered":"<p>\u0130stanbul Narkotik polisinin uyu\u015fturucu operasyonunda g\u00f6zalt\u0131na al\u0131nan ve serbest b\u0131rak\u0131lan \u00fcnl\u00fc oyuncu Kenan \u0130mirzal\u0131o\u011flu, \u0130spanya&#8217;n\u0131n Barcelona \u015fehrine gitti.<\/p>\n","protected":false},"author":9192221,"featured_media":144692,"comment_status":"open","ping_status":"open","sticky":false,"template":"","format":"standard","meta":{"_acf_changed":false,"footnotes":""},"categories":[6155,6232],"tags":[681,1038,15,138189,1011,138190,138191,24203,138195],"class_list":["post-144688","post","type-post","status-publish","format-standard","has-post-thumbnail","hentry","category-gundem","category-magazin","tag-ataturk-havalimani","tag-barcelona","tag-ispanya","tag-ispanya-barcelona","tag-istanbul","tag-kenan-imirzalioglu-barcelona","tag-kenan-imirzalioglu-ispanya","tag-uyusturucu-operasyonu","tag-uyusturucu-operasyonu-kenan-imirzalioglu"],"acf":[],"_links":{"self":[{"href":"https:\/\/www.nationalturk.com\/tr\/wp-json\/wp\/v2\/posts\/144688","targetHints":{"allow":["GET"]}}],"collection":[{"href":"https:\/\/www.nationalturk.com\/tr\/wp-json\/wp\/v2\/posts"}],"about":[{"href":"https:\/\/www.nationalturk.com\/tr\/wp-json\/wp\/v2\/types\/post"}],"author":[{"embeddable":true,"href":"https:\/\/www.nationalturk.com\/tr\/wp-json\/wp\/v2\/users\/9192221"}],"replies":[{"embeddable":true,"href":"https:\/\/www.nationalturk.com\/tr\/wp-json\/wp\/v2\/comments?post=144688"}],"version-history":[{"count":0,"href":"https:\/\/www.nationalturk.com\/tr\/wp-json\/wp\/v2\/posts\/144688\/revisions"}],"wp:featuredmedia":[{"embeddable":true,"href":"https:\/\/www.nationalturk.com\/tr\/wp-json\/wp\/v2\/media\/144692"}],"wp:attachment":[{"href":"https:\/\/www.nationalturk.com\/tr\/wp-json\/wp\/v2\/media?parent=144688"}],"wp:term":[{"taxonomy":"category","embeddable":true,"href":"https:\/\/www.nationalturk.com\/tr\/wp-json\/wp\/v2\/categories?post=144688"},{"taxonomy":"post_tag","embeddable":true,"href":"https:\/\/www.nationalturk.com\/tr\/wp-json\/wp\/v2\/tags?post=144688"}],"curies":[{"name":"wp","href":"https:\/\/api.w.org\/{rel}","templated":true}]}}