{"id":144791,"date":"2013-08-12T14:08:16","date_gmt":"2013-08-12T11:08:16","guid":{"rendered":"http:\/\/www.nationalturk.com\/?p=144791"},"modified":"2013-08-12T14:08:46","modified_gmt":"2013-08-12T11:08:46","slug":"kenan-imirzalioglu-tatil-icin-ispanyada-144791","status":"publish","type":"post","link":"https:\/\/www.nationalturk.com\/tr\/kenan-imirzalioglu-tatil-icin-ispanyada-144791\/","title":{"rendered":"Kenan \u0130mirzalio\u011flu tatil i\u00e7in \u0130spanya&#8217;da"},"content":{"rendered":"<p><img loading=\"lazy\" decoding=\"async\" class=\"alignnone size-full wp-image-144792\" alt=\"Kenan \u0130mirzalio\u011flu\" src=\"http:\/\/www.nationalturk.com\/tr\/wp-content\/uploads\/2013\/08\/kenan_imirzalioglu_tatil-e1376305540204.jpg\" width=\"610\" height=\"366\" title=\"\"><\/p>\n<h1>\u00dcnl\u00fclere y\u00f6nelik uyu\u015fturucu operasyonunda g\u00f6zalt\u0131na al\u0131nd\u0131ktan sonra serbest b\u0131rak\u0131lan oyuncu Kenan \u0130mirzalio\u011flu tatil i\u00e7in solu\u011fu \u0130spanya&#8217;da ald\u0131.<\/h1>\n<p>Uyu\u015fturucu kulland\u0131\u011f\u0131 ve tacirlerle irtibatta oldu\u011funa y\u00f6nelik iddialarla g\u00f6zalt\u0131na al\u0131nd\u0131ktan sonra serbest b\u0131rak\u0131lan \u00fcnl\u00fc oyuncu Kenan \u0130mirzalio\u011flu olay\u0131n \u015fokunu atlatmak i\u00e7in \u0130spanya&#8217;ya gitti.<\/p>\n<p>Tatil yapmak ve g\u00f6zden kaybolmak i\u00e7in \u0130spanya&#8217;da solu\u011fu alan Kenan \u0130mirzalio\u011flu Atat\u00fcrk Havaliman\u0131&#8217;nda bas\u0131n mensuplar\u0131na yakaland\u0131. G\u00f6r\u00fcnt\u00fclenmekten rahats\u0131z oldu\u011fu halde bas\u0131n mensuplar\u0131n\u0131n bayram\u0131n\u0131 kutlamay\u0131 ihmal etmeyen ba\u015far\u0131l\u0131 oyuncu, &#8220;M\u00fcsaade edin arkada\u015flar, g\u00f6r\u00fcnt\u00fcn\u00fcz\u00fc ald\u0131n\u0131z, daha ne yapaca\u011f\u0131z? Beraber u\u00e7a\u011fa m\u0131 gidece\u011fiz?&#8221; dedi.<\/p>\n<h2><a href=\"http:\/\/wts.com.tr\/ispanya-tatili-barcelona-turu-madrid-gezisi.htm\" target=\"_blank\" rel=\"noopener\">YIL BOYUNCA \u0130SPANYA TAT\u0130L\u0130 \u0130\u00c7\u0130N TIKLAYIN<\/a><\/h2>\n<!-- Error, Advert is not available at this time due to schedule\/geolocation restrictions! -->\n","protected":false},"excerpt":{"rendered":"<p>\u00dcnl\u00fclere y\u00f6nelik uyu\u015fturucu operasyonunda g\u00f6zalt\u0131na al\u0131nd\u0131ktan sonra serbest b\u0131rak\u0131lan oyuncu Kenan \u0130mirzalio\u011flu tatil i\u00e7in solu\u011fu \u0130spanya&#8217;da ald\u0131.<\/p>\n","protected":false},"author":4,"featured_media":177876,"comment_status":"open","ping_status":"open","sticky":false,"template":"","format":"standard","meta":{"_acf_changed":false,"footnotes":""},"categories":[6155,6232,6805],"tags":[15,2330,138314,137786,38524,138191],"class_list":["post-144791","post","type-post","status-publish","format-standard","has-post-thumbnail","hentry","category-gundem","category-magazin","category-turkiye","tag-ispanya","tag-ispanya-tatili","tag-kenan-imirzalioglu-tatil","tag-kenan-imirzalioglu-uyusturucu","tag-kenan-imirzalioglu","tag-kenan-imirzalioglu-ispanya"],"acf":[],"_links":{"self":[{"href":"https:\/\/www.nationalturk.com\/tr\/wp-json\/wp\/v2\/posts\/144791","targetHints":{"allow":["GET"]}}],"collection":[{"href":"https:\/\/www.nationalturk.com\/tr\/wp-json\/wp\/v2\/posts"}],"about":[{"href":"https:\/\/www.nationalturk.com\/tr\/wp-json\/wp\/v2\/types\/post"}],"author":[{"embeddable":true,"href":"https:\/\/www.nationalturk.com\/tr\/wp-json\/wp\/v2\/users\/4"}],"replies":[{"embeddable":true,"href":"https:\/\/www.nationalturk.com\/tr\/wp-json\/wp\/v2\/comments?post=144791"}],"version-history":[{"count":0,"href":"https:\/\/www.nationalturk.com\/tr\/wp-json\/wp\/v2\/posts\/144791\/revisions"}],"wp:featuredmedia":[{"embeddable":true,"href":"https:\/\/www.nationalturk.com\/tr\/wp-json\/wp\/v2\/media\/177876"}],"wp:attachment":[{"href":"https:\/\/www.nationalturk.com\/tr\/wp-json\/wp\/v2\/media?parent=144791"}],"wp:term":[{"taxonomy":"category","embeddable":true,"href":"https:\/\/www.nationalturk.com\/tr\/wp-json\/wp\/v2\/categories?post=144791"},{"taxonomy":"post_tag","embeddable":true,"href":"https:\/\/www.nationalturk.com\/tr\/wp-json\/wp\/v2\/tags?post=144791"}],"curies":[{"name":"wp","href":"https:\/\/api.w.org\/{rel}","templated":true}]}}