{"id":144834,"date":"2013-08-12T17:24:28","date_gmt":"2013-08-12T14:24:28","guid":{"rendered":"http:\/\/www.nationalturk.com\/?p=144834"},"modified":"2013-08-12T17:24:28","modified_gmt":"2013-08-12T14:24:28","slug":"basbakan-erdogan-hastaneye-kaldirildi-iddiasi-yalanlandi-144834","status":"publish","type":"post","link":"https:\/\/www.nationalturk.com\/tr\/basbakan-erdogan-hastaneye-kaldirildi-iddiasi-yalanlandi-144834\/","title":{"rendered":"&#8220;Ba\u015fbakan Erdo\u011fan hastaneye kald\u0131r\u0131ld\u0131&#8221; iddias\u0131 yalanland\u0131"},"content":{"rendered":"<p><img loading=\"lazy\" decoding=\"async\" class=\"alignleft size-medium wp-image-144835\" alt=\"Ba\u015fbakan Erdo\u011fan\" src=\"http:\/\/www.nationalturk.com\/tr\/wp-content\/uploads\/2013\/08\/erdogan__aciklama_-280x157.jpeg\" width=\"280\" height=\"157\" title=\"\" srcset=\"https:\/\/www.nationalturk.com\/tr\/wp-content\/uploads\/2013\/08\/erdogan__aciklama_-280x157.jpeg 280w, https:\/\/www.nationalturk.com\/tr\/wp-content\/uploads\/2013\/08\/erdogan__aciklama_.jpeg 606w\" sizes=\"auto, (max-width: 280px) 100vw, 280px\" \/><\/p>\n<h1>Ba\u015fbakan Recep Tayyip Erdo\u011fan&#8217;\u0131n hastaneye kald\u0131r\u0131ld\u0131\u011f\u0131 ve Ramazan bayram\u0131n\u0131 hastanede ge\u00e7irdi\u011fi y\u00f6n\u00fcndeki haberler Ba\u015fbakanl\u0131k taraf\u0131ndan yap\u0131lan yaz\u0131l\u0131 a\u00e7\u0131klamayla yalanland\u0131.<\/h1>\n<p>Ba\u015fbakanl\u0131k, Ba\u015fbakan Recep Tayyip Erdo\u011fan&#8217;\u0131n sa\u011fl\u0131k durumu ile ilgili \u00e7\u0131kan haberlerle ilgili olarak yaz\u0131l\u0131 bir a\u00e7\u0131klama yapt\u0131. A\u00e7\u0131klamada, &#8220;Ba\u015fbakan\u0131m\u0131z Say\u0131n Recep Tayyip Erdo\u011fan\u2019\u0131n sa\u011fl\u0131\u011f\u0131 hakk\u0131nda baz\u0131 marjinal yay\u0131n organlar\u0131nca kas\u0131tl\u0131 olarak uydurulan iddialar, t\u00fcm\u00fcyle ger\u00e7ek d\u0131\u015f\u0131d\u0131r&#8221; denildi.<\/p>\n<p>A\u00e7\u0131klama \u015f\u00f6yle;<\/p>\n<p>&#8220;Ba\u015fbakan\u0131m\u0131z Say\u0131n Recep Tayyip Erdo\u011fan\u2019\u0131n sa\u011fl\u0131\u011f\u0131 hakk\u0131nda baz\u0131 marjinal yay\u0131n organlar\u0131nca kas\u0131tl\u0131 olarak uydurulan iddialar, t\u00fcm\u00fcyle ger\u00e7ek d\u0131\u015f\u0131d\u0131r. Spek\u00fclasyona dayal\u0131 bu t\u00fcr as\u0131ls\u0131z iddialar\u0131n haber kisvesi alt\u0131nda sunulmas\u0131n\u0131n, gazetecilik eti\u011fiyle ba\u011fda\u015ft\u0131r\u0131lamayaca\u011f\u0131 ortadad\u0131r. Ba\u015fbakan\u0131m\u0131z, bayram namaz\u0131 \u00e7\u0131k\u0131\u015f\u0131nda bas\u0131n mensuplar\u0131na a\u00e7\u0131k\u00e7a ifade etmi\u015f oldu\u011fu \u00fczere, bayram program\u0131 \u00e7er\u00e7evesindeki \u00f6zel mesaisini halen \u0130stanbul d\u0131\u015f\u0131nda s\u00fcrd\u00fcrmektedir. Say\u0131n Ba\u015fbakan\u0131m\u0131z, kentsel d\u00f6n\u00fc\u015f\u00fcm seferberli\u011finin \u00fc\u00e7\u00fcnc\u00fc ad\u0131m\u0131n\u0131 atmak \u00fczere hafta sonu Bursa\u2019da d\u00fczenlenecek olan programa kat\u0131lmak suretiyle, mutat mesaisine ba\u015flamay\u0131 planlamaktad\u0131r.&#8221;<\/p>\n<p>Yurt gazetesinin haberi ise \u015f\u00f6yleydi;<\/p>\n<p>&#8220;Bayram\u0131 \u0130stanbul&#8217;da ge\u00e7irece\u011fi s\u00f6ylenen ancak cuma namaz\u0131na dahi gitmeyen Ba\u015fbakan Recep Tayyip Erdo\u011fan&#8217;\u0131n rahats\u0131zlan\u0131p hastaneye kald\u0131r\u0131ld\u0131\u011f\u0131 iddia edildi.<\/p>\n<p>Her y\u0131l arefe g\u00fcn\u00fc anne ve babas\u0131n\u0131n mezar\u0131n\u0131 ziyaret eden Erdo\u011fan, bu y\u0131l birka\u00e7 g\u00fcn \u00f6nce ailesinin kabrine gitti. Ard\u0131ndan arefe g\u00fcn\u00fc AKP \u0130stanbul il te\u015fkilat\u0131nda partililerle bayramla\u015fan Erdo\u011fan, ilk g\u00fcn S\u00fcleymaniye Camisi&#8217;nde bayram namaz\u0131 k\u0131ld\u0131ktan sonra ortadan kayboldu. Cuma namaz\u0131 i\u00e7in bile evinden \u00e7\u0131kmayan Erdo\u011fan&#8217;\u0131n \u00c7aml\u0131ca K\u0131s\u0131kl\u0131&#8217;daki evinin \u00f6n\u00fcnde gazeteciler bayram boyunca n\u00f6bet tuttu.<\/p>\n<p>&#8216;Bayram namaz\u0131ndan \u00e7\u0131kt\u0131ktan sonra tatil i\u00e7in Rize&#8217;ye gidece\u011fi belirtilen Erdo\u011fan, buraya da gitmedi. Ba\u015fbakan&#8217;\u0131n nerede oldu\u011funu ara\u015ft\u0131ran Yurt&#8217;un haberine g\u00f6re, g\u00fcvenilir kaynaklar, Ba\u015fbakan\u0131n rahats\u0131zland\u0131\u011f\u0131n\u0131 ve bayram boyunca hastanede yatt\u0131\u011f\u0131n\u0131 \u00f6ne s\u00fcrd\u00fc. Ge\u00e7en ay da ailesiyle birlikte \u0130zmir&#8217;in Urla \u0130l\u00e7esi&#8217;nde tatil yapt\u0131\u011f\u0131 haberlerine dikkat \u00e7eken kaynaklar, &#8220;Ba\u015fbakan\u0131n Urla&#8217;da tatil yapaca\u011f\u0131 a\u00e7\u0131klanm\u0131\u015ft\u0131. Ancak rahats\u0131zlanarak \u0130stanbul&#8217;daki Medipol Hastanesi&#8217;ne kald\u0131r\u0131ld\u0131. Burada 5 g\u00fcn tedavi g\u00f6ren ba\u015fbakan daha sonra taburcu edildi&#8221; dedi.<\/p>\n<p>Bir s\u00fcredir kolon kanseri tedavisi g\u00f6ren Erdo\u011fan&#8217;\u0131n durdurulamayan ishal nedeniyle tedavi g\u00f6rd\u00fc\u011f\u00fc belirtildi.&#8221;<\/p>\n<!-- Error, Advert is not available at this time due to schedule\/geolocation restrictions! -->\n","protected":false},"excerpt":{"rendered":"<p>Ba\u015fbakan Recep Tayyip Erdo\u011fan&#8217;\u0131n hastaneye kald\u0131r\u0131ld\u0131\u011f\u0131 ve Ramazan bayram\u0131n\u0131 hastanede ge\u00e7irdi\u011fi y\u00f6n\u00fcndeki haberler Ba\u015fbakanl\u0131k taraf\u0131ndan yap\u0131lan yaz\u0131l\u0131 a\u00e7\u0131klamayla yalanland\u0131.<\/p>\n","protected":false},"author":4,"featured_media":177870,"comment_status":"open","ping_status":"open","sticky":false,"template":"","format":"standard","meta":{"_acf_changed":false,"footnotes":""},"categories":[6155,5005,6202,349,6805],"tags":[3888,61899,125340],"class_list":["post-144834","post","type-post","status-publish","format-standard","has-post-thumbnail","hentry","category-gundem","category-manset","category-politika","category-son-dakika","category-turkiye","tag-basbakan-erdogan","tag-basbakan-erdogan-aciklama","tag-erdogan-hastaneye-kaldirildi"],"acf":[],"_links":{"self":[{"href":"https:\/\/www.nationalturk.com\/tr\/wp-json\/wp\/v2\/posts\/144834","targetHints":{"allow":["GET"]}}],"collection":[{"href":"https:\/\/www.nationalturk.com\/tr\/wp-json\/wp\/v2\/posts"}],"about":[{"href":"https:\/\/www.nationalturk.com\/tr\/wp-json\/wp\/v2\/types\/post"}],"author":[{"embeddable":true,"href":"https:\/\/www.nationalturk.com\/tr\/wp-json\/wp\/v2\/users\/4"}],"replies":[{"embeddable":true,"href":"https:\/\/www.nationalturk.com\/tr\/wp-json\/wp\/v2\/comments?post=144834"}],"version-history":[{"count":0,"href":"https:\/\/www.nationalturk.com\/tr\/wp-json\/wp\/v2\/posts\/144834\/revisions"}],"wp:featuredmedia":[{"embeddable":true,"href":"https:\/\/www.nationalturk.com\/tr\/wp-json\/wp\/v2\/media\/177870"}],"wp:attachment":[{"href":"https:\/\/www.nationalturk.com\/tr\/wp-json\/wp\/v2\/media?parent=144834"}],"wp:term":[{"taxonomy":"category","embeddable":true,"href":"https:\/\/www.nationalturk.com\/tr\/wp-json\/wp\/v2\/categories?post=144834"},{"taxonomy":"post_tag","embeddable":true,"href":"https:\/\/www.nationalturk.com\/tr\/wp-json\/wp\/v2\/tags?post=144834"}],"curies":[{"name":"wp","href":"https:\/\/api.w.org\/{rel}","templated":true}]}}