{"id":144974,"date":"2013-08-13T21:22:20","date_gmt":"2013-08-13T18:22:20","guid":{"rendered":"http:\/\/www.nationalturk.com\/?p=144974"},"modified":"2013-08-13T21:22:20","modified_gmt":"2013-08-13T18:22:20","slug":"kacirilan-pilotlar-hakkinda-flas-gelisme-144974","status":"publish","type":"post","link":"https:\/\/www.nationalturk.com\/tr\/kacirilan-pilotlar-hakkinda-flas-gelisme-144974\/","title":{"rendered":"Ka\u00e7\u0131r\u0131lan pilotlar hakk\u0131nda fla\u015f geli\u015fme!"},"content":{"rendered":"<h1><img loading=\"lazy\" decoding=\"async\" class=\"aligncenter size-full wp-image-144975\" alt=\"kacirilan-turk-pilotlari\" src=\"http:\/\/www.nationalturk.com\/tr\/wp-content\/uploads\/2013\/08\/kacirilan-turk-pilotlari.jpg\" width=\"500\" height=\"281\" title=\"\" srcset=\"https:\/\/www.nationalturk.com\/tr\/wp-content\/uploads\/2013\/08\/kacirilan-turk-pilotlari.jpg 500w, https:\/\/www.nationalturk.com\/tr\/wp-content\/uploads\/2013\/08\/kacirilan-turk-pilotlari-280x157.jpg 280w\" sizes=\"auto, (max-width: 500px) 100vw, 500px\" \/><\/h1>\n<h1>L\u00fcbnan \u0130\u00e7 \u0130stihbarat Birimi&#8217;nin, ba\u015fkent Beyrut&#8217;ta T\u00fcrk pilotlar\u0131 ka\u00e7\u0131ranlar\u0131n kimliklerini ve bulunduklar\u0131 yeri tespit etti\u011fi bildirildi.<\/h1>\n<p>AA muhabirinin g\u00fcvenlik kaynaklar\u0131ndan ald\u0131\u011f\u0131 bilgiye g\u00f6re, \u0130\u00e7 \u0130stihbarat Birimi, T\u00fcrk pilotlar\u0131 ka\u00e7\u0131ranlar\u0131n kimliklerini ve bulunduklar\u0131 yeri tespit etti. T\u00fcrk pilotlar\u0131 ka\u00e7\u0131ran grubun ba\u015fl\u0131ca sorumlusunun, Suriye&#8217;nin Azez kentinde ka\u00e7\u0131r\u0131lan L\u00fcbnanl\u0131lardan birinin o\u011flu Ali Cemil Salih oldu\u011fu ifade edildi. Ka\u00e7\u0131rma eyleminin \u00f6nceden planland\u0131\u011f\u0131n\u0131 belirten yetkililer, ileti\u015fim kay\u0131tlar\u0131 arac\u0131l\u0131\u011f\u0131yla eylemin faillerine ve pilotlar\u0131n tutuldu\u011fu yere ili\u015fkin \u00f6nemli bilgilere ula\u015f\u0131ld\u0131\u011f\u0131n\u0131 belirtildi.<\/p>\n<p>G\u00fcvenlik birimlerinin yapt\u0131\u011f\u0131 incelemeler sonucunda T\u00fcrk pilotlar\u0131n, L\u00fcbnan&#8217;\u0131n g\u00fcneyindeki b\u00f6lgelerden birinde tutuldu\u011fu ihtimali \u00fczerinde duruluyor.<\/p>\n<p>\u0130stanbul&#8217;dan Beyrut&#8217;a yolcu ta\u015f\u0131yan THY u\u00e7a\u011f\u0131n\u0131n personelini havaliman\u0131ndan otele g\u00f6t\u00fcren servis arac\u0131n\u0131 durduran silahl\u0131 grup, T\u00fcrk pilot Murat Akp\u0131nar ile yard\u0131mc\u0131s\u0131 Murat A\u011fca&#8217;y\u0131 ka\u00e7\u0131rm\u0131\u015f, di\u011fer m\u00fcrettebat\u0131 serbest b\u0131rakm\u0131\u015ft\u0131.<\/p>\n<p>Eylemin sorumlulu\u011funu &#8220;\u0130mam R\u0131za&#8217;n\u0131n Ziyaret\u00e7ileri&#8221; adl\u0131 bir grup \u00fcstlenmi\u015fti. Grup ad\u0131na yap\u0131lan a\u00e7\u0131klamada, T\u00fcrk pilotlar\u0131n, Suriye&#8217;de rehin tutulan 9 L\u00fcbnanl\u0131 kar\u015f\u0131l\u0131\u011f\u0131nda serbest b\u0131rak\u0131lacaklar\u0131 bildirilmi\u015fti.<\/p>\n<p>L\u00fcbnan&#8217;dan \u0130ran&#8217;a ziyarete giden 11 L\u00fcbnanl\u0131, ge\u00e7en y\u0131l may\u0131s ay\u0131nda \u0130ran&#8217;da \u0130mam Ali R\u0131za&#8217;n\u0131n t\u00fcrbesini ziyaretlerinin ard\u0131ndan karayolu ile \u00fclkelerine d\u00f6nerken Suriye&#8217;nin Azez b\u00f6lgesinde ka\u00e7\u0131r\u0131lm\u0131\u015ft\u0131. Ka\u00e7\u0131r\u0131lanlardan 2&#8217;si daha sonra T\u00fcrkiye&#8217;nin arabuluculu\u011fuyla serbest b\u0131rak\u0131lm\u0131\u015ft\u0131.<\/p>\n<!-- Error, Advert is not available at this time due to schedule\/geolocation restrictions! -->\n","protected":false},"excerpt":{"rendered":"<p>L\u00fcbnan \u0130\u00e7 \u0130stihbarat Birimi&#8217;nin, ba\u015fkent Beyrut&#8217;ta T\u00fcrk pilotlar\u0131 ka\u00e7\u0131ranlar\u0131n kimliklerini ve bulunduklar\u0131 yeri tespit etti\u011fi bildirildi.<\/p>\n","protected":false},"author":9192221,"featured_media":144975,"comment_status":"open","ping_status":"open","sticky":false,"template":"","format":"standard","meta":{"_acf_changed":false,"footnotes":""},"categories":[6155,5005,6202,349,6805],"tags":[3797,138144,3798,59536,138143,138116,138117,138121,138119,138114,138122,138115,946,138112,138113],"class_list":["post-144974","post","type-post","status-publish","format-standard","has-post-thumbnail","hentry","category-gundem","category-manset","category-politika","category-son-dakika","category-turkiye","tag-beyrut","tag-icisileri-bakani-mervan-serbil","tag-lubnan","tag-lubnan-basbakani","tag-lubnan-basbakani-necib-mikati","tag-lubnan-pilot","tag-lubnan-pilot-kacirildi","tag-murat-agca","tag-murat-akpinar","tag-pilot-kacirildi","tag-pilot-murat-agca","tag-thy-pilot","tag-turk-hava-yollari","tag-turk-hava-yollari-pilot","tag-turk-hava-yollari-pilotlari"],"acf":[],"_links":{"self":[{"href":"https:\/\/www.nationalturk.com\/tr\/wp-json\/wp\/v2\/posts\/144974","targetHints":{"allow":["GET"]}}],"collection":[{"href":"https:\/\/www.nationalturk.com\/tr\/wp-json\/wp\/v2\/posts"}],"about":[{"href":"https:\/\/www.nationalturk.com\/tr\/wp-json\/wp\/v2\/types\/post"}],"author":[{"embeddable":true,"href":"https:\/\/www.nationalturk.com\/tr\/wp-json\/wp\/v2\/users\/9192221"}],"replies":[{"embeddable":true,"href":"https:\/\/www.nationalturk.com\/tr\/wp-json\/wp\/v2\/comments?post=144974"}],"version-history":[{"count":0,"href":"https:\/\/www.nationalturk.com\/tr\/wp-json\/wp\/v2\/posts\/144974\/revisions"}],"wp:featuredmedia":[{"embeddable":true,"href":"https:\/\/www.nationalturk.com\/tr\/wp-json\/wp\/v2\/media\/144975"}],"wp:attachment":[{"href":"https:\/\/www.nationalturk.com\/tr\/wp-json\/wp\/v2\/media?parent=144974"}],"wp:term":[{"taxonomy":"category","embeddable":true,"href":"https:\/\/www.nationalturk.com\/tr\/wp-json\/wp\/v2\/categories?post=144974"},{"taxonomy":"post_tag","embeddable":true,"href":"https:\/\/www.nationalturk.com\/tr\/wp-json\/wp\/v2\/tags?post=144974"}],"curies":[{"name":"wp","href":"https:\/\/api.w.org\/{rel}","templated":true}]}}