{"id":145022,"date":"2013-08-14T11:40:49","date_gmt":"2013-08-14T08:40:49","guid":{"rendered":"http:\/\/www.nationalturk.com\/?p=145022"},"modified":"2013-08-14T11:40:49","modified_gmt":"2013-08-14T08:40:49","slug":"aziz-yildirim-hakkinda-takipsizlik-karari-145022","status":"publish","type":"post","link":"https:\/\/www.nationalturk.com\/tr\/aziz-yildirim-hakkinda-takipsizlik-karari-145022\/","title":{"rendered":"Aziz Y\u0131ld\u0131r\u0131m hakk\u0131nda takipsizlik karar\u0131"},"content":{"rendered":"<p><img loading=\"lazy\" decoding=\"async\" class=\"alignleft size-medium wp-image-145024\" alt=\"Aziz Y\u0131ld\u0131r\u0131m\" src=\"http:\/\/www.nationalturk.com\/tr\/wp-content\/uploads\/2013\/08\/aziz__yildirim__adliye1-280x155.jpg\" width=\"280\" height=\"155\" title=\"\" srcset=\"https:\/\/www.nationalturk.com\/tr\/wp-content\/uploads\/2013\/08\/aziz__yildirim__adliye1-280x155.jpg 280w, https:\/\/www.nationalturk.com\/tr\/wp-content\/uploads\/2013\/08\/aziz__yildirim__adliye1-610x338.jpg 610w, https:\/\/www.nationalturk.com\/tr\/wp-content\/uploads\/2013\/08\/aziz__yildirim__adliye1.jpg 630w\" sizes=\"auto, (max-width: 280px) 100vw, 280px\" \/><\/p>\n<h1>Fenerbah\u00e7e Kul\u00fcb\u00fc Ba\u015fkan\u0131 Aziz Y\u0131ld\u0131r\u0131m hakk\u0131nda Kul\u00fcp ba\u015fkan\u0131 s\u0131fat\u0131yla a\u00e7\u0131klama yaparak, tedbir karar\u0131na uymad\u0131\u011f\u0131 gerek\u00e7esiyle yap\u0131lan su\u00e7 duyurusuna takipsizlik karar\u0131 verildi.<\/h1>\n<p>Anadolu Cumhuriyet Ba\u015fsavc\u0131l\u0131\u011f\u0131, avukat Kerim Kerimo\u011flu&#8217;nun Aziz Y\u0131ld\u0131r\u0131m hakk\u0131ndaki su\u00e7 duyurusuna ili\u015fkin karar\u0131n\u0131 verdi.<\/p>\n<p>Kararda, Aziz Y\u0131ld\u0131r\u0131m&#8217;\u0131n su\u00e7unun, herhangi bir su\u00e7 ve ceza \u00f6ng\u00f6ren bir norm taraf\u0131ndan tan\u0131mlanmad\u0131\u011f\u0131 belirtilerek, olay\u0131n, kovu\u015fturma gerektirir bir su\u00e7 olmad\u0131\u011f\u0131 vurguland\u0131.<\/p>\n<p>Savc\u0131l\u0131k, bu gerek\u00e7elerle takipsizlik karar\u0131 verdi. Karar\u0131n bir \u00f6rne\u011fi, Anadolu 5. Asliye Hukuk Mahkemesine g\u00f6nderildi.<\/p>\n<p>Avukat Kerimo\u011flu, ge\u00e7en ay bulundu\u011fu su\u00e7 duyurusunda, Anadolu 5. Asliye Hukuk Mahkemesi&#8217;nde g\u00f6r\u00fclen davada Y\u0131ld\u0131r\u0131m hakk\u0131nda al\u0131nan tedbir karar\u0131n\u0131 hat\u0131rlatarak, Y\u0131ld\u0131r\u0131m&#8217;\u0131n bir bas\u0131n toplant\u0131s\u0131nda &#8220;kul\u00fcp ba\u015fkan\u0131&#8221; s\u0131fat\u0131yla a\u00e7\u0131klama yaparak &#8221;ihtiyati tedbir karar\u0131na muhalefet&#8221; su\u00e7unu i\u015fledi\u011fini \u00f6ne s\u00fcrm\u00fc\u015ft\u00fc.<\/p>\n<!-- Error, Advert is not available at this time due to schedule\/geolocation restrictions! -->\n","protected":false},"excerpt":{"rendered":"<p>Fenerbah\u00e7e Kul\u00fcb\u00fc Ba\u015fkan\u0131 Aziz Y\u0131ld\u0131r\u0131m hakk\u0131nda Kul\u00fcp ba\u015fkan\u0131 s\u0131fat\u0131yla a\u00e7\u0131klama yaparak, tedbir karar\u0131na uymad\u0131\u011f\u0131 gerek\u00e7esiyle yap\u0131lan su\u00e7 duyurusuna takipsizlik karar\u0131 verildi.<\/p>\n","protected":false},"author":4,"featured_media":177839,"comment_status":"open","ping_status":"open","sticky":false,"template":"","format":"standard","meta":{"_acf_changed":false,"footnotes":""},"categories":[6774,6194],"tags":[5058,849,50355],"class_list":["post-145022","post","type-post","status-publish","format-standard","has-post-thumbnail","hentry","category-futbol","category-spor","tag-aziz-yildirim","tag-fenerbahce","tag-kerim-kerimoglu"],"acf":[],"_links":{"self":[{"href":"https:\/\/www.nationalturk.com\/tr\/wp-json\/wp\/v2\/posts\/145022","targetHints":{"allow":["GET"]}}],"collection":[{"href":"https:\/\/www.nationalturk.com\/tr\/wp-json\/wp\/v2\/posts"}],"about":[{"href":"https:\/\/www.nationalturk.com\/tr\/wp-json\/wp\/v2\/types\/post"}],"author":[{"embeddable":true,"href":"https:\/\/www.nationalturk.com\/tr\/wp-json\/wp\/v2\/users\/4"}],"replies":[{"embeddable":true,"href":"https:\/\/www.nationalturk.com\/tr\/wp-json\/wp\/v2\/comments?post=145022"}],"version-history":[{"count":0,"href":"https:\/\/www.nationalturk.com\/tr\/wp-json\/wp\/v2\/posts\/145022\/revisions"}],"wp:featuredmedia":[{"embeddable":true,"href":"https:\/\/www.nationalturk.com\/tr\/wp-json\/wp\/v2\/media\/177839"}],"wp:attachment":[{"href":"https:\/\/www.nationalturk.com\/tr\/wp-json\/wp\/v2\/media?parent=145022"}],"wp:term":[{"taxonomy":"category","embeddable":true,"href":"https:\/\/www.nationalturk.com\/tr\/wp-json\/wp\/v2\/categories?post=145022"},{"taxonomy":"post_tag","embeddable":true,"href":"https:\/\/www.nationalturk.com\/tr\/wp-json\/wp\/v2\/tags?post=145022"}],"curies":[{"name":"wp","href":"https:\/\/api.w.org\/{rel}","templated":true}]}}