{"id":145172,"date":"2013-08-15T14:38:54","date_gmt":"2013-08-15T11:38:54","guid":{"rendered":"http:\/\/www.nationalturk.com\/?p=145172"},"modified":"2013-08-15T14:38:54","modified_gmt":"2013-08-15T11:38:54","slug":"harun-tekin-memet-ali-alabora-145172","status":"publish","type":"post","link":"https:\/\/www.nationalturk.com\/tr\/harun-tekin-memet-ali-alabora-145172\/","title":{"rendered":"Harun Tekin Memet Ali Alabora&#8217;y\u0131 yazd\u0131"},"content":{"rendered":"<p><img loading=\"lazy\" decoding=\"async\" class=\"size-large wp-image-145173 alignnone\" alt=\"Memet Ali Alabora gezi park\u0131\" src=\"http:\/\/www.nationalturk.com\/tr\/wp-content\/uploads\/2013\/08\/mehmet_ali_alabora_gezi-610x343.jpg\" width=\"610\" height=\"343\" title=\"\" srcset=\"https:\/\/www.nationalturk.com\/tr\/wp-content\/uploads\/2013\/08\/mehmet_ali_alabora_gezi-610x343.jpg 610w, https:\/\/www.nationalturk.com\/tr\/wp-content\/uploads\/2013\/08\/mehmet_ali_alabora_gezi-280x157.jpg 280w, https:\/\/www.nationalturk.com\/tr\/wp-content\/uploads\/2013\/08\/mehmet_ali_alabora_gezi.jpg 720w\" sizes=\"auto, (max-width: 610px) 100vw, 610px\" \/><\/p>\n<h1>Mor ve \u00d6tesi grubunun solisti Harun Tekin, Gezi Park\u0131 direni\u015finden sonra ba\u015flat\u0131lan lin\u00e7 kampanyas\u0131 sonras\u0131 korumayla dola\u015fmak zorunda kalan oyuncu Memet Ali Alabora&#8217;y\u0131 BirG\u00fcn gazetesi i\u00e7in yazd\u0131.<\/h1>\n<p>Harun Tekin&#8217;in yaz\u0131s\u0131;<\/p>\n<p>\u201c..bir yaz\u0131 anlamak\/zordur ve anlaml\u0131d\u0131r\/bana kal\u0131rsa\/en sayg\u0131n i\u015fidir bir ki\u015finin..\u201d<\/p>\n<p>turgut uyar<\/p>\n<p>1. 2003 y\u0131l\u0131n\u0131n ba\u015flar\u0131, George W. Bush zamanlar\u0131. Irak\u2019a girmek isteyenler var. Bir de d\u00fcnya \u00e7ap\u0131nda kitlesel sava\u015f kar\u015f\u0131t\u0131 g\u00f6steriler. T\u00fcrkiye\u2019de de Irak\u2019ta Sava\u015fa Hay\u0131r Koordinasyonu diye bir \u015fey var. Yeni, samimi ve sivil bir \u015fey (size yak\u0131n zamanda olan ba\u015fka bir \u015feyi hat\u0131rlatabilir, do\u011frudur). Herkes ba\u011f\u0131ra \u00e7a\u011f\u0131ra gelen m\u00fcdahalenin fark\u0131nda. Hatta \u00e7abalar\u0131n\u0131n ve kayg\u0131lar\u0131n\u0131n bu m\u00fcdahaleyi engelleyemeyece\u011finin de. Ama iki ama\u00e7 belli belirsiz kendini hissettiriyor: tarihe not d\u00fc\u015fmek, ve kendi parlamentomuzun bu ay\u0131ba ortak olmas\u0131na engel olmak. \u0130\u015fte Gezi\u2019den on y\u0131l \u00f6nce, o g\u00fcnlerde, bu vesileyle A\u00e7\u0131k Radyo\u2019da tan\u0131\u015ft\u0131m Memet Ali\u2019yle. O g\u00fcnlerde tan\u0131d\u0131\u011f\u0131m ba\u015fka baz\u0131 insanlar\u0131n aksine, beni ve onu takdirle, sevgiyle izleyenleri bug\u00fcne dek hi\u00e7 utand\u0131rmad\u0131.<\/p>\n<p>2. Canland\u0131rd\u0131\u011f\u0131 son karakterin ad\u0131n\u0131 ta\u015f\u0131yan lisanss\u0131z \u00fcr\u00fcn ve \u201c\u015feyler\u201d aras\u0131nda sak\u0131z da vard\u0131, berber d\u00fckkan\u0131 da: Memoli, tam anlam\u0131yla bir televizyon fenomeniydi ve Memet Ali o s\u0131rada bu \u00fclkedeki en \u00fcnl\u00fc j\u00f6nlerden biri, belki de ba\u015fl\u0131cas\u0131yd\u0131. M\u00fczisyenler ve oyuncular biraz \u201ctan\u0131san seversin asl\u0131nda\u201dd\u0131r ya birbirlerine, ben de muhtemelen o ana kadar bizzat g\u00f6rd\u00fc\u011f\u00fcm en \u00fcnl\u00fc oyuncuyla kar\u015f\u0131 kar\u015f\u0131yayd\u0131m ve hi\u00e7bir yere s\u0131\u011fmayan dev bir egoyla kar\u015f\u0131la\u015faca\u011f\u0131m\u0131 sanarak ona yakla\u015ft\u0131ktan be\u015f saniye sonra bu adam\u0131n \u00e7ok s\u0131ra d\u0131\u015f\u0131 bir ruhu oldu\u011funu anlad\u0131m. Al\u00e7ak g\u00f6n\u00fcll\u00fc, a\u00e7\u0131k fikirli, enerjik ve \u00e7ok sahiciydi. Bir de \u00e7ok zekiydi, ama g\u00fczellik yaratan cinsinden.<\/p>\n<p>3. Babylon\u2019da bir \u201cSava\u015fa Hay\u0131r\u201d gecesi yapacakt\u0131k o ak\u015fam. Sekiz grup ve sanat\u00e7\u0131n\u0131n birlikte kaydetti\u011fi \u201cSava\u015fa Hi\u00e7 Gerek Yok\u201d single\u2019\u0131ndan hareket eden ama kay\u0131tta yer alamayan m\u00fczisyen dostlar\u0131n katk\u0131s\u0131na da a\u00e7\u0131k bir gece olacakt\u0131. Ama bir sorun vard\u0131: gecenin sadece m\u00fczikten olu\u015fmas\u0131n\u0131 istemiyorduk, ve ayr\u0131ca \u00e7e\u015fitli sanat\u00e7\u0131lar\u0131n sahne ald\u0131\u011f\u0131 her etkinlikte oldu\u011fu gibi, aralarda m\u00fcziksiz dakikalar olacakt\u0131. Dikkatlerin da\u011f\u0131ld\u0131\u011f\u0131, amat\u00f6rce bir i\u015f olmas\u0131n\u0131, daha a\u00e7\u0131k s\u00f6ylemek gerekirse, o y\u0131llara dek muhalif etkinliklere hakim olan dinamiklerle malul olmas\u0131n\u0131 istemiyorduk bu gecenin. Hi\u00e7 de yapmak zorunda de\u011filken, Memet Ali gecenin sunuculu\u011funu ve benimle birlikte organizasyonunu \u00fcstlendi. Telsiz mikrofonlardan projekt\u00f6r kapaklar\u0131na kadar her \u015feyle beraber u\u011fra\u015ft\u0131k o g\u00fcn, ve bir yandan da bir s\u00fcr\u00fc g\u00fczel metinden par\u00e7alar bulup toplad\u0131 Memet Ali. Birka\u00e7 oyuncu arkada\u015f\u0131yla beraber, ak\u0131\u015f provalar\u0131n\u0131 da ihmal etmeden, m\u00fckemmel bir sunum haz\u0131rlad\u0131 o ak\u015fam i\u00e7in. Benim tahminimin \u00e7ok \u00f6tesinde bir gece oldu, ve o g\u00fcnlerden 1 Mart 2003\u2019e uzanan yol tezkerenin reddiyle sonu\u00e7land\u0131.<\/p>\n<p>4. Aradan ge\u00e7en y\u0131llarda yolumuz bazen kesi\u015fti: k\u00fcresel \u0131s\u0131nmayla ilgili, sava\u015f kar\u015f\u0131t\u0131 harekete destek veren t\u00fcrl\u00fc etkinlikte pek \u00e7ok kez beraberdik. Bir yandan \u015fa\u015fk\u0131nl\u0131kla ve takdirle \u015funu g\u00f6r\u00fcyordum: az\u0131msanamayacak \u00fcn\u00fcn\u00fc ve g\u00fcc\u00fcn\u00fc ki\u015fisel \u00e7\u0131kara tahvil etme sevdas\u0131ndan eser yoktu adamda. Kah T\u00fcrkiye\u2019nin en sayg\u0131n klasik m\u00fczik dergilerinden birini ortaya \u00e7\u0131karan ekibin ba\u015f\u0131n\u0131 \u00e7ekiyordu, kah \u00e7ok ama\u00e7l\u0131 bir performans merkezi kazand\u0131r\u0131yordu \u0130stanbul\u2019a. Ve televizyonla ilgili \u00e7ok se\u00e7ici davran\u0131p, bir miktar da geri planda kalmay\u0131 se\u00e7erek yap\u0131yordu bunu. Benzerini bu topraklarda pek g\u00f6rmedi\u011fimiz bir g\u00f6rg\u00fcyle hareket ediyordu, ve hep \u00e7ok \u015f\u0131kt\u0131. Zaten illa iki kelimeyle anlatacaksak, \u00e7ok \u015f\u0131k bir adamd\u0131r kendisi. Heberler\u2019de de, bir sendikay\u0131 arkada\u015flar\u0131yla birlikte iki senede diriltirken de, iyi bildi\u011fi herhangi bir konuda ondan yard\u0131m isteyen herkesle ne biliyorsa hemen payla\u015fmaya hep hevesli olmas\u0131yla da.<\/p>\n<p>5. Kemanc\u0131 Zeki Abi\u2019nin cenazesinde kar\u015f\u0131la\u015ft\u0131\u011f\u0131m\u0131zda aylardan Nisan\u2019d\u0131 ve bir s\u00fcredir rahat rahat muhabbet edememi\u015f olmam\u0131zdan dem vurarak ba\u015flayan sohbet, asl\u0131nda bunun neden b\u00f6yle oldu\u011funa dair ipu\u00e7lar\u0131n\u0131 da i\u00e7eriyordu: 2010 y\u0131l\u0131n\u0131n Eyl\u00fcl ay\u0131ndan beri, y\u0131llard\u0131r beraber ses \u00e7\u0131kard\u0131\u011f\u0131m\u0131z pek \u00e7ok dostumuz ezber bozmaktan ezbere konu\u015fmaya ge\u00e7mi\u015fti, ve artan bir \u00fcmitsizlk vard\u0131 ortada. \u0130stanbul\u2019un canl\u0131 m\u00fczik hayat\u0131nda tek ba\u015f\u0131na bir ansiklopedi cildine tekab\u00fcl eden Zeki Abi\u2019yi u\u011furlarken, bu ortam\u0131n a\u011f\u0131rl\u0131\u011f\u0131ndan ibaret olmayan bir s\u0131k\u0131nt\u0131, birbirimizin y\u00fcz\u00fcnde, sesinde hissetmeye hi\u00e7 de al\u0131\u015f\u0131k olmad\u0131\u011f\u0131m\u0131z bir \u00fcmitsizlik vard\u0131 havada. Giderek yaln\u0131zla\u015ft\u0131\u011f\u0131m\u0131z\u0131 hissediyor ve \u00fclkenin durumuna dair olumlu c\u00fcmleler kurmakta zorlan\u0131yorduk. Herhalde iki ay sonra hep birlikte ya\u015fayaca\u011f\u0131m\u0131z o g\u00f6rkemli ve spontan mucizeden haberi olsa, planlamak vs \u015f\u00f6yle dursun bunlar\u0131 ucundan k\u00f6\u015fesinden tahayy\u00fcl edebiliyor olsa, Memet Ali o g\u00fcn daha iyimser olurdu.<\/p>\n<p>6. (Biz nas\u0131l bir yerde ya\u015famak istiyoruz? Ger\u00e7ek anlamda demokrat olan insanlar\u0131n iktidara ters d\u00fc\u015f\u00fcnce polis korumas\u0131yla dola\u015fmak zorunda kald\u0131\u011f\u0131 bir yerde mi? Toplumun bir k\u0131sm\u0131n\u0131n bir di\u011ferine kar\u015f\u0131 s\u00fcrekli dolduruldu\u011fu, statlardan \u00fcniversitelere her yerin kriminalize edildi\u011fi bir yerde mi? Sesi \u00e7ok \u00e7\u0131kan\u0131n be\u011fenmedi\u011fi herkese ve her \u015feye darbeci dedi\u011fi bir cehennemde mi? Yedi gazetenin ayn\u0131 man\u015fetle \u00e7\u0131kt\u0131\u011f\u0131, televizyonlar\u0131nda bipleme ve buzlama olmadan dakika ge\u00e7meyen bir yerde mi? Torba davalarla binlerce insan hakk\u0131 ihlaline imza at\u0131l\u0131rken, \u201ckararlar hukuki de\u011fil, ama adil\u201d c\u00fcmlesinin destek\u00e7i bulabildi\u011fi bir yerde mi? Bu sorulara \u201chay\u0131r\u201d diye cevap vermek, \u00f6ncelikle iktidara de\u011fil, iktidar\u0131n ve hatta t\u00fcm siyasetin diline ve \u00fcslubuna dair bir itirazd\u0131r. Ahmet \u0130nsel\u2019in son derece isabetli bir bi\u00e7imde \u201chaysiyet isyan\u0131\u201d diye tan\u0131mlad\u0131\u011f\u0131 \u015fey biraz da budur. Ama ac\u0131 olan \u015fu ki, tam da bu yal\u0131n ger\u00e7e\u011fi g\u00f6rd\u00fckleri i\u00e7in hedef haline getirmeye \u00e7al\u0131\u015ft\u0131lar arkada\u015f\u0131m\u0131. Y\u00fcz y\u0131ll\u0131k bayat milliyet\u00e7i s\u00f6ylemlere ya da \u201cyetmez ama n\u2019apal\u0131m\u201d tuhafl\u0131\u011f\u0131na bir an i\u00e7in savrulmu\u015f olsa, dili ve \u00fcslubu biraz olsun onu bug\u00fcn s\u0131k\u0131nt\u0131ya sokanlar\u0131nkine benzese hi\u00e7 bunlar\u0131 ya\u015far m\u0131yd\u0131 Memet Ali? Sanmam.)<\/p>\n<p>7. Bir tweet ve bir tiyatro oyunu. Bu ikisi \u00fczerinden ba\u015flayan karalamalara kar\u015f\u0131 \u00e7\u0131kmak, b\u0131kmadan usanmadan hakikati hat\u0131rlatmak zorunday\u0131z: \u201cmesele SADECE gezi park\u0131 de\u011fil arkada\u015f sen hala anlamad\u0131n m\u0131?\u201d c\u00fcmlesinden \u201cSADECE\u201d kelimesini \u00e7\u0131kartarak yap\u0131lan bir alg\u0131 y\u00f6netimiyle ve birka\u00e7 bin ki\u015finin izledi\u011fi Mi Min\u00f6r adl\u0131 oyunun talepleri ve kayg\u0131lar\u0131 bir birinden farkl\u0131 olan y\u00fcz binlerce insan\u0131n meydana \u00e7\u0131kmas\u0131yla ba\u015flayan bir sivil direni\u015fin provas\u0131 oldu\u011fu gibi akla hayale s\u0131\u011fmayacak bir iddia ile kar\u015f\u0131 kar\u015f\u0131yay\u0131z. E\u011fer \u015fu an, Gezi\u2019ye, hayata ve her \u015feye dair fikrimiz ne olursa olsun bu tehlikeli sa\u00e7mal\u0131\u011f\u0131n kar\u015f\u0131s\u0131nda birlikte durmazsak, korkar\u0131m Mi Min\u00f6r\u2019\u00fcn ilgili maj\u00f6r\u00fc Sol Maj\u00f6r \u00fczerinden yeni kampanyalar s\u00f6z konusu olabilir ve ba\u011fz\u0131 \u015fark\u0131lar\u0131n da s\u0131rf armonileri y\u00fcz\u00fcnden \u201ckalk\u0131\u015fma provas\u0131\u201d say\u0131ld\u0131\u011f\u0131 g\u00fcnler de geliverir. Oyunlarla \u015fark\u0131lar \u00f6zg\u00fcr olmad\u0131ktan sonra da, kimse kusura bakmas\u0131n, \u00f6zg\u00fcrl\u00fckler noktas\u0131nda isterse 25 gazete ayn\u0131 g\u00fczelim man\u015feti ats\u0131n, hakikat de\u011fi\u015fmez.<\/p>\n<p>8. \u201c..hi\u00e7 unutmam bir g\u00fcn ge\u00e7 vakit\/tam benim ge\u00e7ti\u011fim zamana rastlam\u0131\u015ft\u0131\/b\u00fcy\u00fcme saati bir orman\u0131n.\u201d<\/p>\n<p>ilhan berk<\/p>\n<!-- Error, Advert is not available at this time due to schedule\/geolocation restrictions! -->\n","protected":false},"excerpt":{"rendered":"<p>Mor ve \u00d6tesi grubunun solisti Harun Tekin, Gezi Park\u0131 direni\u015finden sonra ba\u015flat\u0131lan lin\u00e7 kampanyas\u0131 sonras\u0131 korumayla dola\u015fmak zorunda kalan oyuncu Memet Ali Alabora&#8217;y\u0131 BirG\u00fcn gazetesi i\u00e7in yazd\u0131.<\/p>\n","protected":false},"author":4,"featured_media":177814,"comment_status":"open","ping_status":"open","sticky":false,"template":"","format":"standard","meta":{"_acf_changed":false,"footnotes":""},"categories":[6155,5005,6667,6805],"tags":[92829,92834,98684,138708,132432,80821],"class_list":["post-145172","post","type-post","status-publish","format-standard","has-post-thumbnail","hentry","category-gundem","category-manset","category-medya","category-turkiye","tag-gezi-parki","tag-harun-tekin","tag-memet-ali-alabora","tag-memet-ali-alabora-gezi","tag-memet-ali-alabora-gezi-parki","tag-mor-ve-otesi"],"acf":[],"_links":{"self":[{"href":"https:\/\/www.nationalturk.com\/tr\/wp-json\/wp\/v2\/posts\/145172","targetHints":{"allow":["GET"]}}],"collection":[{"href":"https:\/\/www.nationalturk.com\/tr\/wp-json\/wp\/v2\/posts"}],"about":[{"href":"https:\/\/www.nationalturk.com\/tr\/wp-json\/wp\/v2\/types\/post"}],"author":[{"embeddable":true,"href":"https:\/\/www.nationalturk.com\/tr\/wp-json\/wp\/v2\/users\/4"}],"replies":[{"embeddable":true,"href":"https:\/\/www.nationalturk.com\/tr\/wp-json\/wp\/v2\/comments?post=145172"}],"version-history":[{"count":0,"href":"https:\/\/www.nationalturk.com\/tr\/wp-json\/wp\/v2\/posts\/145172\/revisions"}],"wp:featuredmedia":[{"embeddable":true,"href":"https:\/\/www.nationalturk.com\/tr\/wp-json\/wp\/v2\/media\/177814"}],"wp:attachment":[{"href":"https:\/\/www.nationalturk.com\/tr\/wp-json\/wp\/v2\/media?parent=145172"}],"wp:term":[{"taxonomy":"category","embeddable":true,"href":"https:\/\/www.nationalturk.com\/tr\/wp-json\/wp\/v2\/categories?post=145172"},{"taxonomy":"post_tag","embeddable":true,"href":"https:\/\/www.nationalturk.com\/tr\/wp-json\/wp\/v2\/tags?post=145172"}],"curies":[{"name":"wp","href":"https:\/\/api.w.org\/{rel}","templated":true}]}}