{"id":145388,"date":"2013-08-16T23:09:23","date_gmt":"2013-08-16T20:09:23","guid":{"rendered":"http:\/\/www.nationalturk.com\/?p=145388"},"modified":"2013-08-16T23:09:23","modified_gmt":"2013-08-16T20:09:23","slug":"kenan-imirzalioglu-ve-sevgilisi-kubra-ayri-ayri-tatil-yaptilar-145388","status":"publish","type":"post","link":"https:\/\/www.nationalturk.com\/tr\/kenan-imirzalioglu-ve-sevgilisi-kubra-ayri-ayri-tatil-yaptilar-145388\/","title":{"rendered":"Kenan \u0130mirzal\u0131o\u011flu ve sevgilisi K\u00fcbra ayr\u0131 ayr\u0131 tatil yapt\u0131lar!"},"content":{"rendered":"<h1><a href=\"http:\/\/www.nationalturk.com\/tr\/wp-content\/uploads\/2013\/08\/kenan-imirzalioglu-kubra-kucuk.jpg\"><img loading=\"lazy\" decoding=\"async\" class=\"size-large wp-image-145389 aligncenter\" alt=\"kenan-imirzalioglu-kubra-kucuk\" src=\"http:\/\/www.nationalturk.com\/tr\/wp-content\/uploads\/2013\/08\/kenan-imirzalioglu-kubra-kucuk-610x397.jpg\" width=\"610\" height=\"397\" title=\"\" srcset=\"https:\/\/www.nationalturk.com\/tr\/wp-content\/uploads\/2013\/08\/kenan-imirzalioglu-kubra-kucuk-610x397.jpg 610w, https:\/\/www.nationalturk.com\/tr\/wp-content\/uploads\/2013\/08\/kenan-imirzalioglu-kubra-kucuk-280x182.jpg 280w, https:\/\/www.nationalturk.com\/tr\/wp-content\/uploads\/2013\/08\/kenan-imirzalioglu-kubra-kucuk.jpg 640w\" sizes=\"auto, (max-width: 610px) 100vw, 610px\" \/><\/a><\/h1>\n<h1>Uyu\u015fturucu operasyonunda g\u00f6zalt\u0131na al\u0131nan \u00fcnl\u00fcler aras\u0131nda bulunan Kenan \u0130mirzal\u0131o\u011flu&#8217;nun sevgilisi K\u00fcbra K\u00fc\u00e7\u00fck, \u00c7e\u015fme&#8217;ye tatil i\u00e7in \u00c7e\u015fme&#8217;ye geldi.<\/h1>\n<p>Kenan \u0130mirzal\u0131o\u011flu ile aralar\u0131nda ayr\u0131l\u0131k dedikodusu \u00e7\u0131kan K\u00fcbra K\u00fc\u00e7\u00fck, arkada\u015flar\u0131 ile Aya Yorgi Koyu&#8217;nda Marrakech Beach&#8217;de denizin keyfini \u00e7\u0131kard\u0131. \u0130mirzal\u0131o\u011flu&#8217;nun \u0130spanya&#8217;ya yaln\u0131z gitmesinin ard\u0131ndan solu\u011fu \u00c7e\u015fme&#8217;de alan K\u00fcbra K\u00fc\u00e7\u00fck, gazetecilerin kendisini g\u00f6r\u00fcnt\u00fclemesinden rahats\u0131z oldu. Yan\u0131na garsonlar\u0131 \u00e7a\u011f\u0131ran K\u00fcbra K\u00fc\u00e7\u00fck gazetecileri \u015fikayet etti ve iskeleden kalkarak i\u00e7 k\u0131sma gitti.<\/p>\n<!-- Error, Advert is not available at this time due to schedule\/geolocation restrictions! -->\n<p>&nbsp;<\/p>\n","protected":false},"excerpt":{"rendered":"<p>Uyu\u015fturucu operasyonunda g\u00f6zalt\u0131na al\u0131nan \u00fcnl\u00fcler aras\u0131nda bulunan Kenan \u0130mirzal\u0131o\u011flu&#8217;nun sevgilisi K\u00fcbra K\u00fc\u00e7\u00fck, \u00c7e\u015fme&#8217;ye tatil i\u00e7in \u00c7e\u015fme&#8217;ye geldi.<\/p>\n","protected":false},"author":9192221,"featured_media":177786,"comment_status":"open","ping_status":"open","sticky":false,"template":"","format":"standard","meta":{"_acf_changed":false,"footnotes":""},"categories":[6155,6232],"tags":[138314,38524,138190,138191,138925,24203,138195],"class_list":["post-145388","post","type-post","status-publish","format-standard","has-post-thumbnail","hentry","category-gundem","category-magazin","tag-kenan-imirzalioglu-tatil","tag-kenan-imirzalioglu","tag-kenan-imirzalioglu-barcelona","tag-kenan-imirzalioglu-ispanya","tag-kubra-kucuk","tag-uyusturucu-operasyonu","tag-uyusturucu-operasyonu-kenan-imirzalioglu"],"acf":[],"_links":{"self":[{"href":"https:\/\/www.nationalturk.com\/tr\/wp-json\/wp\/v2\/posts\/145388","targetHints":{"allow":["GET"]}}],"collection":[{"href":"https:\/\/www.nationalturk.com\/tr\/wp-json\/wp\/v2\/posts"}],"about":[{"href":"https:\/\/www.nationalturk.com\/tr\/wp-json\/wp\/v2\/types\/post"}],"author":[{"embeddable":true,"href":"https:\/\/www.nationalturk.com\/tr\/wp-json\/wp\/v2\/users\/9192221"}],"replies":[{"embeddable":true,"href":"https:\/\/www.nationalturk.com\/tr\/wp-json\/wp\/v2\/comments?post=145388"}],"version-history":[{"count":0,"href":"https:\/\/www.nationalturk.com\/tr\/wp-json\/wp\/v2\/posts\/145388\/revisions"}],"wp:featuredmedia":[{"embeddable":true,"href":"https:\/\/www.nationalturk.com\/tr\/wp-json\/wp\/v2\/media\/177786"}],"wp:attachment":[{"href":"https:\/\/www.nationalturk.com\/tr\/wp-json\/wp\/v2\/media?parent=145388"}],"wp:term":[{"taxonomy":"category","embeddable":true,"href":"https:\/\/www.nationalturk.com\/tr\/wp-json\/wp\/v2\/categories?post=145388"},{"taxonomy":"post_tag","embeddable":true,"href":"https:\/\/www.nationalturk.com\/tr\/wp-json\/wp\/v2\/tags?post=145388"}],"curies":[{"name":"wp","href":"https:\/\/api.w.org\/{rel}","templated":true}]}}