{"id":145463,"date":"2013-08-18T21:39:51","date_gmt":"2013-08-18T18:39:51","guid":{"rendered":"http:\/\/www.nationalturk.com\/?p=145463"},"modified":"2013-08-18T21:39:51","modified_gmt":"2013-08-18T18:39:51","slug":"devlet-bahceliyi-cirit-ekibi-karsiladi-145463","status":"publish","type":"post","link":"https:\/\/www.nationalturk.com\/tr\/devlet-bahceliyi-cirit-ekibi-karsiladi-145463\/","title":{"rendered":"Devlet Bah\u00e7eli&#8217;yi cirit ekibi kar\u015f\u0131lad\u0131!"},"content":{"rendered":"<h1><img loading=\"lazy\" decoding=\"async\" class=\"alignleft size-medium wp-image-145464\" alt=\"Devlet-bahceli-cirit-ekibi\" src=\"http:\/\/www.nationalturk.com\/tr\/wp-content\/uploads\/2013\/08\/Devlet-bahceli-cirit-ekibi-214x220.jpg\" width=\"214\" height=\"220\" title=\"\" srcset=\"https:\/\/www.nationalturk.com\/tr\/wp-content\/uploads\/2013\/08\/Devlet-bahceli-cirit-ekibi-214x220.jpg 214w, https:\/\/www.nationalturk.com\/tr\/wp-content\/uploads\/2013\/08\/Devlet-bahceli-cirit-ekibi-50x50.jpg 50w, https:\/\/www.nationalturk.com\/tr\/wp-content\/uploads\/2013\/08\/Devlet-bahceli-cirit-ekibi.jpg 290w\" sizes=\"auto, (max-width: 214px) 100vw, 214px\" \/>MHP Genel Ba\u015fkan\u0131 Devlet Bah\u00e7eli, Kayseri\u2019nin P\u0131narba\u015f\u0131 il\u00e7esinde, merhum MHP lideri Alparslan T\u00fcrke\u015f\u2019in heykelinin de bulundu\u011fu T\u00fcrkl\u00fck An\u0131t\u0131\u2019n\u0131 ziyaret etti.<\/h1>\n<p>Partililerle hat\u0131ra foto\u011fraf\u0131 \u00e7ektiren Devlet Bah\u00e7eli\u2019ye vatanda\u015flar yo\u011fun ilgi g\u00f6sterdi. Bah\u00e7eli, Ankara\u2019dan karayoluyla Kayseri\u2019ye geldi. Bah\u00e7eli, kent giri\u015finde MHP \u0130l Ba\u015fkan\u0131 Mete Eke, MHP Kayseri Milletvekili Yusuf Hala\u00e7o\u011flu, Merkez Y\u00f6netim Kurulu \u00dcyesi Mustafa Eraslan ve \u00e7ok say\u0131da partili taraf\u0131ndan co\u015fkulu bi\u00e7imde kar\u015f\u0131land\u0131.<\/p>\n<p>MHP lideri Bah\u00e7eli daha sonra, uzun bir ara\u00e7 konvoyuyla 150\u2019nci y\u0131l\u0131n\u0131 kutlayan P\u0131narba\u015f\u0131 il\u00e7e belediyesinin etkinliklerine kat\u0131lmak \u00fczere P\u0131narba\u015f\u0131 il\u00e7esine geldi. \u0130l\u00e7e giri\u015findeki T\u00fcrkl\u00fck An\u0131t\u0131\u2019n\u0131 ziyaret eden ve burada partililerle hat\u0131ra foto\u011fraf\u0131 \u00e7ektiren Devlet Bah\u00e7eli, daha sonra P\u0131narba\u015f\u0131 Belediye Ba\u015fkan\u0131 MHP\u2019li Dursun Ata\u015f\u2019\u0131 makam\u0131nda ziyaret etmek i\u00e7in, geldi\u011fi belediye binas\u0131 \u00f6n\u00fcnde, Erzurum Atl\u0131 Cirit ekibi ve Mehter tak\u0131m\u0131 ile kar\u015f\u0131land\u0131.<\/p>\n<!-- Error, Advert is not available at this time due to schedule\/geolocation restrictions! -->\n","protected":false},"excerpt":{"rendered":"<p>MHP Genel Ba\u015fkan\u0131 Devlet Bah\u00e7eli, Kayseri\u2019nin P\u0131narba\u015f\u0131 il\u00e7esinde, merhum MHP lideri Alparslan T\u00fcrke\u015f\u2019in heykelinin de bulundu\u011fu T\u00fcrkl\u00fck An\u0131t\u0131\u2019n\u0131 ziyaret etti.<\/p>\n","protected":false},"author":9192221,"featured_media":177776,"comment_status":"open","ping_status":"open","sticky":false,"template":"","format":"standard","meta":{"_acf_changed":false,"footnotes":""},"categories":[6155,5005,6202,349,6805],"tags":[45886,1688,8469,3338,1267,80354,139044,10829,23086,11668],"class_list":["post-145463","post","type-post","status-publish","format-standard","has-post-thumbnail","hentry","category-gundem","category-manset","category-politika","category-son-dakika","category-turkiye","tag-alparslan-turkes","tag-ankara","tag-devlet-bahceli","tag-erzurum","tag-kayseri","tag-kayseri-pinarbasi","tag-mehter-takimi","tag-mhp","tag-pinarbasi","tag-yusuf-halacoglu"],"acf":[],"_links":{"self":[{"href":"https:\/\/www.nationalturk.com\/tr\/wp-json\/wp\/v2\/posts\/145463","targetHints":{"allow":["GET"]}}],"collection":[{"href":"https:\/\/www.nationalturk.com\/tr\/wp-json\/wp\/v2\/posts"}],"about":[{"href":"https:\/\/www.nationalturk.com\/tr\/wp-json\/wp\/v2\/types\/post"}],"author":[{"embeddable":true,"href":"https:\/\/www.nationalturk.com\/tr\/wp-json\/wp\/v2\/users\/9192221"}],"replies":[{"embeddable":true,"href":"https:\/\/www.nationalturk.com\/tr\/wp-json\/wp\/v2\/comments?post=145463"}],"version-history":[{"count":0,"href":"https:\/\/www.nationalturk.com\/tr\/wp-json\/wp\/v2\/posts\/145463\/revisions"}],"wp:featuredmedia":[{"embeddable":true,"href":"https:\/\/www.nationalturk.com\/tr\/wp-json\/wp\/v2\/media\/177776"}],"wp:attachment":[{"href":"https:\/\/www.nationalturk.com\/tr\/wp-json\/wp\/v2\/media?parent=145463"}],"wp:term":[{"taxonomy":"category","embeddable":true,"href":"https:\/\/www.nationalturk.com\/tr\/wp-json\/wp\/v2\/categories?post=145463"},{"taxonomy":"post_tag","embeddable":true,"href":"https:\/\/www.nationalturk.com\/tr\/wp-json\/wp\/v2\/tags?post=145463"}],"curies":[{"name":"wp","href":"https:\/\/api.w.org\/{rel}","templated":true}]}}