{"id":145472,"date":"2013-08-19T09:19:10","date_gmt":"2013-08-19T06:19:10","guid":{"rendered":"http:\/\/www.nationalturk.com\/?p=145472"},"modified":"2022-09-11T18:10:03","modified_gmt":"2022-09-11T15:10:03","slug":"guney-kore-abd-ortak-tatbikat-145472","status":"publish","type":"post","link":"https:\/\/www.nationalturk.com\/tr\/guney-kore-abd-ortak-tatbikat-145472\/","title":{"rendered":"G\u00fcney Kore ve ABD&#8217;den ortak tatbikat"},"content":{"rendered":"<h1><a href=\"http:\/\/www.nationalturk.com\/tr\/wp-content\/uploads\/2013\/08\/abd-guney-kore-ortak-tatbikat.jpg\"><img loading=\"lazy\" decoding=\"async\" class=\"alignleft size-medium wp-image-145475\" alt=\"abd-guney-kore-ortak-tatbikat\" src=\"http:\/\/www.nationalturk.com\/tr\/wp-content\/uploads\/2013\/08\/abd-guney-kore-ortak-tatbikat-280x186.jpg\" width=\"280\" height=\"186\" title=\"\" srcset=\"https:\/\/www.nationalturk.com\/tr\/wp-content\/uploads\/2013\/08\/abd-guney-kore-ortak-tatbikat-280x186.jpg 280w, https:\/\/www.nationalturk.com\/tr\/wp-content\/uploads\/2013\/08\/abd-guney-kore-ortak-tatbikat.jpg 400w\" sizes=\"auto, (max-width: 280px) 100vw, 280px\" \/><\/a>G\u00fcney Kore ile ABD&#8217;nin, her y\u0131l yap\u0131lan ortak askeri tatbikatlara ba\u015flad\u0131\u011f\u0131 ve\u00a0tatbikatlar\u0131n 30 A\u011fustos&#8217;a kadar devam edece\u011fi bildirildi.<\/h1>\n<p>Kuzey Kore&#8217;nin i\u015fgal haz\u0131rl\u0131\u011f\u0131 olarak nitelendirdi\u011fi tatbikatlar\u0131n bu y\u0131l, Kore Yar\u0131madas\u0131&#8217;ndaki gerginli\u011fin k\u0131smen yat\u0131\u015fma i\u015faretleri verdi\u011fi s\u0131rada yap\u0131laca\u011f\u0131 belirtildi.<\/p>\n<p>Kuzey ve G\u00fcney Kore&#8217;nin Kaesong ortak sanayi b\u00f6lgesinin yeniden a\u00e7\u0131lmas\u0131 konusunda anla\u015fmaya varmalar\u0131 ve Kuzey Kore&#8217;nin, G\u00fcney&#8217;in sava\u015f s\u0131ras\u0131nda birbirinden ayr\u0131 d\u00fc\u015fen ailelerin yeniden bir araya getirilmesini i\u00e7in g\u00f6r\u00fc\u015fmelerde bulunma \u00f6nerisini kabul etmesi gibi geli\u015fmelerle iki \u00fclkenin ili\u015fkilerinde iyile\u015fme g\u00f6zleniyor.<\/p>\n<h2>Kore Yar\u0131madas\u0131&#8217;ndaki gerilim<\/h2>\n<p>Kuzey Kore&#8217;nin, 12 \u015eubat&#8217;ta t\u00fcm uyar\u0131lara ra\u011fmen \u00fc\u00e7\u00fcnc\u00fc n\u00fckleer denemesini yapmas\u0131 t\u00fcm d\u00fcnyan\u0131n tepkisini \u00e7ekmi\u015f ve Birle\u015fmi\u015f Milletler G\u00fcvenlik Konseyi, 7 Mart&#8217;ta Pyongyang y\u00f6netimine uygulanacak yeni yapt\u0131r\u0131m paketini kabul etmi\u015fti.<\/p>\n<p>ABD&#8217;ye kar\u015f\u0131 &#8220;\u00f6nleyici n\u00fckleer sald\u0131r\u0131&#8221; d\u00fczenleme hakk\u0131n\u0131 kullanaca\u011f\u0131n\u0131 a\u00e7\u0131klayan Kuzey Kore, 11 Mart&#8217;ta G\u00fcney Kore ile ABD&#8217;nin ortak askeri tatbikata ba\u015flamas\u0131 \u00fczerine Kore Sava\u015f\u0131&#8217;n\u0131 sona erdirmek i\u00e7in 1953&#8217;te imzalanan ate\u015fkes anla\u015fmas\u0131n\u0131 iptal etti\u011fini belirtmi\u015fti.<\/p>\n<p>Kuzey Kore&#8217;nin ABD ve G\u00fcney Kore&#8217;ye tehditlerini s\u00fcrd\u00fcrmesi \u00fczerine ABD, 19 Mart&#8217;ta B-2 hayalet u\u00e7aklar\u0131n\u0131 b\u00f6lgeye g\u00f6ndermi\u015f, Kuzey Kore ise 27 Mart&#8217;ta G\u00fcney Kore ile askeri k\u0131rm\u0131z\u0131 hatt\u0131n\u0131 kesmi\u015fti.<\/p>\n<p>Kaesong ortak sanayi b\u00f6lgesinin faaliyeti Kuzey Kore&#8217;nin Nisan&#8217;da b\u00f6lgede \u00e7al\u0131\u015fan 53 bin vatanda\u015f\u0131n\u0131 geri \u00e7ekmesi \u00fczerine durmu\u015ftu. B\u00f6lgede G\u00fcney Kore&#8217;ye ait 100&#8217;\u00fcn \u00fczerinde fabrika faaliyet g\u00f6steriyordu.<\/p>\n<p>Kuzey Kore, ard\u0131ndan G\u00fcney Kore ile &#8220;sava\u015f durumuna&#8221; girdi\u011fini a\u00e7\u0131klam\u0131\u015ft\u0131.<\/p>\n<!-- Error, Advert is not available at this time due to schedule\/geolocation restrictions! -->\n","protected":false},"excerpt":{"rendered":"<p>G\u00fcney Kore ile ABD&#8217;nin, her y\u0131l yap\u0131lan ortak askeri tatbikatlara ba\u015flad\u0131\u011f\u0131 ve tatbikatlar\u0131n 30 A\u011fustos&#8217;a kadar devam edece\u011fi bildirildi.<\/p>\n","protected":false},"author":3,"featured_media":177775,"comment_status":"open","ping_status":"open","sticky":false,"template":"","format":"standard","meta":{"_acf_changed":false,"footnotes":""},"categories":[6768,6769,6665,6155,5005,220816],"tags":[1887,6627,4763,3967,5622,55202],"class_list":["post-145472","post","type-post","status-publish","format-standard","has-post-thumbnail","hentry","category-amerika","category-asya","category-dunya","category-gundem","category-manset","category-uzak-dogu","tag-abd","tag-abd-ordusu","tag-amerika","tag-guney-kore","tag-kuzey-kore","tag-kuzey-kore-guney-kore"],"acf":[],"_links":{"self":[{"href":"https:\/\/www.nationalturk.com\/tr\/wp-json\/wp\/v2\/posts\/145472","targetHints":{"allow":["GET"]}}],"collection":[{"href":"https:\/\/www.nationalturk.com\/tr\/wp-json\/wp\/v2\/posts"}],"about":[{"href":"https:\/\/www.nationalturk.com\/tr\/wp-json\/wp\/v2\/types\/post"}],"author":[{"embeddable":true,"href":"https:\/\/www.nationalturk.com\/tr\/wp-json\/wp\/v2\/users\/3"}],"replies":[{"embeddable":true,"href":"https:\/\/www.nationalturk.com\/tr\/wp-json\/wp\/v2\/comments?post=145472"}],"version-history":[{"count":0,"href":"https:\/\/www.nationalturk.com\/tr\/wp-json\/wp\/v2\/posts\/145472\/revisions"}],"wp:featuredmedia":[{"embeddable":true,"href":"https:\/\/www.nationalturk.com\/tr\/wp-json\/wp\/v2\/media\/177775"}],"wp:attachment":[{"href":"https:\/\/www.nationalturk.com\/tr\/wp-json\/wp\/v2\/media?parent=145472"}],"wp:term":[{"taxonomy":"category","embeddable":true,"href":"https:\/\/www.nationalturk.com\/tr\/wp-json\/wp\/v2\/categories?post=145472"},{"taxonomy":"post_tag","embeddable":true,"href":"https:\/\/www.nationalturk.com\/tr\/wp-json\/wp\/v2\/tags?post=145472"}],"curies":[{"name":"wp","href":"https:\/\/api.w.org\/{rel}","templated":true}]}}