{"id":145645,"date":"2013-08-20T13:42:04","date_gmt":"2013-08-20T10:42:04","guid":{"rendered":"http:\/\/www.nationalturk.com\/?p=145645"},"modified":"2013-08-20T13:42:04","modified_gmt":"2013-08-20T10:42:04","slug":"istanbul-teror-orgutune-yonelik-operasyon-145645","status":"publish","type":"post","link":"https:\/\/www.nationalturk.com\/tr\/istanbul-teror-orgutune-yonelik-operasyon-145645\/","title":{"rendered":"\u0130stanbul&#8217;da ter\u00f6r \u00f6rg\u00fct\u00fcne y\u00f6nelik operasyon"},"content":{"rendered":"<h1><a href=\"http:\/\/www.nationalturk.com\/tr\/wp-content\/uploads\/2013\/08\/istanbul-teror-operasyon.jpg\"><img loading=\"lazy\" decoding=\"async\" class=\"alignleft size-medium wp-image-145646\" alt=\"\u0130stanbul&#039;da ter\u00f6r \u00f6rg\u00fct\u00fcne y\u00f6nelik operasyon\" src=\"http:\/\/www.nationalturk.com\/tr\/wp-content\/uploads\/2013\/08\/istanbul-teror-operasyon-280x157.jpg\" width=\"280\" height=\"157\" title=\"\" srcset=\"https:\/\/www.nationalturk.com\/tr\/wp-content\/uploads\/2013\/08\/istanbul-teror-operasyon-280x157.jpg 280w, https:\/\/www.nationalturk.com\/tr\/wp-content\/uploads\/2013\/08\/istanbul-teror-operasyon-610x343.jpg 610w, https:\/\/www.nationalturk.com\/tr\/wp-content\/uploads\/2013\/08\/istanbul-teror-operasyon.jpg 720w\" sizes=\"auto, (max-width: 280px) 100vw, 280px\" \/><\/a>\u0130stanbul&#8217;da ter\u00f6r \u00f6rg\u00fct\u00fcne y\u00f6nelik operasyonlarda yakalanan 17 ki\u015finin, 15 ara\u00e7 yakma ile 25 banka, market ve i\u015f yeri kundaklama eylemlerine kar\u0131\u015ft\u0131klar\u0131 belirlendi.<\/h1>\n<p>\u0130stanbul Ter\u00f6rle M\u00fccadele \u015eube M\u00fcd\u00fcrl\u00fc\u011f\u00fc ekipleri taraf\u0131ndan d\u00fczenlenen operasyonda g\u00f6zalt\u0131na al\u0131nan ter\u00f6r \u00f6rg\u00fct\u00fc PKK&#8217;n\u0131n gen\u00e7lik yap\u0131lanmas\u0131 Yurtsever Demokratik Gen\u00e7lik Hareketi \u00fcyesi 17 ki\u015finin sorgulamalar\u0131 s\u00fcr\u00fcyor.<\/p>\n<p>G\u00f6zalt\u0131ndaki \u015f\u00fcphelilerin son aylarda \u0130stanbul&#8217;un \u00e7e\u015fitli semtlerinde molotofkokteyli atmak suretiyle 15 otob\u00fcs, minib\u00fcs ve otomobil yakma, 25 banka, market ve i\u015f yeri kundaklama eylemlerine kar\u0131\u015ft\u0131klar\u0131n\u0131n belirlendi\u011fi \u00f6\u011frenildi.<\/p>\n<p>Ter\u00f6r \u00f6rg\u00fct\u00fc \u00fcyelerinin g\u00f6sterdikleri yerlerde yap\u0131lan aramalarda ise patlay\u0131c\u0131 ve molotofkokteyli yap\u0131m\u0131nda kullan\u0131lan baz\u0131 malzemeler ele ge\u00e7irildi.<\/p>\n<p>Bu arada, Ter\u00f6rle M\u00fccadele \u015eube M\u00fcd\u00fcrl\u00fc\u011f\u00fc taraf\u0131ndan \u015f\u00fcphelilerin ger\u00e7ekle\u015ftirdikleri eylemlere ili\u015fkin g\u00f6r\u00fcnt\u00fcler bas\u0131n mensuplar\u0131na da\u011f\u0131t\u0131ld\u0131. G\u00f6r\u00fcnt\u00fclerde, ter\u00f6r \u00f6rg\u00fct\u00fc \u00fcyelerinin otob\u00fcs, minib\u00fcs, otomobil, banka, market ve i\u015f yerlerine ger\u00e7ekle\u015ftirdikleri molotofkokteylli sald\u0131r\u0131lar ile kundaklama eylemleri yer al\u0131yor.<\/p>\n<p>\u0130stanbul Ter\u00f6rle M\u00fccadele \u015eube M\u00fcd\u00fcrl\u00fc\u011f\u00fc ekiplerinin \u00d6zel Harekat \u015eube M\u00fcd\u00fcrl\u00fc\u011f\u00fc polislerinin deste\u011fiyle Beyo\u011flu, \u015ei\u015fli, Okmeydan\u0131, K\u00fc\u00e7\u00fck\u00e7ekmece, B\u00fcy\u00fck\u00e7ekmece, Esenler, Gaziosmanpa\u015fa&#8217;da d\u00fczenledi\u011fi operasyonlarda Yurtsever Demokratik Gen\u00e7lik Hareketi \u00fcyesi 17 ki\u015fi g\u00f6zalt\u0131na al\u0131nd\u0131.<\/p>\n<!-- Error, Advert is not available at this time due to schedule\/geolocation restrictions! -->\n","protected":false},"excerpt":{"rendered":"<p>\u0130stanbul&#8217;da ter\u00f6r \u00f6rg\u00fct\u00fcne y\u00f6nelik operasyonlarda yakalanan 17 ki\u015finin, 15 ara\u00e7 yakma ile 25 banka, market ve i\u015f yeri kundaklama eylemlerine kar\u0131\u015ft\u0131klar\u0131 belirlendi.<\/p>\n","protected":false},"author":3,"featured_media":177745,"comment_status":"open","ping_status":"open","sticky":false,"template":"","format":"standard","meta":{"_acf_changed":false,"footnotes":""},"categories":[6155,5005],"tags":[489,31494,45572,11405,10706,47687,5592,14068,5862,139215,69791],"class_list":["post-145645","post","type-post","status-publish","format-standard","has-post-thumbnail","hentry","category-gundem","category-manset","tag-beyoglu","tag-buyukcekmece","tag-esenler","tag-gaziosmanpasa","tag-kucukcekmece","tag-okmeydani","tag-pkk","tag-sisli","tag-teror-orgutu","tag-teror-orgutu-operasyon","tag-teror-orgutu-pkk"],"acf":[],"_links":{"self":[{"href":"https:\/\/www.nationalturk.com\/tr\/wp-json\/wp\/v2\/posts\/145645","targetHints":{"allow":["GET"]}}],"collection":[{"href":"https:\/\/www.nationalturk.com\/tr\/wp-json\/wp\/v2\/posts"}],"about":[{"href":"https:\/\/www.nationalturk.com\/tr\/wp-json\/wp\/v2\/types\/post"}],"author":[{"embeddable":true,"href":"https:\/\/www.nationalturk.com\/tr\/wp-json\/wp\/v2\/users\/3"}],"replies":[{"embeddable":true,"href":"https:\/\/www.nationalturk.com\/tr\/wp-json\/wp\/v2\/comments?post=145645"}],"version-history":[{"count":0,"href":"https:\/\/www.nationalturk.com\/tr\/wp-json\/wp\/v2\/posts\/145645\/revisions"}],"wp:featuredmedia":[{"embeddable":true,"href":"https:\/\/www.nationalturk.com\/tr\/wp-json\/wp\/v2\/media\/177745"}],"wp:attachment":[{"href":"https:\/\/www.nationalturk.com\/tr\/wp-json\/wp\/v2\/media?parent=145645"}],"wp:term":[{"taxonomy":"category","embeddable":true,"href":"https:\/\/www.nationalturk.com\/tr\/wp-json\/wp\/v2\/categories?post=145645"},{"taxonomy":"post_tag","embeddable":true,"href":"https:\/\/www.nationalturk.com\/tr\/wp-json\/wp\/v2\/tags?post=145645"}],"curies":[{"name":"wp","href":"https:\/\/api.w.org\/{rel}","templated":true}]}}