{"id":145726,"date":"2013-08-21T11:53:21","date_gmt":"2013-08-21T08:53:21","guid":{"rendered":"http:\/\/www.nationalturk.com\/?p=145726"},"modified":"2013-08-21T11:54:03","modified_gmt":"2013-08-21T08:54:03","slug":"savsak-medya-ergun-bey-erdinc-dinceri-ikinci-kez-oldurduler-145726","status":"publish","type":"post","link":"https:\/\/www.nationalturk.com\/tr\/savsak-medya-ergun-bey-erdinc-dinceri-ikinci-kez-oldurduler-145726\/","title":{"rendered":"Savsak medya! &#8220;Ergun Bey&#8221; Erdin\u00e7 Din\u00e7er&#8217;i ikinci kez \u00f6ld\u00fcrd\u00fcler!"},"content":{"rendered":"<p><img loading=\"lazy\" decoding=\"async\" class=\"alignnone size-full wp-image-145728\" alt=\"\" src=\"http:\/\/www.nationalturk.com\/tr\/wp-content\/uploads\/2013\/08\/erdinc_dincer_google1-e1377075090154.jpg\" width=\"584\" height=\"308\" title=\"\" srcset=\"https:\/\/www.nationalturk.com\/tr\/wp-content\/uploads\/2013\/08\/erdinc_dincer_google1-e1377075090154.jpg 584w, https:\/\/www.nationalturk.com\/tr\/wp-content\/uploads\/2013\/08\/erdinc_dincer_google1-e1377075090154-280x147.jpg 280w\" sizes=\"auto, (max-width: 584px) 100vw, 584px\" \/><\/p>\n<h1>T\u00fcrkiye\u2019de pantomim sanat\u0131n\u0131n \u00f6nc\u00fcs\u00fc olan, d\u00fcnyada ise bu sanat\u0131n \u00f6nde gelen ustalar\u0131ndan biri olarak kabul edilen oyuncu Erdin\u00e7 Din\u00e7er hayat\u0131n\u0131 kaybetti. Medyan\u0131n b\u00fcy\u00fck b\u00f6l\u00fcm\u00fc ise 2010 y\u0131l\u0131nda aram\u0131zdan ayr\u0131lan, Bizimkiler dizisinin &#8216;Ergun Bey&#8217;i Erdin\u00e7 Din\u00e7er&#8217;in foto\u011fraf\u0131n\u0131 kulland\u0131!<\/h1>\n<p>Devlet Tiyatrolar\u0131 sanat\u00e7\u0131s\u0131 Erdin\u00e7 Din\u00e7er vefat etti.\u00a0Devlet Tiyatrolar\u0131 Genel M\u00fcd\u00fcrl\u00fc\u011f\u00fcnden (DT) yap\u0131lan yaz\u0131l\u0131 a\u00e7\u0131klamada, 78 ya\u015f\u0131ndaki tiyatro sanat\u00e7\u0131s\u0131 Erdin\u00e7 Din\u00e7er&#8217;in hayat\u0131n\u0131 kaybetti\u011fi belirtildi.<\/p>\n<p>Sanat\u00e7\u0131n\u0131n cenazesinin, 22 A\u011fustos&#8217;ta Urla&#8217;da \u0130skele Camisi&#8217;nde k\u0131l\u0131nacak \u00f6\u011fle namaz\u0131n\u0131n ard\u0131ndanYa\u011fc\u0131lar k\u00f6y\u00fc mezarl\u0131\u011f\u0131na defnedilece\u011fi bildirildi.<\/p>\n<p>\u0130zmir&#8217;de do\u011fan Din\u00e7er 1972&#8217;de Devlet Opera ve Balesinde balet, 1974 y\u0131l\u0131nda da Hacettepe \u00dcniversitesi M\u00fczik ve G\u00f6rsel Sanatlar Enstit\u00fcs\u00fcnde ara\u015ft\u0131rma g\u00f6revlisi olarak \u00e7al\u0131\u015ft\u0131. 1979-1982 ve 1987-2000 y\u0131llar\u0131nda DT&#8217;de g\u00f6rev yapan sanat\u00e7\u0131 2000&#8217;de emekli oldu.<\/p>\n<p>Din\u00e7er&#8217;in y\u00f6netti\u011fi oyunlardan baz\u0131lar\u0131 \u015f\u00f6yle: &#8220;S\u00f6zs\u00fcz Oyunlar, Mim (S\u00f6z G\u00fcm\u00fc\u015fse), S\u00f6zs\u00fcz Oyunlar &#8211; Mim (A\u00e7\u0131l Susam A\u00e7\u0131l), S\u00f6zs\u00fcz Oyunlar &#8211; Mim (Sessiz D\u00fcnya), K\u0131rm\u0131z\u0131 Pabu\u00e7lar, Sihirbaz ve Oyuncular, Kabare Kabare, \u015eark\u0131lar\u0131m\u0131z \u00d6lmesin, Giordano Bruno.&#8221;<\/p>\n<p>&nbsp;<\/p>\n<p><strong>Bug\u00fcn vefat eden Erdin\u00e7 Din\u00e7er kimdir?<\/strong><\/p>\n<p>1935 y\u0131l\u0131nda \u0130zmir&#8217;de do\u011fan oyuncu, Ankara Devlet Konservatuar\u0131\u2019na 1951 y\u0131l\u0131nda orkestra \u015fefi olmak \u00fczere girdi. Erdin\u00e7 Din\u00e7er, 1956 y\u0131l\u0131nda T\u00fcrkiye&#8217;ye gelen \u201cpandomimcilerin atas\u0131\u201d Frans\u0131z Theo Lesoualche\u2019yi izlendi ve \u00e7ok etkilendi. Yeniden konservatuara giren Erdin\u00e7 Din\u00e7er bu kez \u0130zmir\u2019de tiyatro \u00f6\u011frenimi yapt\u0131. Erdin\u00e7 Din\u00e7er, 1961-1965 y\u0131llar\u0131 aras\u0131nda Paris&#8217;e giderek Jacques Lecoq Pantomim Okulu&#8217;nda \u00f6\u011frenimine devam etti. Bu y\u0131llarda efsane pandomimci Marcel Marceau ile birlikte \u00e7al\u0131\u015ft\u0131. UNESCO\u2019nun Do\u011fu&#8217;da ve Bat\u0131&#8217;da Mim ad\u0131yla t\u00fcm d\u00fcnya televizyonlar\u0131nda g\u00f6sterilmek \u00fczere \u00e7evrilen filmde T\u00fcrkiye&#8217;yi Nasreddin Hoca tiplemesi ile temsil etti.<\/p>\n<p>Say\u0131s\u0131z uluslararas\u0131 birincilik ve \u00f6d\u00fclleri bulunan Erdin\u00e7 Din\u00e7er giderek t\u00fcm d\u00fcnyada pandomim sanat\u0131n\u0131n ustalar\u0131ndan biri olarak isim yapt\u0131. Din\u00e7er 1966 Nancy Uluslararas\u0131 Tiyatro Festivali&#8217;nde ald\u0131\u011f\u0131 b\u00fcy\u00fck \u00f6d\u00fclle ad\u0131n\u0131 pantomim sanat\u0131n\u0131n \u00f6l\u00fcms\u00fczleri aras\u0131na yazd\u0131rd\u0131. TRT\u2019nin tek kanall\u0131 siyah-beyaz y\u0131llar\u0131nda gece yar\u0131s\u0131ndan sonra yay\u0131mlanan k\u00fclt\u00fcr ku\u015fa\u011f\u0131 \u201cGece Sinemas\u0131\u201dn\u0131n s\u00fcrekli sanat\u00e7\u0131s\u0131 Din\u00e7er, klasik ve \u00e7a\u011fda\u015f bale g\u00f6sterilerinde de yer ald\u0131.<\/p>\n<h3>Medyan\u0131n savsakl\u0131\u011f\u0131!<\/h3>\n<p>\u0130ki b\u00fcy\u00fck ustan\u0131n isim benzerli\u011fi medyan\u0131n b\u00fcy\u00fck b\u00f6l\u00fcm\u00fcn\u00fc de ters k\u00f6\u015feye yat\u0131rd\u0131. Dikkatsiz edit\u00f6rler yay\u0131nlad\u0131klar\u0131 haberlerde 2010 y\u0131l\u0131nda vefat eden oyuncu Erdin\u00e7 Din\u00e7er&#8217;in foto\u011fraf\u0131n\u0131 kulland\u0131. Hatta baz\u0131 siteler Bizimkiler dizisindeki Ergun Bey rol\u00fcyle tan\u0131nan oyuncunun hayat hikayesini okuyucular\u0131na aktard\u0131.<\/p>\n<!-- Error, Advert is not available at this time due to schedule\/geolocation restrictions! -->\n","protected":false},"excerpt":{"rendered":"<p>T\u00fcrkiye\u2019de panomim sanat\u0131n\u0131n \u00f6nc\u00fcs\u00fc olan, d\u00fcnyada ise bu sanat\u0131n \u00f6nde gelen ustalar\u0131ndan biri olarak kabul edilen oyuncu Erdin\u00e7 Din\u00e7er hayat\u0131n\u0131 kaybetti. Medyan\u0131n b\u00fcy\u00fck b\u00f6l\u00fcm\u00fc ise 2010 y\u0131l\u0131nda aram\u0131zdan ayr\u0131lan, Bizimkiler dizisinin &#8216;Ergun Bey&#8217;i Erdin\u00e7 Din\u00e7er&#8217;in foto\u011fraf\u0131n\u0131 kulland\u0131!<\/p>\n","protected":false},"author":4,"featured_media":177731,"comment_status":"open","ping_status":"open","sticky":false,"template":"","format":"standard","meta":{"_acf_changed":false,"footnotes":""},"categories":[6155,6221,5005,6667,6670],"tags":[14445,14450],"class_list":["post-145726","post","type-post","status-publish","format-standard","has-post-thumbnail","hentry","category-gundem","category-kultur","category-manset","category-medya","category-sanat","tag-erdinc-dincer","tag-erdinc-dincer-oldu"],"acf":[],"_links":{"self":[{"href":"https:\/\/www.nationalturk.com\/tr\/wp-json\/wp\/v2\/posts\/145726","targetHints":{"allow":["GET"]}}],"collection":[{"href":"https:\/\/www.nationalturk.com\/tr\/wp-json\/wp\/v2\/posts"}],"about":[{"href":"https:\/\/www.nationalturk.com\/tr\/wp-json\/wp\/v2\/types\/post"}],"author":[{"embeddable":true,"href":"https:\/\/www.nationalturk.com\/tr\/wp-json\/wp\/v2\/users\/4"}],"replies":[{"embeddable":true,"href":"https:\/\/www.nationalturk.com\/tr\/wp-json\/wp\/v2\/comments?post=145726"}],"version-history":[{"count":0,"href":"https:\/\/www.nationalturk.com\/tr\/wp-json\/wp\/v2\/posts\/145726\/revisions"}],"wp:featuredmedia":[{"embeddable":true,"href":"https:\/\/www.nationalturk.com\/tr\/wp-json\/wp\/v2\/media\/177731"}],"wp:attachment":[{"href":"https:\/\/www.nationalturk.com\/tr\/wp-json\/wp\/v2\/media?parent=145726"}],"wp:term":[{"taxonomy":"category","embeddable":true,"href":"https:\/\/www.nationalturk.com\/tr\/wp-json\/wp\/v2\/categories?post=145726"},{"taxonomy":"post_tag","embeddable":true,"href":"https:\/\/www.nationalturk.com\/tr\/wp-json\/wp\/v2\/tags?post=145726"}],"curies":[{"name":"wp","href":"https:\/\/api.w.org\/{rel}","templated":true}]}}