{"id":145732,"date":"2013-08-21T12:17:24","date_gmt":"2013-08-21T09:17:24","guid":{"rendered":"http:\/\/www.nationalturk.com\/?p=145732"},"modified":"2013-08-21T12:21:41","modified_gmt":"2013-08-21T09:21:41","slug":"meryem-uzerli-4-aylik-hamile-145732","status":"publish","type":"post","link":"https:\/\/www.nationalturk.com\/tr\/meryem-uzerli-4-aylik-hamile-145732\/","title":{"rendered":"Meryem Uzerli 4 ayl\u0131k hamile !"},"content":{"rendered":"<h1><a href=\"http:\/\/www.nationalturk.com\/tr\/wp-content\/uploads\/2013\/08\/meryem-uzerli-hamile.jpg\"><img loading=\"lazy\" decoding=\"async\" class=\"alignleft size-large wp-image-145733\" alt=\"Meryem Uzerli 4 ayl\u0131k hamile\" src=\"http:\/\/www.nationalturk.com\/tr\/wp-content\/uploads\/2013\/08\/meryem-uzerli-hamile-294x400.jpg\" width=\"294\" height=\"400\" title=\"\" srcset=\"https:\/\/www.nationalturk.com\/tr\/wp-content\/uploads\/2013\/08\/meryem-uzerli-hamile-294x400.jpg 294w, https:\/\/www.nationalturk.com\/tr\/wp-content\/uploads\/2013\/08\/meryem-uzerli-hamile-162x220.jpg 162w, https:\/\/www.nationalturk.com\/tr\/wp-content\/uploads\/2013\/08\/meryem-uzerli-hamile.jpg 383w\" sizes=\"auto, (max-width: 294px) 100vw, 294px\" \/><\/a>T\u00fckenmi\u015flik Sendromu sebebiyle Muhte\u015fem Y\u00fczy\u0131l dizisinden ayr\u0131larak Almanya&#8217;ya giden Meryem Uzerli&#8217;nin 4 ayl\u0131k hamile oldu\u011fu \u00f6\u011frenildi.<\/h1>\n<p>Zor g\u00fcnler ge\u00e7iren g\u00fczel oyuncu, bebek bekliyor.<\/p>\n<p>Meryem Uzerli i\u015fadam\u0131 sevgilisi Can Ate\u015f\u2019ten \u00fc\u00e7 hafta \u00f6nce ayr\u0131ld\u0131 ve \u201cbekar anne\u201d olmaya haz\u0131rlan\u0131yor.<\/p>\n<h2>Ay\u015fe Arman: Meryem hem mutlu, hem h\u00fcz\u00fcnl\u00fc<\/h2>\n<p>Gazeteci Ay\u015fe Arman, Berlin&#8217;e gidip Meryem Uzerli ile r\u00f6portaj yaparak t\u00fcm ayr\u0131nt\u0131lar\u0131 \u00f6\u011frendi.<\/p>\n<p>Arman, Uzerli ile ilgili olarak H\u00fcrriyet&#8217;e &#8220;T\u00fcrkiye\u2019de ge\u00e7irdi\u011fi o \u00fc\u00e7 y\u0131l\u0131, Muhte\u015fem Y\u00fczy\u0131l\u2019\u0131, ba\u015f\u0131na gelen her \u015feyi onun a\u011fz\u0131ndan dinledim. Ve t\u00fckenmi\u015flik sendromunu. \u0130nan\u0131lmaz \u015feyler \u00f6\u011frendim. Bizim zannetti\u011fimizden \u00e7ok daha a\u011f\u0131r \u015feyler ya\u015fam\u0131\u015f. \u015eok, \u015fok \u015fok i\u00e7inde kald\u0131m. Ama en bombas\u0131, Meryem hamile&#8221; \u015feklinde yazd\u0131.<\/p>\n<!-- Error, Advert is not available at this time due to schedule\/geolocation restrictions! -->\n","protected":false},"excerpt":{"rendered":"<p>T\u00fckenmi\u015flik Sendromu sebebiyle Muhte\u015fem Y\u00fczy\u0131l dizisinden ayr\u0131larak Almanya&#8217;ya giden Meryem Uzerli&#8217;nin 4 ayl\u0131k hamile oldu\u011fu \u00f6\u011frenildi.<\/p>\n","protected":false},"author":3,"featured_media":177730,"comment_status":"open","ping_status":"open","sticky":false,"template":"","format":"standard","meta":{"_acf_changed":false,"footnotes":""},"categories":[6232,5005,6805],"tags":[102520,82711,58727,60485,97120,139305,131245],"class_list":["post-145732","post","type-post","status-publish","format-standard","has-post-thumbnail","hentry","category-magazin","category-manset","category-turkiye","tag-ayse-arman","tag-can-ates","tag-meryem","tag-meryem-uzerli","tag-meryem-uzerli-can-ates","tag-meryem-uzerli-hamile","tag-meryem-uzerli-sevgilisi"],"acf":[],"_links":{"self":[{"href":"https:\/\/www.nationalturk.com\/tr\/wp-json\/wp\/v2\/posts\/145732","targetHints":{"allow":["GET"]}}],"collection":[{"href":"https:\/\/www.nationalturk.com\/tr\/wp-json\/wp\/v2\/posts"}],"about":[{"href":"https:\/\/www.nationalturk.com\/tr\/wp-json\/wp\/v2\/types\/post"}],"author":[{"embeddable":true,"href":"https:\/\/www.nationalturk.com\/tr\/wp-json\/wp\/v2\/users\/3"}],"replies":[{"embeddable":true,"href":"https:\/\/www.nationalturk.com\/tr\/wp-json\/wp\/v2\/comments?post=145732"}],"version-history":[{"count":0,"href":"https:\/\/www.nationalturk.com\/tr\/wp-json\/wp\/v2\/posts\/145732\/revisions"}],"wp:featuredmedia":[{"embeddable":true,"href":"https:\/\/www.nationalturk.com\/tr\/wp-json\/wp\/v2\/media\/177730"}],"wp:attachment":[{"href":"https:\/\/www.nationalturk.com\/tr\/wp-json\/wp\/v2\/media?parent=145732"}],"wp:term":[{"taxonomy":"category","embeddable":true,"href":"https:\/\/www.nationalturk.com\/tr\/wp-json\/wp\/v2\/categories?post=145732"},{"taxonomy":"post_tag","embeddable":true,"href":"https:\/\/www.nationalturk.com\/tr\/wp-json\/wp\/v2\/tags?post=145732"}],"curies":[{"name":"wp","href":"https:\/\/api.w.org\/{rel}","templated":true}]}}