{"id":145985,"date":"2013-08-23T12:42:42","date_gmt":"2013-08-23T09:42:42","guid":{"rendered":"http:\/\/www.nationalturk.com\/?p=145985"},"modified":"2013-08-23T12:42:42","modified_gmt":"2013-08-23T09:42:42","slug":"can-ates-ilk-kez-konustu-145985","status":"publish","type":"post","link":"https:\/\/www.nationalturk.com\/tr\/can-ates-ilk-kez-konustu-145985\/","title":{"rendered":"Can Ate\u015f ilk kez konu\u015ftu!"},"content":{"rendered":"<h1><a href=\"http:\/\/www.nationalturk.com\/tr\/wp-content\/uploads\/2013\/08\/meryem-uzerli-can-ates.jpg\"><img loading=\"lazy\" decoding=\"async\" class=\"alignleft size-medium wp-image-145986\" alt=\"Can Ate\u015f ilk kez konu\u015ftu!\" src=\"http:\/\/www.nationalturk.com\/tr\/wp-content\/uploads\/2013\/08\/meryem-uzerli-can-ates-280x157.jpg\" width=\"280\" height=\"157\" title=\"\" srcset=\"https:\/\/www.nationalturk.com\/tr\/wp-content\/uploads\/2013\/08\/meryem-uzerli-can-ates-280x157.jpg 280w, https:\/\/www.nationalturk.com\/tr\/wp-content\/uploads\/2013\/08\/meryem-uzerli-can-ates-610x343.jpg 610w, https:\/\/www.nationalturk.com\/tr\/wp-content\/uploads\/2013\/08\/meryem-uzerli-can-ates.jpg 720w\" sizes=\"auto, (max-width: 280px) 100vw, 280px\" \/><\/a>Can Ate\u015f, bebe\u011fine hamile olan Meryem Uzerli ile ilgili ilk kez konu\u015ftu.<\/h1>\n<p>Meryem Uzerli&#8217;nin 3.5 ayl\u0131k bebe\u011finin babas\u0131 Can Ate\u015f, suskunlu\u011funu bozdu. \u0130li\u015fkilerini iki ay \u00f6nce noktalad\u0131klar\u0131n\u0131 belirten Ate\u015f, Uzerli\u2019nin bebe\u011fi d\u00fcnyaya getirme karar\u0131n\u0131n kendisi i\u00e7in s\u00fcrpriz oldu\u011funu s\u00f6yledi.<\/p>\n<p>\u00dcnl\u00fc i\u015fadam\u0131n\u0131n a\u00e7\u0131klamas\u0131 \u015fu \u015fekilde:<\/p>\n<p>&#8220;Benim i\u00e7in ya\u015fad\u0131\u011f\u0131m ili\u015fkiler her zaman \u00e7ok \u00f6nemli ve de\u011ferlidir. Muhakkak ki, herkesin kendine g\u00f6re hakl\u0131 sebepleri olsa da, ili\u015fki s\u00fcresince, iyi-k\u00f6t\u00fc t\u00fcm ya\u015fananlar\u0131n \u00f6zel kalmas\u0131 gerekti\u011fine inan\u0131yorum. Meryem ile ya\u015fad\u0131\u011f\u0131m\u0131z ili\u015fki de, benim i\u00e7in her zaman \u00f6zel ve g\u00fczel kalacakt\u0131r. Ya\u015fad\u0131\u011f\u0131m bu ili\u015fkiyle ilgili olarak, bundan sonras\u0131nda \u00fcst\u00fcme d\u00fc\u015fen sorumluluklar\u0131n tabii ki bilincindeyim. T\u00fcm dile\u011fim, ya\u015fanan bu s\u00fcre\u00e7te, birbirimize kar\u015f\u0131 olan sayg\u0131 ve olgunlu\u011fumuzu korumaya devam etmek.&#8221;<\/p>\n<!-- Error, Advert is not available at this time due to schedule\/geolocation restrictions! -->\n","protected":false},"excerpt":{"rendered":"<p>Can Ate\u015f, bebe\u011fine hamile olan Meryem Uzerli ile ilgili ilk kez konu\u015ftu.<\/p>\n","protected":false},"author":3,"featured_media":177681,"comment_status":"open","ping_status":"open","sticky":false,"template":"","format":"standard","meta":{"_acf_changed":false,"footnotes":""},"categories":[6232,6805],"tags":[82711,60485,131242,97120,139305,130808,131245],"class_list":["post-145985","post","type-post","status-publish","format-standard","has-post-thumbnail","hentry","category-magazin","category-turkiye","tag-can-ates","tag-meryem-uzerli","tag-meryem-uzerli-aciklama","tag-meryem-uzerli-can-ates","tag-meryem-uzerli-hamile","tag-meryem-uzerli-muhtesem-yuzyil","tag-meryem-uzerli-sevgilisi"],"acf":[],"_links":{"self":[{"href":"https:\/\/www.nationalturk.com\/tr\/wp-json\/wp\/v2\/posts\/145985","targetHints":{"allow":["GET"]}}],"collection":[{"href":"https:\/\/www.nationalturk.com\/tr\/wp-json\/wp\/v2\/posts"}],"about":[{"href":"https:\/\/www.nationalturk.com\/tr\/wp-json\/wp\/v2\/types\/post"}],"author":[{"embeddable":true,"href":"https:\/\/www.nationalturk.com\/tr\/wp-json\/wp\/v2\/users\/3"}],"replies":[{"embeddable":true,"href":"https:\/\/www.nationalturk.com\/tr\/wp-json\/wp\/v2\/comments?post=145985"}],"version-history":[{"count":0,"href":"https:\/\/www.nationalturk.com\/tr\/wp-json\/wp\/v2\/posts\/145985\/revisions"}],"wp:featuredmedia":[{"embeddable":true,"href":"https:\/\/www.nationalturk.com\/tr\/wp-json\/wp\/v2\/media\/177681"}],"wp:attachment":[{"href":"https:\/\/www.nationalturk.com\/tr\/wp-json\/wp\/v2\/media?parent=145985"}],"wp:term":[{"taxonomy":"category","embeddable":true,"href":"https:\/\/www.nationalturk.com\/tr\/wp-json\/wp\/v2\/categories?post=145985"},{"taxonomy":"post_tag","embeddable":true,"href":"https:\/\/www.nationalturk.com\/tr\/wp-json\/wp\/v2\/tags?post=145985"}],"curies":[{"name":"wp","href":"https:\/\/api.w.org\/{rel}","templated":true}]}}