{"id":146080,"date":"2013-08-24T20:15:15","date_gmt":"2013-08-24T17:15:15","guid":{"rendered":"http:\/\/www.nationalturk.com\/?p=146080"},"modified":"2013-08-24T20:15:45","modified_gmt":"2013-08-24T17:15:45","slug":"basbakan-erdogan-ben-israili-elestirdim-beyaz-saraya-ne-oluyor-146078-2","status":"publish","type":"post","link":"https:\/\/www.nationalturk.com\/tr\/basbakan-erdogan-ben-israili-elestirdim-beyaz-saraya-ne-oluyor-146078-2\/","title":{"rendered":"Ba\u015fbakan Erdo\u011fan: Ben \u0130srail&#8217;i ele\u015ftirdim, Beyaz Saray&#8217;a ne oluyor?"},"content":{"rendered":"<h1>Ba\u015fbakan Recep Tayyip Erdo\u011fan, M\u0131s\u0131r&#8217;daki darbe nedeniyle \u0130srail&#8217;i ele\u015ftirdi\u011fi s\u00f6zlerini ABD&#8217;nin k\u0131namas\u0131na tepki g\u00f6sterdi. Erdo\u011fan, \u201cBen \u0130srail&#8217;i ele\u015ftirdim, Beyaz Saray&#8217;a ne oluyor?\u201d dedi.<\/h1>\n<p><img loading=\"lazy\" decoding=\"async\" class=\"aligncenter size-large wp-image-146079\" alt=\"basbakan-erdogan-beyaz-saray\" src=\"http:\/\/www.nationalturk.com\/tr\/wp-content\/uploads\/2013\/08\/basbakan-erdogan-beyaz-saray-610x338.jpg\" width=\"610\" height=\"338\" title=\"\" srcset=\"https:\/\/www.nationalturk.com\/tr\/wp-content\/uploads\/2013\/08\/basbakan-erdogan-beyaz-saray-610x338.jpg 610w, https:\/\/www.nationalturk.com\/tr\/wp-content\/uploads\/2013\/08\/basbakan-erdogan-beyaz-saray-280x155.jpg 280w, https:\/\/www.nationalturk.com\/tr\/wp-content\/uploads\/2013\/08\/basbakan-erdogan-beyaz-saray.jpg 720w\" sizes=\"auto, (max-width: 610px) 100vw, 610px\" \/><\/p>\n<p>Ba\u015fbakan Erdo\u011fan, ge\u00e7en hafta yapt\u0131\u011f\u0131 konu\u015fmada, M\u0131s\u0131r&#8217;daki darbede \u0130srail&#8217;in rol\u00fc oldu\u011funu ima etmi\u015f, &#8221;M\u0131s\u0131r\u2019da ne diyorlar \u2018Demokrasi sand\u0131k de\u011fildir&#8221; arkas\u0131nda neresi var, \u0130srail var. Bunun belgeleri de var&#8221; diye a\u00e7\u0131klama yapm\u0131\u015ft\u0131.<\/p>\n<p>Beyaz Saray S\u00f6zc\u00fcs\u00fc Josh Earnest ise &#8221;Ba\u015fbakan Erdo\u011fan\u2019\u0131n bug\u00fcnk\u00fc s\u00f6zlerini g\u00fc\u00e7l\u00fc bir bi\u00e7imde k\u0131n\u0131yoruz. \u0130srail\u2019in bir \u015fekilde M\u0131s\u0131r\u2019daki olaylardan sorumlu oldu\u011funu iddia etmek k\u0131r\u0131c\u0131d\u0131r, temelden yoksundur ve yanl\u0131\u015ft\u0131r&#8221; diye kar\u015f\u0131l\u0131k vermi\u015fti.<\/p>\n<p>\u0130srail Ba\u015fbakan\u0131 Benyamin Netanyahu&#8217;nun makam\u0131ndan AFP&#8217;ye yap\u0131lan a\u00e7\u0131klamada da &#8221;T\u00fcrk Ba\u015fbakan\u0131 taraf\u0131ndan yap\u0131lan bu yorumlar sa\u00e7mal\u0131kt\u0131r&#8221; denilmi\u015fti.<\/p>\n<p>Rize&#8217;de halka hitap ederken ABD y\u00f6netimine tepki g\u00f6steren Ba\u015fbakan Erdo\u011fan \u015funlar\u0131 s\u00f6yledi:<\/p>\n<p>&#8221;Bunu ben s\u00f6yleyince Beyaz Saray&#8217;dan bana cevap geliyor. \u00dcz\u00fcld\u00fcm. Niye? \u00c7\u00fcnk\u00fc bunun muhatab\u0131 Beyaz Saray de\u011fildi. \u00c7\u00fcnk\u00fc ben burada Amerika&#8217;y\u0131 ifade etmedim. Ben burada \u0130srail&#8217;i ifade ettim. Peki Beyaz Saray&#8217;a ne oluyor da Beyaz Saray bunu konu\u015fuyor. Beyaz Saray bunu dillendirmemeliydi. Beyaz Saray b\u00f6yle bir \u015feyi konu\u015fmamal\u0131yd\u0131. E\u011fer bunu konu\u015fmas\u0131 gereken varsa \u0130srail konu\u015fmal\u0131yd\u0131. Bu, NATO&#8217;da birlikte olan iki \u00fclke olarak bir orta\u011f\u0131n, bir di\u011fer orta\u011fa b\u00f6yle bir yakla\u015f\u0131m\u0131 yak\u0131\u015f\u0131k almad\u0131. \u0130\u015fte d\u00fcnyan\u0131n \u00e7ifte standard\u0131n\u0131 g\u00f6stermesi bak\u0131m\u0131ndan bu da \u00e7ok \u00f6nemli&#8221; dedi. <!-- Error, Advert is not available at this time due to schedule\/geolocation restrictions! -->\n","protected":false},"excerpt":{"rendered":"<p>Ba\u015fbakan Recep Tayyip Erdo\u011fan, M\u0131s\u0131r&#8217;daki darbe nedeniyle \u0130srail&#8217;i ele\u015ftirdi\u011fi s\u00f6zlerini ABD&#8217;nin k\u0131namas\u0131na tepki g\u00f6sterdi. Erdo\u011fan, \u201cBen \u0130srail&#8217;i ele\u015ftirdim, Beyaz Saray&#8217;a ne oluyor?\u201d dedi.<\/p>\n","protected":false},"author":9192221,"featured_media":177664,"comment_status":"open","ping_status":"open","sticky":false,"template":"","format":"standard","meta":{"_acf_changed":false,"footnotes":""},"categories":[6155,5005,6772,6202,349,6805],"tags":[8952,3888,1555,139614,787,195938],"class_list":["post-146080","post","type-post","status-publish","format-standard","has-post-thumbnail","hentry","category-gundem","category-manset","category-ortadogu","category-politika","category-son-dakika","category-turkiye","tag-basbakan","tag-basbakan-erdogan","tag-israil","tag-israil-basbakani-benyamin-netanyahu","tag-recep-tayyip-erdogan","tag-turkiye"],"acf":[],"_links":{"self":[{"href":"https:\/\/www.nationalturk.com\/tr\/wp-json\/wp\/v2\/posts\/146080","targetHints":{"allow":["GET"]}}],"collection":[{"href":"https:\/\/www.nationalturk.com\/tr\/wp-json\/wp\/v2\/posts"}],"about":[{"href":"https:\/\/www.nationalturk.com\/tr\/wp-json\/wp\/v2\/types\/post"}],"author":[{"embeddable":true,"href":"https:\/\/www.nationalturk.com\/tr\/wp-json\/wp\/v2\/users\/9192221"}],"replies":[{"embeddable":true,"href":"https:\/\/www.nationalturk.com\/tr\/wp-json\/wp\/v2\/comments?post=146080"}],"version-history":[{"count":0,"href":"https:\/\/www.nationalturk.com\/tr\/wp-json\/wp\/v2\/posts\/146080\/revisions"}],"wp:featuredmedia":[{"embeddable":true,"href":"https:\/\/www.nationalturk.com\/tr\/wp-json\/wp\/v2\/media\/177664"}],"wp:attachment":[{"href":"https:\/\/www.nationalturk.com\/tr\/wp-json\/wp\/v2\/media?parent=146080"}],"wp:term":[{"taxonomy":"category","embeddable":true,"href":"https:\/\/www.nationalturk.com\/tr\/wp-json\/wp\/v2\/categories?post=146080"},{"taxonomy":"post_tag","embeddable":true,"href":"https:\/\/www.nationalturk.com\/tr\/wp-json\/wp\/v2\/tags?post=146080"}],"curies":[{"name":"wp","href":"https:\/\/api.w.org\/{rel}","templated":true}]}}