{"id":146165,"date":"2013-08-26T16:38:21","date_gmt":"2013-08-26T13:38:21","guid":{"rendered":"http:\/\/www.nationalturk.com\/?p=146165"},"modified":"2013-08-26T16:38:21","modified_gmt":"2013-08-26T13:38:21","slug":"akp-her-alanda-tukenmislik-sendromu-yasiyor-146165","status":"publish","type":"post","link":"https:\/\/www.nationalturk.com\/tr\/akp-her-alanda-tukenmislik-sendromu-yasiyor-146165\/","title":{"rendered":"&#8220;AKP her alanda t\u00fckenmi\u015flik sendromu ya\u015f\u0131yor&#8221;"},"content":{"rendered":"<p><img loading=\"lazy\" decoding=\"async\" class=\"alignleft  wp-image-146166\" alt=\"Umut Oran\" src=\"http:\/\/www.nationalturk.com\/tr\/wp-content\/uploads\/2013\/08\/umut_oran_aa-e1377524187252-565x400.jpg\" width=\"339\" height=\"240\" title=\"\" srcset=\"https:\/\/www.nationalturk.com\/tr\/wp-content\/uploads\/2013\/08\/umut_oran_aa-e1377524187252-565x400.jpg 565w, https:\/\/www.nationalturk.com\/tr\/wp-content\/uploads\/2013\/08\/umut_oran_aa-e1377524187252-280x197.jpg 280w, https:\/\/www.nationalturk.com\/tr\/wp-content\/uploads\/2013\/08\/umut_oran_aa-e1377524187252.jpg 717w\" sizes=\"auto, (max-width: 339px) 100vw, 339px\" \/><\/p>\n<h1>CHP Genel Ba\u015fkan Yard\u0131mc\u0131s\u0131 Umut Oran, \u0130\u00e7i\u015fleri Bakan\u0131 Muammer G\u00fcler&#8217;in soru \u00f6nergesine verdi\u011fi yan\u0131ta kar\u015f\u0131l\u0131k olarak &#8216;Lafla peynir gemisi y\u00fcr\u00fcm\u00fcyor. AKP her alanda t\u00fckenmi\u015flik sendromu ya\u015f\u0131yor&#8217; dedi.<\/h1>\n<p>Adalet Bakanl\u0131\u011f\u0131 ve AK Parti Genel Merkezine \u201croketatarl\u0131 sald\u0131r\u0131\u201d d\u00fczenlenmesinin hemen ertesinde konuyu TBMM\u2019ye ta\u015f\u0131yarak sald\u0131r\u0131y\u0131 k\u0131nayan CHP\u2019li Oran, Ba\u015fkent Ankara\u2019n\u0131n g\u00f6be\u011finde b\u00f6yle bir sald\u0131r\u0131n\u0131n nas\u0131l yap\u0131labildi\u011fini, istihbarat zafiyeti olup olmad\u0131\u011f\u0131n, sorumlulu\u011funu yerine getirmeyen kamu g\u00f6revlileri hakk\u0131nda i\u015flem yap\u0131l\u0131p yap\u0131lmad\u0131\u011f\u0131n\u0131, \u00e7al\u0131\u015fmayan MOBESE kameras\u0131 olup olmad\u0131\u011f\u0131n\u0131n a\u00e7\u0131klanmas\u0131n\u0131 istedi.<\/p>\n<p>Oran\u2019\u0131n yapt\u0131\u011f\u0131 a\u00e7\u0131klamaya g\u00f6re, \u0130\u00e7i\u015fleri Bakan\u0131 G\u00fcler, genel, \u201c4 sat\u0131rl\u0131k\u201d bilgi verdikten sonra sadece \u201cNevzat Tando\u011fan caddesi ile Vekaletler Caddesi aras\u0131nda kalan b\u00f6lgede 10 adet sabit kamera bulunmaktad\u0131r\u201d diyerek, ABD B\u00fcy\u00fckel\u00e7ili\u011fi ile Ba\u015fbakanl\u0131k-Adalet bakanl\u0131\u011f\u0131 aras\u0131ndaki MOBESE kameralar\u0131n\u0131n say\u0131s\u0131n\u0131 a\u00e7\u0131klam\u0131\u015f oldu.<\/p>\n<p>AKP\u2019ye y\u00f6nelik sald\u0131r\u0131 i\u00e7in dahi \u201ci\u00e7i bo\u015f\u201d yan\u0131t verilmesini ele\u015ftiren Oran, \u015funlar\u0131 kaydetti:<\/p>\n<p>\u201cBakan 5 sorumuza verdi\u011fi 5 sat\u0131rl\u0131k yan\u0131tta 24 saat esas\u0131na g\u00f6re gerekli g\u00fcvenlik \u00f6nlemlerinin al\u0131nd\u0131\u011f\u0131n\u0131, Kent G\u00fcvenli\u011fi Y\u00f6netim Sistemi (KGYS) kameralar\u0131 ile de b\u00f6lgenin s\u00fcrekli izlendi\u011fini, istihbari bilgilerin de titizlikle de\u011ferlendirildi\u011fini \u00f6ne s\u00fcr\u00fcyor. Ancak madem b\u00f6yle bir istihbarat zafiyeti yok, g\u00fcvenlik \u00f6nlemleri yeterli o zaman b\u00f6yle bir sald\u0131r\u0131 \u00fcstelik ABD B\u00fcy\u00fcklel\u00e7ili\u011fi&#8217;ne y\u00f6nelik bir sald\u0131r\u0131dan hemen 3 hafta sonra nas\u0131l ger\u00e7ekle\u015ftirilebiliyor? Neden hi\u00e7bir g\u00fcvenlik kurumu gereken istihbarata ula\u015fam\u0131yor? Madem kameralarla izlenebiliyor, Adalet Bakanl\u0131\u011f\u0131 \u00f6n\u00fcnde par\u00e7a tesirli bomba nas\u0131l patlat\u0131labiliyor, AKP Genel Merkezi&#8217;ne de roketatarla nas\u0131l sald\u0131r\u0131labiliyor? Yan\u0131ttan ABD B\u00fcy\u00fckel\u00e7ili\u011fi ile Adalet Bakanl\u0131\u011f\u0131 aras\u0131nda 10 tane sabit MOBESE kameras\u0131 oldu\u011funu da \u00f6\u011freniyoruz. Sald\u0131r\u0131y\u0131 yap\u0131nlar ellerini kollar\u0131n\u0131 sallayarak nas\u0131l b\u00f6yle rahat\u00e7a dola\u015fabiliyor.\u201d<\/p>\n<p>Bakan G\u00fcler\u2019in ortada \u201ca\u00e7\u0131k bir ba\u015far\u0131s\u0131zl\u0131k ve g\u00fcvenlik zafiyeti\u201d varken kimseye soru\u015fturulma a\u00e7\u0131l\u0131p a\u00e7\u0131lmad\u0131\u011f\u0131n\u0131 bile s\u00f6ylemedi\u011finin \u00f6nemli oldu\u011funa i\u015faret eden Umut Oran, \u201cAnkara \u0130l Emniyet M\u00fcd\u00fcr\u00fc, M\u0130T M\u00fcste\u015far\u0131 ve d\u00f6nemin \u0130\u00e7i\u015fleri Bakan\u0131&#8217;n\u0131n bile soru\u015fturulmas\u0131 gerekirken, b\u00fct\u00fcn sorumlular\u0131n \u00fcst\u00fc kapat\u0131l\u0131yor. AKP \u0130ktidar\u0131n\u0131 anlamak m\u00fcmk\u00fcn de\u011fil, Ankara&#8217;n\u0131n ortas\u0131nda Adalet Bakanl\u0131\u011f\u0131 \u00f6n\u00fcnde bomba patlat\u0131l\u0131yor, bu konuda tek bir sorumlu bile ortaya \u00e7\u0131kart\u0131lm\u0131yor\u201d dedi. Oran, \u201cAKP Ankara&#8217;da bakanl\u0131klar\u0131n bile g\u00fcvenli\u011fini alamayacak, bir sorun ya\u015fand\u0131\u011f\u0131 zaman sorumlulardan hesap bile soramayacak, ancak bas\u0131n \u00f6n\u00fcne \u00e7\u0131k\u0131p konu\u015fma yapacak bir iktidar haline geldi. Lafla peynir gemisi y\u00fcr\u00fcm\u00fcyor, T\u00fcrkiye tarihinde bu kadar b\u00fcy\u00fck bir y\u00f6netim zafiyeti i\u00e7erisine asla d\u00fc\u015fmedi. AKP her alanda t\u00fckenmi\u015flik sendromu ya\u015f\u0131yor. U\u00e7a\u011f\u0131m\u0131z d\u00fc\u015f\u00fcr\u00fcld\u00fc, pilotlar\u0131m\u0131z ka\u00e7\u0131r\u0131ld\u0131, s\u0131n\u0131rlar\u0131m\u0131z delik de\u015fik, \u015fehirlerimizde bombalar patl\u0131yor, bakan\u0131n verdi\u011fi yan\u0131ta bak\u0131n. \u00dclke g\u00fcvenli\u011fimiz bu zihniyete emanet, vah bu \u00fclkenin haline\u201d ifadelerini kulland\u0131.<\/p>\n<!-- Error, Advert is not available at this time due to schedule\/geolocation restrictions! -->\n","protected":false},"excerpt":{"rendered":"<p>CHP Genel Ba\u015fkan Yard\u0131mc\u0131s\u0131 Umut Oran, \u0130\u00e7i\u015fleri Bakan\u0131 Muammer G\u00fcler&#8217;in soru \u00f6nergesine verdi\u011fi yan\u0131ta kar\u015f\u0131l\u0131k olarak &#8216;Lafla peynir gemisi y\u00fcr\u00fcm\u00fcyor. AKP her alanda t\u00fckenmi\u015flik sendromu ya\u015f\u0131yor&#8217; dedi.<\/p>\n","protected":false},"author":4,"featured_media":177646,"comment_status":"open","ping_status":"open","sticky":false,"template":"","format":"standard","meta":{"_acf_changed":false,"footnotes":""},"categories":[6155,6202,6805],"tags":[8723,4350,26617,139539,112264],"class_list":["post-146165","post","type-post","status-publish","format-standard","has-post-thumbnail","hentry","category-gundem","category-politika","category-turkiye","tag-chp","tag-muammer-guler","tag-umut-oran","tag-umut-oran-muammer-guler","tag-umut-oran-soru-onergesi"],"acf":[],"_links":{"self":[{"href":"https:\/\/www.nationalturk.com\/tr\/wp-json\/wp\/v2\/posts\/146165","targetHints":{"allow":["GET"]}}],"collection":[{"href":"https:\/\/www.nationalturk.com\/tr\/wp-json\/wp\/v2\/posts"}],"about":[{"href":"https:\/\/www.nationalturk.com\/tr\/wp-json\/wp\/v2\/types\/post"}],"author":[{"embeddable":true,"href":"https:\/\/www.nationalturk.com\/tr\/wp-json\/wp\/v2\/users\/4"}],"replies":[{"embeddable":true,"href":"https:\/\/www.nationalturk.com\/tr\/wp-json\/wp\/v2\/comments?post=146165"}],"version-history":[{"count":0,"href":"https:\/\/www.nationalturk.com\/tr\/wp-json\/wp\/v2\/posts\/146165\/revisions"}],"wp:featuredmedia":[{"embeddable":true,"href":"https:\/\/www.nationalturk.com\/tr\/wp-json\/wp\/v2\/media\/177646"}],"wp:attachment":[{"href":"https:\/\/www.nationalturk.com\/tr\/wp-json\/wp\/v2\/media?parent=146165"}],"wp:term":[{"taxonomy":"category","embeddable":true,"href":"https:\/\/www.nationalturk.com\/tr\/wp-json\/wp\/v2\/categories?post=146165"},{"taxonomy":"post_tag","embeddable":true,"href":"https:\/\/www.nationalturk.com\/tr\/wp-json\/wp\/v2\/tags?post=146165"}],"curies":[{"name":"wp","href":"https:\/\/api.w.org\/{rel}","templated":true}]}}