{"id":146526,"date":"2013-08-30T09:25:47","date_gmt":"2013-08-30T06:25:47","guid":{"rendered":"http:\/\/www.nationalturk.com\/?p=146526"},"modified":"2013-08-30T09:25:47","modified_gmt":"2013-08-30T06:25:47","slug":"ingiliz-parlamentosu-suriye-mudahaleye-hayir-dedi-146526","status":"publish","type":"post","link":"https:\/\/www.nationalturk.com\/tr\/ingiliz-parlamentosu-suriye-mudahaleye-hayir-dedi-146526\/","title":{"rendered":"\u0130ngiliz parlamentosu Suriye&#8217;ye m\u00fcdahaleye hay\u0131r dedi"},"content":{"rendered":"<h1><a href=\"http:\/\/www.nationalturk.com\/tr\/wp-content\/uploads\/2013\/08\/ingiltere-suriye-askeri-mudahale.jpg\"><img loading=\"lazy\" decoding=\"async\" class=\"alignleft size-medium wp-image-146527\" alt=\"\u0130ngiliz parlamentosu Suriye&#039;ye m\u00fcdahaleye hay\u0131r dedi\" src=\"http:\/\/www.nationalturk.com\/tr\/wp-content\/uploads\/2013\/08\/ingiltere-suriye-askeri-mudahale-280x201.jpg\" width=\"280\" height=\"201\" title=\"\" srcset=\"https:\/\/www.nationalturk.com\/tr\/wp-content\/uploads\/2013\/08\/ingiltere-suriye-askeri-mudahale-280x201.jpg 280w, https:\/\/www.nationalturk.com\/tr\/wp-content\/uploads\/2013\/08\/ingiltere-suriye-askeri-mudahale.jpg 320w\" sizes=\"auto, (max-width: 280px) 100vw, 280px\" \/><\/a>\u0130ngiliz h\u00fck\u00fcmetinin Suriye&#8217;ye askeri m\u00fcdaheleyle ilgili \u00f6nergesi, parlamentoda yap\u0131lan oylamada kabul edilmedi. Parlamenterlerden 272&#8217;si evet, 285&#8217;i hay\u0131r oyu kulland\u0131.<\/h1>\n<p>Parlamentonun alt kanad\u0131 Avam Kamaras\u0131, &#8220;Suriye&#8217;ye askeri m\u00fcdahaleyi de kapsayabilecek g\u00fc\u00e7l\u00fc bir insani tepkinin verilmesi gerekti\u011fi&#8221; y\u00f6n\u00fcndeki h\u00fck\u00fcmet \u00f6nergesini, 272&#8217;ye kar\u015f\u0131 285 oyla reddetti.<\/p>\n<p>\u0130ngiltere Ba\u015fbakan\u0131 David Cameron oylama sonucunun a\u00e7\u0131klanmas\u0131n\u0131n ard\u0131ndan s\u00f6z alarak, &#8220;\u0130ngiliz Parlamentosu&#8217;nun m\u00fcdahale istemedi\u011fi a\u00e7\u0131k. Buna g\u00f6re hareket edece\u011fim&#8221; dedi.<\/p>\n<p>\u0130ngiliz Parlamentosu&#8217;nda bug\u00fcn yakla\u015f\u0131k 8 saat s\u00fcren hararetli tart\u0131\u015fmalar\u0131n ard\u0131ndan, &#8220;prensipte Suriye&#8217;ye askeri m\u00fcdahaleyi&#8221; \u00f6ng\u00f6ren h\u00fck\u00fcmetin \u00f6nergesi oyland\u0131. Muhalefetteki \u0130\u015f\u00e7i Partisi, BM denet\u00e7ilerinin raporunun beklenmesi gerekti\u011fini gerek\u00e7e g\u00f6stererek kar\u015f\u0131 oy verece\u011fini a\u00e7\u0131klam\u0131\u015ft\u0131. Suriye&#8217;ye askeri m\u00fcdahale konusunda h\u00fck\u00fcmetin siyasi yetki almas\u0131yla ilgili ikinci oylaman\u0131n ise gelecek hafta yap\u0131lmas\u0131 \u00f6ng\u00f6r\u00fcl\u00fcyor.<\/p>\n<p>Muhalefetteki \u0130\u015f\u00e7i Partisi&#8217;nin, h\u00fck\u00fcmetin \u00f6nergesinde de\u011fi\u015fiklik teklifi de Avam Kamaras\u0131&#8217;nda oyland\u0131. Bu oylamada milletvekillerinden 332&#8217;si &#8220;hay\u0131r&#8221;, 220&#8217;si ise &#8220;evet&#8221; oyu kulland\u0131. \u0130\u015f\u00e7i Partisi sundu\u011fu de\u011fi\u015fiklikte, Suriye&#8217;ye olas\u0131 askeri m\u00fcdahalenin, Birle\u015fmi\u015f Milletler G\u00fcvenlik Konseyi&#8217;nin silah denet\u00e7ilerinin sunaca\u011f\u0131 rapor \u0131\u015f\u0131\u011f\u0131nda verece\u011fi karar\u0131n ard\u0131ndan yap\u0131lmas\u0131 gerekti\u011fine yer verilmi\u015fti.<\/p>\n<!-- Error, Advert is not available at this time due to schedule\/geolocation restrictions! -->\n","protected":false},"excerpt":{"rendered":"<p>\u0130ngiliz h\u00fck\u00fcmetinin Suriye&#8217;ye askeri m\u00fcdaheleyle ilgili \u00f6nergesi, parlamentoda yap\u0131lan oylamada kabul edilmedi. Parlamenterlerden 272&#8217;si evet, 285&#8217;i hay\u0131r oyu kulland\u0131.<\/p>\n","protected":false},"author":3,"featured_media":177576,"comment_status":"open","ping_status":"open","sticky":false,"template":"","format":"standard","meta":{"_acf_changed":false,"footnotes":""},"categories":[6770,6665,6155,5005,6772,6202],"tags":[25205,53143,1874,70477,31258,140038,110257,106978],"class_list":["post-146526","post","type-post","status-publish","format-standard","has-post-thumbnail","hentry","category-avrupa","category-dunya","category-gundem","category-manset","category-ortadogu","category-politika","tag-david-cameron","tag-ingiliz-hukumeti","tag-ingiltere","tag-ingiltere-basbakani","tag-ingiltere-basbakani-david-cameron","tag-ingiltere-parlamento","tag-suriye-askeri-mudahale","tag-suriye-kimyasal-silah"],"acf":[],"_links":{"self":[{"href":"https:\/\/www.nationalturk.com\/tr\/wp-json\/wp\/v2\/posts\/146526","targetHints":{"allow":["GET"]}}],"collection":[{"href":"https:\/\/www.nationalturk.com\/tr\/wp-json\/wp\/v2\/posts"}],"about":[{"href":"https:\/\/www.nationalturk.com\/tr\/wp-json\/wp\/v2\/types\/post"}],"author":[{"embeddable":true,"href":"https:\/\/www.nationalturk.com\/tr\/wp-json\/wp\/v2\/users\/3"}],"replies":[{"embeddable":true,"href":"https:\/\/www.nationalturk.com\/tr\/wp-json\/wp\/v2\/comments?post=146526"}],"version-history":[{"count":0,"href":"https:\/\/www.nationalturk.com\/tr\/wp-json\/wp\/v2\/posts\/146526\/revisions"}],"wp:featuredmedia":[{"embeddable":true,"href":"https:\/\/www.nationalturk.com\/tr\/wp-json\/wp\/v2\/media\/177576"}],"wp:attachment":[{"href":"https:\/\/www.nationalturk.com\/tr\/wp-json\/wp\/v2\/media?parent=146526"}],"wp:term":[{"taxonomy":"category","embeddable":true,"href":"https:\/\/www.nationalturk.com\/tr\/wp-json\/wp\/v2\/categories?post=146526"},{"taxonomy":"post_tag","embeddable":true,"href":"https:\/\/www.nationalturk.com\/tr\/wp-json\/wp\/v2\/tags?post=146526"}],"curies":[{"name":"wp","href":"https:\/\/api.w.org\/{rel}","templated":true}]}}