{"id":146557,"date":"2013-08-30T10:36:03","date_gmt":"2013-08-30T07:36:03","guid":{"rendered":"http:\/\/www.nationalturk.com\/?p=146557"},"modified":"2013-08-30T10:36:03","modified_gmt":"2013-08-30T07:36:03","slug":"uefa-fb-bjk-yerine-onlari-aldi-146557","status":"publish","type":"post","link":"https:\/\/www.nationalturk.com\/tr\/uefa-fb-bjk-yerine-onlari-aldi-146557\/","title":{"rendered":"UEFA, FB ve BJK&#8217;nin yerine onlar\u0131 ald\u0131!"},"content":{"rendered":"<h1><a href=\"http:\/\/www.nationalturk.com\/tr\/wp-content\/uploads\/2013\/08\/uefa.jpg\"><img loading=\"lazy\" decoding=\"async\" class=\"alignleft size-medium wp-image-146514\" alt=\"\" src=\"http:\/\/www.nationalturk.com\/tr\/wp-content\/uploads\/2013\/08\/uefa-280x192.jpg\" width=\"280\" height=\"192\" title=\"\" srcset=\"https:\/\/www.nationalturk.com\/tr\/wp-content\/uploads\/2013\/08\/uefa-280x192.jpg 280w, https:\/\/www.nationalturk.com\/tr\/wp-content\/uploads\/2013\/08\/uefa.jpg 501w\" sizes=\"auto, (max-width: 280px) 100vw, 280px\" \/><\/a>UEFA Avrupa Ligi&#8217;ne, Fenerbah\u00e7e&#8217;nin yerine K\u0131br\u0131s Rum kesiminden APOEL, Be\u015fikta\u015f&#8217;\u0131n yerine ise play-off turunda eledi\u011fi Norve\u00e7 temsilcisi Troms\u00f6 kat\u0131lacak.<\/h1>\n<p>UEFA&#8217;n\u0131n internet sitesinde yap\u0131lan a\u00e7\u0131klamaya g\u00f6re, Uluslararas\u0131 Spor Tahkim Mahkemesi&#8217;nin (CAS), UEFA Disiplin Kurulu&#8217;nun Be\u015fikta\u015f&#8217;a 15 Temmuz&#8217;da verdi\u011fi &#8220;2013-2014 Avrupa Ligi&#8217;nden men cezas\u0131&#8221;n\u0131 onamas\u0131n\u0131n ard\u0131ndan UEFA Acil Durum Heyeti&#8217;nin bu sabah topland\u0131.<\/p>\n<p>UEFA \u0130cra Komitesi&#8217;nin 5 \u00fcyesinden olu\u015fan UEFA Acil Durum Heyeti, play-off turunda Be\u015fikta\u015f&#8217;a elenen Troms\u00f6&#8217;n\u00fcn, 2013-2014 UEFA Avrupa Ligi&#8217;nde gruplara kat\u0131lmas\u0131na karar verdi.<\/p>\n<p>Avrupa Futbol Federasyonlar\u0131 Birli\u011fi (UEFA), Fenerbah\u00e7e&#8217;nin yerine UEFA Avrupa Ligi&#8217;ne kat\u0131lacak tak\u0131m\u0131, Monaco&#8217;da yap\u0131lan kurayla belirledi. Play-off turlar\u0131nda elenen tak\u0131mlar\u0131n\u0131n kat\u0131ld\u0131\u011f\u0131 kurada, K\u0131br\u0131s Rum kesiminden APOEL \u00e7\u0131kt\u0131.<\/p>\n<p>Monaco&#8217;da TS\u0130 14.00&#8217;de yap\u0131lacak kura \u00e7ekimine, toplam 48 tak\u0131m kat\u0131lacak.<\/p>\n<!-- Error, Advert is not available at this time due to schedule\/geolocation restrictions! -->\n","protected":false},"excerpt":{"rendered":"<p>UEFA Avrupa Ligi&#8217;ne, Fenerbah\u00e7e&#8217;nin yerine K\u0131br\u0131s Rum kesiminden APOEL, Be\u015fikta\u015f&#8217;\u0131n yerine ise play-off turunda eledi\u011fi Norve\u00e7 temsilcisi Troms\u00f6 kat\u0131lacak.<\/p>\n","protected":false},"author":3,"featured_media":177571,"comment_status":"open","ping_status":"open","sticky":false,"template":"","format":"standard","meta":{"_acf_changed":false,"footnotes":""},"categories":[6774,6155,5005,6194],"tags":[140053,1748,39881,21822,139167,139497,4118,125638,21821],"class_list":["post-146557","post","type-post","status-publish","format-standard","has-post-thumbnail","hentry","category-futbol","category-gundem","category-manset","category-spor","tag-apoel","tag-besiktas","tag-besiktas-uefa","tag-cas","tag-tromso","tag-tromso-besiktas","tag-uefa-avrupa-ligi","tag-uefa-avrupa-ligi-fenerbahce","tag-uluslararasi-spor-tahkim-mahkemesi"],"acf":[],"_links":{"self":[{"href":"https:\/\/www.nationalturk.com\/tr\/wp-json\/wp\/v2\/posts\/146557","targetHints":{"allow":["GET"]}}],"collection":[{"href":"https:\/\/www.nationalturk.com\/tr\/wp-json\/wp\/v2\/posts"}],"about":[{"href":"https:\/\/www.nationalturk.com\/tr\/wp-json\/wp\/v2\/types\/post"}],"author":[{"embeddable":true,"href":"https:\/\/www.nationalturk.com\/tr\/wp-json\/wp\/v2\/users\/3"}],"replies":[{"embeddable":true,"href":"https:\/\/www.nationalturk.com\/tr\/wp-json\/wp\/v2\/comments?post=146557"}],"version-history":[{"count":0,"href":"https:\/\/www.nationalturk.com\/tr\/wp-json\/wp\/v2\/posts\/146557\/revisions"}],"wp:featuredmedia":[{"embeddable":true,"href":"https:\/\/www.nationalturk.com\/tr\/wp-json\/wp\/v2\/media\/177571"}],"wp:attachment":[{"href":"https:\/\/www.nationalturk.com\/tr\/wp-json\/wp\/v2\/media?parent=146557"}],"wp:term":[{"taxonomy":"category","embeddable":true,"href":"https:\/\/www.nationalturk.com\/tr\/wp-json\/wp\/v2\/categories?post=146557"},{"taxonomy":"post_tag","embeddable":true,"href":"https:\/\/www.nationalturk.com\/tr\/wp-json\/wp\/v2\/tags?post=146557"}],"curies":[{"name":"wp","href":"https:\/\/api.w.org\/{rel}","templated":true}]}}