{"id":146960,"date":"2013-09-05T08:53:32","date_gmt":"2013-09-05T05:53:32","guid":{"rendered":"http:\/\/www.nationalturk.com\/?p=146960"},"modified":"2013-09-05T08:53:32","modified_gmt":"2013-09-05T05:53:32","slug":"aydin-izmir-otoyolu-kaza-146960","status":"publish","type":"post","link":"https:\/\/www.nationalturk.com\/tr\/aydin-izmir-otoyolu-kaza-146960\/","title":{"rendered":"Ayd\u0131n-\u0130zmir Otoyolu&#8217;nda kaza: 3 \u00f6l\u00fc, 3 yaral\u0131"},"content":{"rendered":"<h1><a href=\"http:\/\/www.nationalturk.com\/tr\/wp-content\/uploads\/2013\/07\/trafik_canavari6.jpg\"><img loading=\"lazy\" decoding=\"async\" class=\"alignleft size-medium wp-image-143685\" alt=\"Ayd\u0131n-\u0130zmir Otoyolu&#039;nda kaza\" src=\"http:\/\/www.nationalturk.com\/tr\/wp-content\/uploads\/2013\/07\/trafik_canavari6-220x220.jpg\" width=\"220\" height=\"220\" title=\"\" srcset=\"https:\/\/www.nationalturk.com\/tr\/wp-content\/uploads\/2013\/07\/trafik_canavari6-220x220.jpg 220w, https:\/\/www.nationalturk.com\/tr\/wp-content\/uploads\/2013\/07\/trafik_canavari6-50x50.jpg 50w, https:\/\/www.nationalturk.com\/tr\/wp-content\/uploads\/2013\/07\/trafik_canavari6-400x400.jpg 400w, https:\/\/www.nationalturk.com\/tr\/wp-content\/uploads\/2013\/07\/trafik_canavari6.jpg 500w\" sizes=\"auto, (max-width: 220px) 100vw, 220px\" \/><\/a>Ayd\u0131n-\u0130zmir Otoyolu&#8217;nda otomobil ile t\u0131r\u0131n \u00e7arp\u0131\u015ft\u0131\u011f\u0131 kazada ayn\u0131 aileden \u00fc\u00e7 ki\u015fi hayat\u0131n\u0131 kaybetti.<\/h1>\n<p>Abd\u00fclkadir Avc\u0131&#8217;n\u0131n kulland\u0131\u011f\u0131 48 KG 456 plakal\u0131 otomobil, Ayd\u0131n-\u0130zmir Otoyolu&#8217;nun Selatin T\u00fcneli mevkinde \u0130sa G. (51) idaresindeki 20 AEK 60 plakal\u0131 t\u0131r ile \u00e7arp\u0131\u015ft\u0131.<\/p>\n<p>T\u0131r\u0131n alt\u0131nda bir s\u00fcre s\u00fcr\u00fcklenen otomobil, daha sonra yol kenar\u0131ndaki a\u011faca \u00e7arparak durabildi.<\/p>\n<p>Kazada, s\u00fcr\u00fcc\u00fc Abd\u00fclkadir\u00a0Avc\u0131 ile otomobilde bulunan Sultan Avc\u0131 (39) ve Orhan Avc\u0131 (19) olay yerinde hayat\u0131n\u0131 kaybetti.<\/p>\n<p>Ara\u00e7ta bulunan Ay\u015fe Avc\u0131 (22), Arzu Aral (16) ve Mehmet Aral (11) ise ambulansla Ayd\u0131n Devlet Hastanesi&#8217;ne kald\u0131r\u0131ld\u0131.<\/p>\n<p>Yaral\u0131lardan Ay\u015fe Avc\u0131, ilk m\u00fcdahalenin ard\u0131ndan Atat\u00fcrk Devlet Hastanesi&#8217;ne sevk edildi.<\/p>\n<!-- Error, Advert is not available at this time due to schedule\/geolocation restrictions! -->\n","protected":false},"excerpt":{"rendered":"<p>Ayd\u0131n-\u0130zmir Otoyolu&#8217;nda otomobil ile t\u0131r\u0131n \u00e7arp\u0131\u015ft\u0131\u011f\u0131 kazada ayn\u0131 aileden \u00fc\u00e7 ki\u015fi hayat\u0131n\u0131 kaybetti.<\/p>\n","protected":false},"author":3,"featured_media":177495,"comment_status":"open","ping_status":"open","sticky":false,"template":"","format":"standard","meta":{"_acf_changed":false,"footnotes":""},"categories":[6155,6805],"tags":[1799,57015,140462,39468,20401],"class_list":["post-146960","post","type-post","status-publish","format-standard","has-post-thumbnail","hentry","category-gundem","category-turkiye","tag-aydin","tag-aydin-trafik-kazasi","tag-izmir-otoyolu","tag-izmir-trafik-kazasi","tag-trafik-kazasi"],"acf":[],"_links":{"self":[{"href":"https:\/\/www.nationalturk.com\/tr\/wp-json\/wp\/v2\/posts\/146960","targetHints":{"allow":["GET"]}}],"collection":[{"href":"https:\/\/www.nationalturk.com\/tr\/wp-json\/wp\/v2\/posts"}],"about":[{"href":"https:\/\/www.nationalturk.com\/tr\/wp-json\/wp\/v2\/types\/post"}],"author":[{"embeddable":true,"href":"https:\/\/www.nationalturk.com\/tr\/wp-json\/wp\/v2\/users\/3"}],"replies":[{"embeddable":true,"href":"https:\/\/www.nationalturk.com\/tr\/wp-json\/wp\/v2\/comments?post=146960"}],"version-history":[{"count":0,"href":"https:\/\/www.nationalturk.com\/tr\/wp-json\/wp\/v2\/posts\/146960\/revisions"}],"wp:featuredmedia":[{"embeddable":true,"href":"https:\/\/www.nationalturk.com\/tr\/wp-json\/wp\/v2\/media\/177495"}],"wp:attachment":[{"href":"https:\/\/www.nationalturk.com\/tr\/wp-json\/wp\/v2\/media?parent=146960"}],"wp:term":[{"taxonomy":"category","embeddable":true,"href":"https:\/\/www.nationalturk.com\/tr\/wp-json\/wp\/v2\/categories?post=146960"},{"taxonomy":"post_tag","embeddable":true,"href":"https:\/\/www.nationalturk.com\/tr\/wp-json\/wp\/v2\/tags?post=146960"}],"curies":[{"name":"wp","href":"https:\/\/api.w.org\/{rel}","templated":true}]}}