{"id":147112,"date":"2013-09-06T10:10:38","date_gmt":"2013-09-06T07:10:38","guid":{"rendered":"http:\/\/www.nationalturk.com\/?p=147112"},"modified":"2013-09-06T10:26:48","modified_gmt":"2013-09-06T07:26:48","slug":"odtude-polis-mudahalesi-14-kisi-gozaltina-alindi-147112","status":"publish","type":"post","link":"https:\/\/www.nationalturk.com\/tr\/odtude-polis-mudahalesi-14-kisi-gozaltina-alindi-147112\/","title":{"rendered":"ODT\u00dc&#8217;de polis m\u00fcdahalesi! 14 ki\u015fi g\u00f6zalt\u0131na al\u0131nd\u0131"},"content":{"rendered":"<p><img loading=\"lazy\" decoding=\"async\" class=\"alignleft size-medium wp-image-147114\" alt=\"ODT\u00dc\" src=\"http:\/\/www.nationalturk.com\/tr\/wp-content\/uploads\/2013\/09\/odtu_agac_kesimi-280x157.jpg\" width=\"280\" height=\"157\" title=\"\" srcset=\"https:\/\/www.nationalturk.com\/tr\/wp-content\/uploads\/2013\/09\/odtu_agac_kesimi-280x157.jpg 280w, https:\/\/www.nationalturk.com\/tr\/wp-content\/uploads\/2013\/09\/odtu_agac_kesimi.jpg 520w\" sizes=\"auto, (max-width: 280px) 100vw, 280px\" \/><\/p>\n<h1>ODT\u00dc-100. Y\u0131l \u00c7i\u011fdem mahallesi b\u00f6lgesinden Ankara B\u00fcy\u00fck\u015fehir Belediyesi&#8217;nin ge\u00e7irmek istedi\u011fi otoyolu engellemek i\u00e7in eylem yapan gruba polis m\u00fcdahale etti. ODT\u00dc&#8217;de 14 eylemci g\u00f6zalt\u0131na al\u0131nd\u0131.<\/h1>\n<p>Al\u0131nan bilgilere g\u00f6re sabah erken saatlerde \u00e7evik kuvvet ekipleri TOMA, akrep, g\u00f6zalt\u0131 ara\u00e7lar\u0131 ile 15 eylemcinin bulundu\u011fu b\u00f6lgeye geldi. Daha sonra y\u0131k\u0131m ekipleri alanda y\u0131k\u0131m \u00e7al\u0131\u015fmalar\u0131na ba\u015flad\u0131.15 ki\u015filik eylemci grup y\u0131k\u0131m alan\u0131na girerek \u00e7al\u0131\u015fmalar\u0131 engellemek istedi. \u00dcniversiteliler kol kola girerek zincir olu\u015ftururken, sloganlarla da hukuk d\u0131\u015f\u0131 yol projesini, a\u011fa\u00e7lar\u0131n kesimini protesto etti. Polis, direnen gruba m\u00fcdahale ederek 14 ki\u015fiyi g\u00f6zalt\u0131na ald\u0131. G\u00f6zalt\u0131na al\u0131nan 14 ki\u015fiden 6&#8217;s\u0131n\u0131n \u00f6\u011frenci oldu\u011fu \u00f6\u011frenildi.<\/p>\n<p>Y\u0131k\u0131m ekiplerinin \u00e7al\u0131\u015fmas\u0131 halen devam ederken, polis \u00e7evrede s\u0131k\u0131 g\u00fcvenlik \u00f6nlemleri ald\u0131.<\/p>\n<!-- Error, Advert is not available at this time due to schedule\/geolocation restrictions! -->\n","protected":false},"excerpt":{"rendered":"<p>ODT\u00dc-100. Y\u0131l \u00c7i\u011fdem mahallesi b\u00f6lgesinden Ankara B\u00fcy\u00fck\u015fehir Belediyesi&#8217;nin ge\u00e7irmek istedi\u011fi otoyolu engellemek i\u00e7in eylem yapan gruba polis m\u00fcdahale etti. ODT\u00dc&#8217;de 14 eylemci g\u00f6zalt\u0131na al\u0131nd\u0131.<\/p>\n","protected":false},"author":4,"featured_media":177467,"comment_status":"open","ping_status":"open","sticky":false,"template":"","format":"standard","meta":{"_acf_changed":false,"footnotes":""},"categories":[6155,5005,6202,349,6805],"tags":[11669,140609,118619,140610,140613],"class_list":["post-147112","post","type-post","status-publish","format-standard","has-post-thumbnail","hentry","category-gundem","category-manset","category-politika","category-son-dakika","category-turkiye","tag-odtu","tag-odtu-mudahale","tag-odtu-polis","tag-odtu-polis-mudahalesi","tag-odtu-yol"],"acf":[],"_links":{"self":[{"href":"https:\/\/www.nationalturk.com\/tr\/wp-json\/wp\/v2\/posts\/147112","targetHints":{"allow":["GET"]}}],"collection":[{"href":"https:\/\/www.nationalturk.com\/tr\/wp-json\/wp\/v2\/posts"}],"about":[{"href":"https:\/\/www.nationalturk.com\/tr\/wp-json\/wp\/v2\/types\/post"}],"author":[{"embeddable":true,"href":"https:\/\/www.nationalturk.com\/tr\/wp-json\/wp\/v2\/users\/4"}],"replies":[{"embeddable":true,"href":"https:\/\/www.nationalturk.com\/tr\/wp-json\/wp\/v2\/comments?post=147112"}],"version-history":[{"count":0,"href":"https:\/\/www.nationalturk.com\/tr\/wp-json\/wp\/v2\/posts\/147112\/revisions"}],"wp:featuredmedia":[{"embeddable":true,"href":"https:\/\/www.nationalturk.com\/tr\/wp-json\/wp\/v2\/media\/177467"}],"wp:attachment":[{"href":"https:\/\/www.nationalturk.com\/tr\/wp-json\/wp\/v2\/media?parent=147112"}],"wp:term":[{"taxonomy":"category","embeddable":true,"href":"https:\/\/www.nationalturk.com\/tr\/wp-json\/wp\/v2\/categories?post=147112"},{"taxonomy":"post_tag","embeddable":true,"href":"https:\/\/www.nationalturk.com\/tr\/wp-json\/wp\/v2\/tags?post=147112"}],"curies":[{"name":"wp","href":"https:\/\/api.w.org\/{rel}","templated":true}]}}