{"id":147138,"date":"2013-09-06T12:27:13","date_gmt":"2013-09-06T09:27:13","guid":{"rendered":"http:\/\/www.nationalturk.com\/?p=147138"},"modified":"2013-09-06T12:27:13","modified_gmt":"2013-09-06T09:27:13","slug":"seferberlik-halinde-4x4-ciplere-el-konulacak-147138","status":"publish","type":"post","link":"https:\/\/www.nationalturk.com\/tr\/seferberlik-halinde-4x4-ciplere-el-konulacak-147138\/","title":{"rendered":"Seferberlik halinde 4X4 ciplere el konulacak!"},"content":{"rendered":"<p><img loading=\"lazy\" decoding=\"async\" class=\"alignleft size-medium wp-image-147139\" alt=\"\" src=\"http:\/\/www.nationalturk.com\/tr\/wp-content\/uploads\/2013\/09\/cip-280x174.jpg\" width=\"280\" height=\"174\" title=\"\" srcset=\"https:\/\/www.nationalturk.com\/tr\/wp-content\/uploads\/2013\/09\/cip-280x174.jpg 280w, https:\/\/www.nationalturk.com\/tr\/wp-content\/uploads\/2013\/09\/cip.jpg 563w\" sizes=\"auto, (max-width: 280px) 100vw, 280px\" \/><\/p>\n<h1>Milli Savunma Bakanl\u0131\u011f\u0131 Seferberlik Daire Ba\u015fkanl\u0131\u011f\u0131, yurt genelindeki 4&#215;4 cip sahiplerine yaz\u0131 g\u00f6ndererek seferberlik halinde ara\u00e7lar\u0131na 6 saat i\u00e7inde el konulaca\u011f\u0131n\u0131 bildirdi.<\/h1>\n<p>S\u0131n\u0131rda askeri hareketlilik devam ederken olas\u0131 bir sava\u015f durumuna kar\u015f\u0131 yurt genelinde de 4&#215;4 jeep sahiplerine Milli Savunma Bakanl\u0131\u011f\u0131 Seferberlik Daire Ba\u015fkanl\u0131\u011f\u0131 taraf\u0131ndan yaz\u0131 g\u00f6nderildi. Ak\u015fam gazetesinin haberine g\u00f6re Tebligatta olas\u0131 bir seferberlik durumlar\u0131nda bu ki\u015filerin ara\u00e7lar\u0131na el konulaca\u011f\u0131na dair duyuru yap\u0131ld\u0131. Sadece \u0130stanbul\u2019da bu say\u0131n\u0131n 5 bin oldu\u011fu ifade edilirken \u0130l\u00e7e Emniyet M\u00fcd\u00fcrl\u00fcklerine \u00e7a\u011f\u0131r\u0131lan ara\u00e7 sahiplerinden olas\u0131 bir seferberlik durumunda ara\u00e7lar\u0131n\u0131 6 saat i\u00e7inde s\u00f6z konusu birliklere teslim etmesi gerekti\u011fi bildirildi.<\/p>\n<p>Diyarbak\u0131r 2. Hava Kuvvet Komutanl\u0131\u011f\u0131 8. Ana Jet \u00dcss\u00fc\u2019nden kalkan F-16\u2019lar her g\u00fcn e\u011fitim ve taktik u\u00e7u\u015fu yap\u0131yor. Ke\u015fif u\u00e7u\u015flar\u0131nda ve al\u0131nan istihbarat bilgilerine g\u00f6re Esad\u2019a ba\u011fl\u0131 askeri birliklerin T\u00fcrkiye, L\u00fcbnan ve \u00dcrd\u00fcn\u2019e yak\u0131n b\u00f6lgelerde y\u0131\u011f\u0131nak yapt\u0131klar\u0131 \u00f6\u011frenildi. S\u0131n\u0131r b\u00f6lgelerine askeri sevkiyat da devam ediyor. 20 ara\u00e7tan olu\u015fan askeri konvoy geni\u015f g\u00fcvenlik \u00f6nlemleri alt\u0131nda \u00f6nceki g\u00fcn Hatay\u2019\u0131n Yaylada\u011f\u0131 \u0130l\u00e7esi 3\u2019\u00fcnc\u00fc Hudut Tabur Komutanl\u0131\u011f\u0131\u2019na geldi. Gaziantep 5. Z\u0131rhl\u0131 Tugay Komutanl\u0131\u011f\u0131 taraf\u0131ndan Kilis\u2019e g\u00f6nderilen ve daha sonra 2. Hudut Komutanl\u0131\u011f\u0131na ba\u011fl\u0131 karakol \u00e7evresine indirilen tank, f\u00fcze rampas\u0131, u\u00e7aksavar bataryalar\u0131 Suriye s\u0131n\u0131r\u0131n\u0131n s\u0131f\u0131r noktas\u0131ndaki h\u00e2kim noktalara konu\u015fland\u0131r\u0131ld\u0131.<\/p>\n<p>Suriye s\u0131n\u0131r\u0131ndaki karakollarda konu\u015fland\u0131r\u0131lan stringer f\u00fczeleri de olas\u0131 sava\u015f ihtimali \u00fczerine Suriye\u2019ye \u00e7evirili olarak bekliyor. Suriye\u2019deki i\u00e7 sava\u015f\u0131n ard\u0131ndan A\u011fustos 2012\u2019de, Hatay\u2019\u0131n Reyhanl\u0131 ve Yaylada\u011f\u0131 il\u00e7elerindeki s\u0131n\u0131r karakollar\u0131na konu\u015fland\u0131r\u0131lan \u2019At\u0131lgan\u2019 ve \u2019Z\u0131pk\u0131n\u2019 adl\u0131 T\u00fcrk yap\u0131m\u0131 z\u0131rhl\u0131 ara\u00e7lar, olas\u0131 bir sava\u015fa kar\u015f\u0131 ate\u015flemeye haz\u0131r bekletiliyor.<\/p>\n<!-- Error, Advert is not available at this time due to schedule\/geolocation restrictions! -->\n","protected":false},"excerpt":{"rendered":"<p>Milli Savunma Bakanl\u0131\u011f\u0131 Seferberlik Daire Ba\u015fkanl\u0131\u011f\u0131, yurt genelindeki 4&#215;4 cip sahiplerine yaz\u0131 g\u00f6ndererek seferberlik halinde ara\u00e7lar\u0131na 6 saat i\u00e7inde el konulaca\u011f\u0131n\u0131 bildirdi.<\/p>\n","protected":false},"author":4,"featured_media":177462,"comment_status":"open","ping_status":"open","sticky":false,"template":"","format":"standard","meta":{"_acf_changed":false,"footnotes":""},"categories":[6155,5005,6202,6805],"tags":[40296,8859,1396,10834,14200,87473],"class_list":["post-147138","post","type-post","status-publish","format-standard","has-post-thumbnail","hentry","category-gundem","category-manset","category-politika","category-turkiye","tag-aksam","tag-aksam-gazetesi","tag-hatay","tag-kilis","tag-milli-savunma-bakanligi","tag-yayladagi"],"acf":[],"_links":{"self":[{"href":"https:\/\/www.nationalturk.com\/tr\/wp-json\/wp\/v2\/posts\/147138","targetHints":{"allow":["GET"]}}],"collection":[{"href":"https:\/\/www.nationalturk.com\/tr\/wp-json\/wp\/v2\/posts"}],"about":[{"href":"https:\/\/www.nationalturk.com\/tr\/wp-json\/wp\/v2\/types\/post"}],"author":[{"embeddable":true,"href":"https:\/\/www.nationalturk.com\/tr\/wp-json\/wp\/v2\/users\/4"}],"replies":[{"embeddable":true,"href":"https:\/\/www.nationalturk.com\/tr\/wp-json\/wp\/v2\/comments?post=147138"}],"version-history":[{"count":0,"href":"https:\/\/www.nationalturk.com\/tr\/wp-json\/wp\/v2\/posts\/147138\/revisions"}],"wp:featuredmedia":[{"embeddable":true,"href":"https:\/\/www.nationalturk.com\/tr\/wp-json\/wp\/v2\/media\/177462"}],"wp:attachment":[{"href":"https:\/\/www.nationalturk.com\/tr\/wp-json\/wp\/v2\/media?parent=147138"}],"wp:term":[{"taxonomy":"category","embeddable":true,"href":"https:\/\/www.nationalturk.com\/tr\/wp-json\/wp\/v2\/categories?post=147138"},{"taxonomy":"post_tag","embeddable":true,"href":"https:\/\/www.nationalturk.com\/tr\/wp-json\/wp\/v2\/tags?post=147138"}],"curies":[{"name":"wp","href":"https:\/\/api.w.org\/{rel}","templated":true}]}}