{"id":147442,"date":"2013-09-10T16:01:19","date_gmt":"2013-09-10T13:01:19","guid":{"rendered":"http:\/\/www.nationalturk.com\/?p=147442"},"modified":"2013-09-10T16:01:19","modified_gmt":"2013-09-10T13:01:19","slug":"kimi-raikkonen-ferraride-iddiasi-147442","status":"publish","type":"post","link":"https:\/\/www.nationalturk.com\/tr\/kimi-raikkonen-ferraride-iddiasi-147442\/","title":{"rendered":"Kimi Raikkonen Ferrari&#8217;de iddias\u0131!"},"content":{"rendered":"<p><img loading=\"lazy\" decoding=\"async\" class=\"alignleft size-medium wp-image-147443\" alt=\"Kimi Raikkonen Ferrari\" src=\"http:\/\/www.nationalturk.com\/tr\/wp-content\/uploads\/2013\/09\/raikkonen_lotus-280x190.jpg\" width=\"280\" height=\"190\" title=\"\" srcset=\"https:\/\/www.nationalturk.com\/tr\/wp-content\/uploads\/2013\/09\/raikkonen_lotus-280x190.jpg 280w, https:\/\/www.nationalturk.com\/tr\/wp-content\/uploads\/2013\/09\/raikkonen_lotus-586x400.jpg 586w, https:\/\/www.nationalturk.com\/tr\/wp-content\/uploads\/2013\/09\/raikkonen_lotus.jpg 628w\" sizes=\"auto, (max-width: 280px) 100vw, 280px\" \/><\/p>\n<h1>Formula 1&#8217;in ba\u015far\u0131l\u0131 pilotlar\u0131ndan Kimi Raikkonen Ferrari&#8217;de mi? Kimi Raikkonen&#8217;in Ferrari ile s\u00f6zle\u015fme imzalad\u0131\u011f\u0131 iddia edildi.<\/h1>\n<p>Alman Sport Bild dergisinin internet sayfas\u0131nda yer alan haberde, Lotus-Renault pilotu Raikkonen&#8217;in gelecek sezon i\u00e7in \u0130talyan tak\u0131m\u0131 Ferrari ile anla\u015ft\u0131\u011f\u0131 ve s\u00f6zle\u015fme imzalad\u0131\u011f\u0131 ileri s\u00fcr\u00fcld\u00fc.\u00a0Formula 1&#8217;in hafta sonu ko\u015fulan 12. aya\u011f\u0131 \u0130talya Grand Prix&#8217;inin ard\u0131ndan ortaya at\u0131lan bu iddiaya Ferrari ya da Raikkonen cephesinden ise hen\u00fcz yan\u0131t gelmedi.<br \/>\nGelecek sezon Felipe Massa&#8217;n\u0131n yerine doldurmas\u0131 beklenen Raikkonen&#8217;in Fernando Alonso ile Ferrari&#8217;de uyumlu bir ikili olu\u015fturaca\u011f\u0131 vurgulan\u0131yor.<\/p>\n<p>Finli pilot, 2007-2009 y\u0131llar\u0131nda da Ferrari ad\u0131na yar\u0131\u015fm\u0131\u015ft\u0131.<\/p>\n<!-- Error, Advert is not available at this time due to schedule\/geolocation restrictions! -->\n","protected":false},"excerpt":{"rendered":"<p>Formula 1&#8217;in ba\u015far\u0131l\u0131 pilotlar\u0131ndan Kimi Raikkonen Ferrari&#8217;de mi? Kimi Raikkonen&#8217;in Ferrari ile s\u00f6zle\u015fme imzalad\u0131\u011f\u0131 iddia edildi.<\/p>\n","protected":false},"author":4,"featured_media":177415,"comment_status":"open","ping_status":"open","sticky":false,"template":"","format":"standard","meta":{"_acf_changed":false,"footnotes":""},"categories":[8247,6668],"tags":[11419,9228,2334,9590,27493],"class_list":["post-147442","post","type-post","status-publish","format-standard","has-post-thumbnail","hentry","category-formula-1","category-otomobil","tag-ferrari","tag-formula","tag-kimi-raikkonen","tag-kimi-raikkonen-ferrari","tag-raikkonen"],"acf":[],"_links":{"self":[{"href":"https:\/\/www.nationalturk.com\/tr\/wp-json\/wp\/v2\/posts\/147442","targetHints":{"allow":["GET"]}}],"collection":[{"href":"https:\/\/www.nationalturk.com\/tr\/wp-json\/wp\/v2\/posts"}],"about":[{"href":"https:\/\/www.nationalturk.com\/tr\/wp-json\/wp\/v2\/types\/post"}],"author":[{"embeddable":true,"href":"https:\/\/www.nationalturk.com\/tr\/wp-json\/wp\/v2\/users\/4"}],"replies":[{"embeddable":true,"href":"https:\/\/www.nationalturk.com\/tr\/wp-json\/wp\/v2\/comments?post=147442"}],"version-history":[{"count":0,"href":"https:\/\/www.nationalturk.com\/tr\/wp-json\/wp\/v2\/posts\/147442\/revisions"}],"wp:featuredmedia":[{"embeddable":true,"href":"https:\/\/www.nationalturk.com\/tr\/wp-json\/wp\/v2\/media\/177415"}],"wp:attachment":[{"href":"https:\/\/www.nationalturk.com\/tr\/wp-json\/wp\/v2\/media?parent=147442"}],"wp:term":[{"taxonomy":"category","embeddable":true,"href":"https:\/\/www.nationalturk.com\/tr\/wp-json\/wp\/v2\/categories?post=147442"},{"taxonomy":"post_tag","embeddable":true,"href":"https:\/\/www.nationalturk.com\/tr\/wp-json\/wp\/v2\/tags?post=147442"}],"curies":[{"name":"wp","href":"https:\/\/api.w.org\/{rel}","templated":true}]}}