{"id":147596,"date":"2013-09-11T19:45:10","date_gmt":"2013-09-11T16:45:10","guid":{"rendered":"http:\/\/www.nationalturk.com\/?p=147596"},"modified":"2013-09-11T19:45:10","modified_gmt":"2013-09-11T16:45:10","slug":"zimbabve-kabine-gorevine-basladi-147596","status":"publish","type":"post","link":"https:\/\/www.nationalturk.com\/tr\/zimbabve-kabine-gorevine-basladi-147596\/","title":{"rendered":"Zimbabve&#8217;de yeni kabine g\u00f6revine ba\u015flad\u0131"},"content":{"rendered":"<h1><a href=\"http:\/\/www.nationalturk.com\/tr\/wp-content\/uploads\/2013\/09\/robert-mugabe-afrika.jpg\"><img loading=\"lazy\" decoding=\"async\" class=\"alignleft size-medium wp-image-147597\" alt=\"robert-mugabe-afrika\" src=\"http:\/\/www.nationalturk.com\/tr\/wp-content\/uploads\/2013\/09\/robert-mugabe-afrika-280x175.jpg\" width=\"280\" height=\"175\" title=\"\" srcset=\"https:\/\/www.nationalturk.com\/tr\/wp-content\/uploads\/2013\/09\/robert-mugabe-afrika-280x175.jpg 280w, https:\/\/www.nationalturk.com\/tr\/wp-content\/uploads\/2013\/09\/robert-mugabe-afrika.jpg 460w\" sizes=\"auto, (max-width: 280px) 100vw, 280px\" \/><\/a>Zimbabve Devlet Ba\u015fkan\u0131 Robert Mugabe&#8217;nin yeni kabinesi,\u00a0devlet televizyonundan canl\u0131 yay\u0131mlanan\u00a0yemin t\u00f6reni ile g\u00f6revine ba\u015flad\u0131.<\/h1>\n<p>Siyasi yorumcular, muhalefetten kimsenin bulunmad\u0131\u011f\u0131 kabinedeki bakanlar\u0131n \u00e7o\u011funun, demokrasi ve insan haklar\u0131 ihlalleriyle su\u00e7land\u0131\u011f\u0131na i\u015faret etti.<\/p>\n<p>Zimbabve&#8217;de 31 Temmuz&#8217;da yap\u0131lan devlet ba\u015fkanl\u0131\u011f\u0131 se\u00e7iminin galibi Robert Mugabe (89), 22 A\u011fustos&#8217;ta yemin ederek 5 y\u0131ll\u0131k yeni d\u00f6nemine resmen ba\u015flam\u0131\u015ft\u0131.<\/p>\n<p>\u00dclkeyi 26 y\u0131ld\u0131r y\u00f6neten Mugabe&#8217;nin liderli\u011findeki ZANU-PF partisi se\u00e7imde oylar\u0131n y\u00fczde 61&#8217;ini, muhalefet lideri Morgan Tsvangirai&#8217;nin partisiyse y\u00fczde 34&#8217;\u00fcn\u00fc alm\u0131\u015ft\u0131. Demokratik De\u011fi\u015fim Hareketi Partisi lideri Tsvangirai, se\u00e7ime hile kar\u0131\u015ft\u0131r\u0131ld\u0131\u011f\u0131n\u0131 iddia etmi\u015fti.<\/p>\n<!-- Error, Advert is not available at this time due to schedule\/geolocation restrictions! -->\n","protected":false},"excerpt":{"rendered":"<p>Zimbabve Devlet Ba\u015fkan\u0131 Robert Mugabe&#8217;nin yeni kabinesi, devlet televizyonundan canl\u0131 yay\u0131mlanan yemin t\u00f6reni ile g\u00f6revine ba\u015flad\u0131.<\/p>\n","protected":false},"author":3,"featured_media":177391,"comment_status":"open","ping_status":"open","sticky":false,"template":"","format":"standard","meta":{"_acf_changed":false,"footnotes":""},"categories":[6767,6665,6155,6202],"tags":[30374,141077,122174,141076,141075],"class_list":["post-147596","post","type-post","status-publish","format-standard","has-post-thumbnail","hentry","category-afrika","category-dunya","category-gundem","category-politika","tag-afrika","tag-robert-mugabe","tag-zimbabve","tag-zimbabve-devlet-baskani","tag-zimbabve-devlet-baskani-robert-mugabe"],"acf":[],"_links":{"self":[{"href":"https:\/\/www.nationalturk.com\/tr\/wp-json\/wp\/v2\/posts\/147596","targetHints":{"allow":["GET"]}}],"collection":[{"href":"https:\/\/www.nationalturk.com\/tr\/wp-json\/wp\/v2\/posts"}],"about":[{"href":"https:\/\/www.nationalturk.com\/tr\/wp-json\/wp\/v2\/types\/post"}],"author":[{"embeddable":true,"href":"https:\/\/www.nationalturk.com\/tr\/wp-json\/wp\/v2\/users\/3"}],"replies":[{"embeddable":true,"href":"https:\/\/www.nationalturk.com\/tr\/wp-json\/wp\/v2\/comments?post=147596"}],"version-history":[{"count":0,"href":"https:\/\/www.nationalturk.com\/tr\/wp-json\/wp\/v2\/posts\/147596\/revisions"}],"wp:featuredmedia":[{"embeddable":true,"href":"https:\/\/www.nationalturk.com\/tr\/wp-json\/wp\/v2\/media\/177391"}],"wp:attachment":[{"href":"https:\/\/www.nationalturk.com\/tr\/wp-json\/wp\/v2\/media?parent=147596"}],"wp:term":[{"taxonomy":"category","embeddable":true,"href":"https:\/\/www.nationalturk.com\/tr\/wp-json\/wp\/v2\/categories?post=147596"},{"taxonomy":"post_tag","embeddable":true,"href":"https:\/\/www.nationalturk.com\/tr\/wp-json\/wp\/v2\/tags?post=147596"}],"curies":[{"name":"wp","href":"https:\/\/api.w.org\/{rel}","templated":true}]}}