{"id":147638,"date":"2013-09-12T12:41:59","date_gmt":"2013-09-12T09:41:59","guid":{"rendered":"http:\/\/www.nationalturk.com\/?p=147638"},"modified":"2013-09-12T12:41:59","modified_gmt":"2013-09-12T09:41:59","slug":"nevsehirde-bir-skandal-daha-japon-gazetecilere-saldiri-147638","status":"publish","type":"post","link":"https:\/\/www.nationalturk.com\/tr\/nevsehirde-bir-skandal-daha-japon-gazetecilere-saldiri-147638\/","title":{"rendered":"Nev\u015fehir&#8217;de bir skandal daha! Japon gazetecilere sald\u0131r\u0131"},"content":{"rendered":"<p><img loading=\"lazy\" decoding=\"async\" class=\"alignleft size-medium wp-image-147639\" alt=\"Japon gazetecilere sald\u0131r\u0131\" src=\"http:\/\/www.nationalturk.com\/tr\/wp-content\/uploads\/2013\/09\/japon_gazetecilere-saldiri-280x188.jpeg\" width=\"280\" height=\"188\" title=\"\" srcset=\"https:\/\/www.nationalturk.com\/tr\/wp-content\/uploads\/2013\/09\/japon_gazetecilere-saldiri-280x188.jpeg 280w, https:\/\/www.nationalturk.com\/tr\/wp-content\/uploads\/2013\/09\/japon_gazetecilere-saldiri.jpeg 478w\" sizes=\"auto, (max-width: 280px) 100vw, 280px\" \/><\/p>\n<h1>Nev\u015fehir G\u00f6reme&#8217;de Japon turistlere yap\u0131lan ve birinin \u00f6l\u00fcm\u00fcyle sonu\u00e7lanan sald\u0131r\u0131yla ilgili dava i\u00e7in \u015fehre gelen Japon gazeteciler, katil zanl\u0131s\u0131n\u0131n yak\u0131nlar\u0131 taraf\u0131ndan sald\u0131r\u0131ya u\u011frad\u0131.<\/h1>\n<p>G\u00f6reme &#8216;de Japon turistlere sald\u0131rarak birini \u00f6ld\u00fcren ve birini de yaralayan sald\u0131rgan\u0131n, \u00f6ld\u00fcrd\u00fc\u011f\u00fc turiste tecav\u00fcz de etti\u011fi ortaya \u00e7\u0131km\u0131\u015f, olay her iki \u00fclkede de derin bir yank\u0131 uyand\u0131rm\u0131\u015ft\u0131.\u00a0G\u00f6zalt\u0131na al\u0131nan zanl\u0131, \u201ccanavarca hisle veya eziyet \u00e7ektirerek \u00f6ld\u00fcrme, kasten \u00f6ld\u00fcrmeye te\u015febb\u00fcs, su\u00e7un delillerini gizlemek ya da yakalanmamak amac\u0131yla \u00f6ld\u00fcrmek, nitelikli cinsel sald\u0131r\u0131, cebir veya \u015fiddet kullanarak ki\u015fileri h\u00fcrriyetinden yoksun k\u0131lmak\u201d su\u00e7lar\u0131ndan tutukland\u0131.<\/p>\n<p>Adliyeden \u00e7\u0131kar\u0131l\u0131\u015f\u0131 s\u0131ras\u0131nda zanl\u0131n\u0131n yak\u0131nlar\u0131 g\u00f6r\u00fcnt\u00fc almaya \u00e7al\u0131\u015fan T\u00fcrk ve Japon gazetecilere sald\u0131rd\u0131, pet \u015fi\u015fe f\u0131rlatt\u0131. Polisin engellemede yetersiz kald\u0131\u011f\u0131 olayda, baz\u0131 Japon gazeteciler darp edildi. Sosyal payla\u015f\u0131m sitelerinde h\u0131zla yay\u0131lan o g\u00f6r\u00fcnt\u00fcler ise olduk\u00e7a tepki \u00e7ekmeye devam ediyor.<\/p>\n<!-- Error, Advert is not available at this time due to schedule\/geolocation restrictions! -->\n","protected":false},"excerpt":{"rendered":"<p>Nev\u015fehir G\u00f6reme&#8217;de Japon turistlere yap\u0131lan ve birinin \u00f6l\u00fcm\u00fcyle sonu\u00e7lanan sald\u0131r\u0131yla ilgili dava i\u00e7in \u015fehre gelen Japon gazeteciler, katil zanl\u0131s\u0131n\u0131n yak\u0131nlar\u0131 taraf\u0131ndan sald\u0131r\u0131ya u\u011frad\u0131.<\/p>\n","protected":false},"author":4,"featured_media":177382,"comment_status":"open","ping_status":"open","sticky":false,"template":"","format":"standard","meta":{"_acf_changed":false,"footnotes":""},"categories":[6155,5005,6667,349,6805],"tags":[141118,141119,1472],"class_list":["post-147638","post","type-post","status-publish","format-standard","has-post-thumbnail","hentry","category-gundem","category-manset","category-medya","category-son-dakika","category-turkiye","tag-japon","tag-japon-turistler","tag-nevsehir"],"acf":[],"_links":{"self":[{"href":"https:\/\/www.nationalturk.com\/tr\/wp-json\/wp\/v2\/posts\/147638","targetHints":{"allow":["GET"]}}],"collection":[{"href":"https:\/\/www.nationalturk.com\/tr\/wp-json\/wp\/v2\/posts"}],"about":[{"href":"https:\/\/www.nationalturk.com\/tr\/wp-json\/wp\/v2\/types\/post"}],"author":[{"embeddable":true,"href":"https:\/\/www.nationalturk.com\/tr\/wp-json\/wp\/v2\/users\/4"}],"replies":[{"embeddable":true,"href":"https:\/\/www.nationalturk.com\/tr\/wp-json\/wp\/v2\/comments?post=147638"}],"version-history":[{"count":0,"href":"https:\/\/www.nationalturk.com\/tr\/wp-json\/wp\/v2\/posts\/147638\/revisions"}],"wp:featuredmedia":[{"embeddable":true,"href":"https:\/\/www.nationalturk.com\/tr\/wp-json\/wp\/v2\/media\/177382"}],"wp:attachment":[{"href":"https:\/\/www.nationalturk.com\/tr\/wp-json\/wp\/v2\/media?parent=147638"}],"wp:term":[{"taxonomy":"category","embeddable":true,"href":"https:\/\/www.nationalturk.com\/tr\/wp-json\/wp\/v2\/categories?post=147638"},{"taxonomy":"post_tag","embeddable":true,"href":"https:\/\/www.nationalturk.com\/tr\/wp-json\/wp\/v2\/tags?post=147638"}],"curies":[{"name":"wp","href":"https:\/\/api.w.org\/{rel}","templated":true}]}}