{"id":147787,"date":"2013-09-13T17:07:22","date_gmt":"2013-09-13T14:07:22","guid":{"rendered":"http:\/\/www.nationalturk.com\/?p=147787"},"modified":"2013-09-13T17:07:22","modified_gmt":"2013-09-13T14:07:22","slug":"rusya-cin-ve-iran-dan-bessar-esed-e-ovgu-147787","status":"publish","type":"post","link":"https:\/\/www.nationalturk.com\/tr\/rusya-cin-ve-iran-dan-bessar-esed-e-ovgu-147787\/","title":{"rendered":"Rusya, \u00c7in ve \u0130ran&#8217;dan Be\u015f\u015far Esed&#8217;e \u00f6vg\u00fc!.."},"content":{"rendered":"<h1><a href=\"http:\/\/www.nationalturk.com\/tr\/wp-content\/uploads\/2013\/09\/rusya-cin-ve-iran-dan-bessar-esed-e-ovgu-1.jpg\"><img loading=\"lazy\" decoding=\"async\" class=\"alignnone size-full wp-image-147788\" alt=\"rusya-cin-ve-iran-dan-bessar-esed-e-ovgu-1\" src=\"http:\/\/www.nationalturk.com\/tr\/wp-content\/uploads\/2013\/09\/rusya-cin-ve-iran-dan-bessar-esed-e-ovgu-1.jpg\" width=\"610\" height=\"300\" title=\"\" srcset=\"https:\/\/www.nationalturk.com\/tr\/wp-content\/uploads\/2013\/09\/rusya-cin-ve-iran-dan-bessar-esed-e-ovgu-1.jpg 610w, https:\/\/www.nationalturk.com\/tr\/wp-content\/uploads\/2013\/09\/rusya-cin-ve-iran-dan-bessar-esed-e-ovgu-1-280x137.jpg 280w\" sizes=\"auto, (max-width: 610px) 100vw, 610px\" \/><\/a><\/h1>\n<h1>Rusya, \u00c7in ve \u0130ran&#8217;dan Be\u015f\u015far Esed&#8217;e \u00f6vg\u00fc!.. \u00a0\u015eanghay \u0130\u015fbirli\u011fi \u00d6rg\u00fct\u00fc&#8217;ne (\u015e\u0130\u00d6) \u00fcye \u00fclkelerin devlet ba\u015fkanlar, K\u0131rg\u0131zistan&#8217;\u0131n ba\u015fkenti Bi\u015fkek&#8217;te bir araya geldi. Bi\u015fkek&#8217;teki zirvenin g\u00fcndeminde de ABD&#8217;nin Suriye&#8217;ye olas\u0131 askeri m\u00fcdahalesi var \/ D\u0131\u015f Haberler<\/h1>\n<p>Rusya, \u00c7in ve \u0130ran, Suriye&#8217;nin kimyasal silahlar\u0131n\u0131 uluslararas\u0131 denetime a\u00e7ma karar\u0131n\u0131 memnuniyetle kar\u015f\u0131lad\u0131klar\u0131n\u0131 a\u00e7\u0131klad\u0131. Milliyet Gazetesi&#8217;nin haberine g\u00f6re,\u00a0Bi\u015fkek&#8217;teki \u015eanhghay \u0130\u015fbirli\u011fi \u00d6rg\u00fct\u00fc zirvesinde a\u00e7\u0131klama yapan Rusya Devlet Ba\u015fkan\u0131 Vladimir Putin,&#8221;Bu ad\u0131m \u015eam y\u00f6netiminin krizin \u00e7\u00f6z\u00fcm\u00fcn\u00fc istedi\u011finin ciddi bir kan\u0131t\u0131d\u0131r&#8221; dedi.<\/p>\n<p>BM&#8217;nin izni olmadan Suriye&#8217;ye d\u0131\u015f m\u00fcdahalenin kabul edilemez oldu\u011funu ifade eden Rusya Devlet Ba\u015fkan\u0131 Putin, Suriye meselesinde diplomatik ad\u0131mlar sayesinde tansiyonun d\u00fc\u015f\u00fcr\u00fcld\u00fc\u011f\u00fcn\u00fc vurgulad\u0131.<\/p>\n<p><strong>\u0130RAN: B\u00dcT\u00dcN \u00c7ABALARI DESTEKL\u0130YORUZ<\/strong><\/p>\n<p>K\u0131rg\u0131zistan&#8217;daki toplant\u0131ya g\u00f6zlemci \u00fclke olarak kat\u0131lan \u0130ran Cumhurba\u015fkan\u0131 Hasan Ruhani de, Suriye&#8217;nin Kimyasal Silahlar S\u00f6zle\u015fmesi&#8217;ne kat\u0131lma karar\u0131ndan \u00f6vg\u00fcyle bahsetti.<\/p>\n<p>Rusya&#8217;n\u0131n Suriye&#8217;nin kimyasal silahlar\u0131n\u0131 uluslararas\u0131 denetime a\u00e7ma plan\u0131n\u0131 desteklediklerini belirten \u0130ran Cumhurba\u015fkan\u0131 Ruhani, &#8220;Bu alanda g\u00f6sterilen b\u00fct\u00fcn \u00e7abalar\u0131 destekliyoruz&#8221; dedi.<\/p>\n<p><strong>\u00c7\u0130N: MEMNUNUZ<\/strong><\/p>\n<p>\u00c7in D\u0131\u015fi\u015fleri Bakanl\u0131\u011f\u0131&#8217;ndan yap\u0131lan a\u00e7\u0131klamada da, Suriye&#8217;nin Kimyasal Silahlar S\u00f6zle\u015fmesi&#8217;ne kat\u0131lma karar\u0131ndan memnuniyet duyuldu\u011fu belirtildi.<\/p>\n<p><strong>\u0130SRA\u0130L DE \u0130MZALAMADI<\/strong><\/p>\n<p>BM&#8217;den yap\u0131lan a\u00e7\u0131klamada, Suriye&#8217;den Kimyasal Silahlar S\u00f6zle\u015fmesi&#8217;ne kat\u0131lmak istedi\u011fine dair bir mektup ald\u0131klar\u0131n\u0131 a\u00e7\u0131klam\u0131\u015ft\u0131. Suriye, 1997 tarihli Uluslararas\u0131 Kimyasal Silahlar S\u00f6zle\u015fmesi&#8217;ne imza atmayan 7 \u00fclke aras\u0131nda bulunuyordu. \u0130srail, M\u0131s\u0131r ve Kuzey Kore de s\u00f6z konusu s\u00f6zle\u015fmeye imza atmam\u0131\u015flard\u0131.<\/p>\n<div class=\"a-single a-377\"><iframe style=\"width:610px; height:125px;\" name=\"610x90\" marginWidth=\"0\" frameSpacing=\"0\" marginHeight=\"0\" frameBorder=\"0\" scrolling=\"no\" target=\"_self\" src=\"http:\/\/www.ajansreklam.net\/reklam\/brezilya-610x90.php\"><\/iframe><\/div>\n","protected":false},"excerpt":{"rendered":"<p>Rusya, \u00c7in ve \u0130ran&#8217;dan Be\u015f\u015far Esed&#8217;e \u00f6vg\u00fc!..  \u015eanghay \u0130\u015fbirli\u011fi \u00d6rg\u00fct\u00fc&#8217;ne (\u015e\u0130\u00d6) \u00fcye \u00fclkelerin devlet ba\u015fkanlar, K\u0131rg\u0131zistan&#8217;\u0131n ba\u015fkenti Bi\u015fkek&#8217;te bir araya geldi. Bi\u015fkek&#8217;teki zirvenin g\u00fcndeminde de ABD&#8217;nin Suriye&#8217;ye olas\u0131 askeri m\u00fcdahalesi var \/ D\u0131\u015f Haberler<\/p>\n","protected":false},"author":28,"featured_media":147788,"comment_status":"open","ping_status":"open","sticky":false,"template":"","format":"standard","meta":{"_acf_changed":false,"footnotes":""},"categories":[6767,6769,6665,6155,5005,6667,6772],"tags":[90699,103461,28609,711,1981,132284,1555,5622,720,721],"class_list":["post-147787","post","type-post","status-publish","format-standard","has-post-thumbnail","hentry","category-afrika","category-asya","category-dunya","category-gundem","category-manset","category-medya","category-ortadogu","tag-bessar-esed","tag-biskek","tag-bm","tag-cin","tag-iran","tag-iran-cumhurbaskani-hasan-ruhani","tag-israil","tag-kuzey-kore","tag-misir","tag-rusya"],"acf":[],"_links":{"self":[{"href":"https:\/\/www.nationalturk.com\/tr\/wp-json\/wp\/v2\/posts\/147787","targetHints":{"allow":["GET"]}}],"collection":[{"href":"https:\/\/www.nationalturk.com\/tr\/wp-json\/wp\/v2\/posts"}],"about":[{"href":"https:\/\/www.nationalturk.com\/tr\/wp-json\/wp\/v2\/types\/post"}],"author":[{"embeddable":true,"href":"https:\/\/www.nationalturk.com\/tr\/wp-json\/wp\/v2\/users\/28"}],"replies":[{"embeddable":true,"href":"https:\/\/www.nationalturk.com\/tr\/wp-json\/wp\/v2\/comments?post=147787"}],"version-history":[{"count":0,"href":"https:\/\/www.nationalturk.com\/tr\/wp-json\/wp\/v2\/posts\/147787\/revisions"}],"wp:featuredmedia":[{"embeddable":true,"href":"https:\/\/www.nationalturk.com\/tr\/wp-json\/wp\/v2\/media\/147788"}],"wp:attachment":[{"href":"https:\/\/www.nationalturk.com\/tr\/wp-json\/wp\/v2\/media?parent=147787"}],"wp:term":[{"taxonomy":"category","embeddable":true,"href":"https:\/\/www.nationalturk.com\/tr\/wp-json\/wp\/v2\/categories?post=147787"},{"taxonomy":"post_tag","embeddable":true,"href":"https:\/\/www.nationalturk.com\/tr\/wp-json\/wp\/v2\/tags?post=147787"}],"curies":[{"name":"wp","href":"https:\/\/api.w.org\/{rel}","templated":true}]}}