{"id":147837,"date":"2013-09-14T13:40:55","date_gmt":"2013-09-14T10:40:55","guid":{"rendered":"http:\/\/www.nationalturk.com\/?p=147837"},"modified":"2013-09-14T13:40:55","modified_gmt":"2013-09-14T10:40:55","slug":"polise-yeni-silah-elektrosok-147837","status":"publish","type":"post","link":"https:\/\/www.nationalturk.com\/tr\/polise-yeni-silah-elektrosok-147837\/","title":{"rendered":"Polise yeni silah: Elektro\u015fok!"},"content":{"rendered":"<h1><img loading=\"lazy\" decoding=\"async\" class=\"alignleft size-medium wp-image-147839\" alt=\"\" src=\"http:\/\/www.nationalturk.com\/tr\/wp-content\/uploads\/2013\/09\/elektrosok_silahi-280x186.jpg\" width=\"280\" height=\"186\" title=\"\" srcset=\"https:\/\/www.nationalturk.com\/tr\/wp-content\/uploads\/2013\/09\/elektrosok_silahi-280x186.jpg 280w, https:\/\/www.nationalturk.com\/tr\/wp-content\/uploads\/2013\/09\/elektrosok_silahi.jpg 600w\" sizes=\"auto, (max-width: 280px) 100vw, 280px\" \/><\/h1>\n<h1>Polis ihtiya\u00e7 duydu\u011fu durumlarda elektro\u015fok silah\u0131 kullanabilecek. Hi\u00e7bir \u015fekilde toplumsal olaylarda kullan\u0131lmayacak olan silah, asayi\u015f polisi taraf\u0131ndan &#8220;dur&#8221; ihtar\u0131na uymay\u0131p ka\u00e7an ki\u015filerle, elinde silah veya b\u0131\u00e7ak bulunan zanl\u0131lar\u0131 hedef alacak.<\/h1>\n<p>ABD \u00fcretimi 100 elektro\u015fok silah\u0131 alan Emniyet Genel M\u00fcd\u00fcrl\u00fc\u011f\u00fc, bunlar\u0131 ilk olarak Ankara ve \u0130stanbul&#8217;da deneyecek. Cihaz ba\u015far\u0131l\u0131 bulunursa Emniyet envanterine dahil edilecek. CNN T\u00fcrk&#8217;\u00fcn haberine g\u00f6re emniyet yetkilileri, elektro\u015fok silah\u0131yla \u00f6zellikle silah kullanman\u0131n uygun olmad\u0131\u011f\u0131 kalabal\u0131k yerlerde ka\u00e7an zanl\u0131lara kar\u015f\u0131 kullan\u0131laca\u011f\u0131n\u0131 belirtti. Yeni uygulamayla \u00f6l\u00fcm ve yaralama gibi istenmeyen olaylar\u0131n \u00f6n\u00fcne ge\u00e7ilmesi hedefleniyor.<\/p>\n<p>Elektro\u015fok silah\u0131 \u015f\u00fcpheliye 5 ile 15 saniye aras\u0131nda elektrik ak\u0131m\u0131 verip ki\u015finin 2-3 dakika bayg\u0131nl\u0131k ya\u015famas\u0131na neden oluyor.<\/p>\n<p>Silahta, k\u00fc\u00e7\u00fck bir kamera da bulunacak. Kamera, silah\u0131n kime ve nas\u0131l kullan\u0131ld\u0131\u011f\u0131n\u0131 tespit edecek. Olas\u0131 bir soru\u015fturmada g\u00f6r\u00fcnt\u00fcler kullan\u0131lacak.<\/p>\n<!-- Error, Advert is not available at this time due to schedule\/geolocation restrictions! -->\n","protected":false},"excerpt":{"rendered":"<p>Polis ihtiya\u00e7 duydu\u011fu durumlarda elektro\u015fok silah\u0131 kullanabilecek. Hi\u00e7bir \u015fekilde toplumsal olaylarda kullan\u0131lmayacak olan silah, asayi\u015f polisi taraf\u0131ndan &#8220;dur&#8221; ihtar\u0131na uymay\u0131p ka\u00e7an ki\u015filerle, elinde silah veya b\u0131\u00e7ak bulunan zanl\u0131lar\u0131 hedef alacak.<\/p>\n","protected":false},"author":4,"featured_media":177354,"comment_status":"open","ping_status":"open","sticky":false,"template":"","format":"standard","meta":{"_acf_changed":false,"footnotes":""},"categories":[6155,5005,6202,6805],"tags":[74783,1873],"class_list":["post-147837","post","type-post","status-publish","format-standard","has-post-thumbnail","hentry","category-gundem","category-manset","category-politika","category-turkiye","tag-emniyet","tag-emniyet-genel-mudurlugu"],"acf":[],"_links":{"self":[{"href":"https:\/\/www.nationalturk.com\/tr\/wp-json\/wp\/v2\/posts\/147837","targetHints":{"allow":["GET"]}}],"collection":[{"href":"https:\/\/www.nationalturk.com\/tr\/wp-json\/wp\/v2\/posts"}],"about":[{"href":"https:\/\/www.nationalturk.com\/tr\/wp-json\/wp\/v2\/types\/post"}],"author":[{"embeddable":true,"href":"https:\/\/www.nationalturk.com\/tr\/wp-json\/wp\/v2\/users\/4"}],"replies":[{"embeddable":true,"href":"https:\/\/www.nationalturk.com\/tr\/wp-json\/wp\/v2\/comments?post=147837"}],"version-history":[{"count":0,"href":"https:\/\/www.nationalturk.com\/tr\/wp-json\/wp\/v2\/posts\/147837\/revisions"}],"wp:featuredmedia":[{"embeddable":true,"href":"https:\/\/www.nationalturk.com\/tr\/wp-json\/wp\/v2\/media\/177354"}],"wp:attachment":[{"href":"https:\/\/www.nationalturk.com\/tr\/wp-json\/wp\/v2\/media?parent=147837"}],"wp:term":[{"taxonomy":"category","embeddable":true,"href":"https:\/\/www.nationalturk.com\/tr\/wp-json\/wp\/v2\/categories?post=147837"},{"taxonomy":"post_tag","embeddable":true,"href":"https:\/\/www.nationalturk.com\/tr\/wp-json\/wp\/v2\/tags?post=147837"}],"curies":[{"name":"wp","href":"https:\/\/api.w.org\/{rel}","templated":true}]}}