{"id":147952,"date":"2013-09-16T13:13:08","date_gmt":"2013-09-16T10:13:08","guid":{"rendered":"http:\/\/www.nationalturk.com\/?p=147952"},"modified":"2022-09-12T14:57:39","modified_gmt":"2022-09-12T11:57:39","slug":"cristiano-ronaldo-galatasaray-maci-oncesi-imzayi-atti-147952","status":"publish","type":"post","link":"https:\/\/www.nationalturk.com\/tr\/cristiano-ronaldo-galatasaray-maci-oncesi-imzayi-atti-147952\/","title":{"rendered":"Cristiano Ronaldo Galatasaray ma\u00e7\u0131 \u00f6ncesi imzay\u0131 att\u0131!"},"content":{"rendered":"<p><img loading=\"lazy\" decoding=\"async\" class=\"alignnone size-full wp-image-147979\" alt=\"Ronaldo\" src=\"http:\/\/www.nationalturk.com\/tr\/wp-content\/uploads\/2013\/09\/ronaldo___goll.jpg\" width=\"600\" height=\"338\" title=\"\" srcset=\"https:\/\/www.nationalturk.com\/tr\/wp-content\/uploads\/2013\/09\/ronaldo___goll.jpg 600w, https:\/\/www.nationalturk.com\/tr\/wp-content\/uploads\/2013\/09\/ronaldo___goll-280x157.jpg 280w\" sizes=\"auto, (max-width: 600px) 100vw, 600px\" \/><\/p>\n<h1>Yar\u0131n Galatasaray ile kar\u015f\u0131la\u015facak olan Real Madrid&#8217;de Cristiano Ronaldo sevinci ya\u015fan\u0131yor. Cristiano Ronaldo Real Madrid&#8217;le s\u00f6zle\u015fmesini 2018 y\u0131l\u0131na kadar uzatt\u0131.<\/h1>\n<p>Real Madrid Ba\u015fkan\u0131 Florentino Perez ve Cristiano Ronaldo&#8217;nun kat\u0131ld\u0131\u011f\u0131 imza t\u00f6reninde Perez, &#8220;Kul\u00fcp i\u00e7in b\u00fcy\u00fck bir g\u00fcn. T\u00fcm Madridlilerin arzusunu ger\u00e7ekle\u015ftirdik. Ronaldo 5 sezon daha bizimle olacak. Ronaldo, limiti olmayan bir profesyonellik, h\u0131rs ve kazanma arzusu g\u00f6sterdi. 203 ma\u00e7ta toplam 204 gol att\u0131. Ama Real Madrid ve Cristiano daha fazlas\u0131n\u0131 istiyor. Asla yeterli say\u0131da bir galibiyet ya da gol yoktur. Ronaldo&#8217;nun bu formayla atacak daha \u00e7ok gol\u00fc var. O, d\u00fcnyan\u0131n en iyi futbolcusu ve biliyor ki Real Madrid her zaman evi olarak kalacak. Ronaldo sonsuza dek Madridli kalacak&#8221; \u00a0dedi.<\/p>\n<h2><a href=\"http:\/\/wts.com.tr\/real-madrid-galatasaray-sampiyonlar-ligi-maclari.htm\" target=\"_blank\" rel=\"noopener\">REAL MADR\u0130D GALATASARAY MA\u00c7INI YER\u0130NDE \u0130ZLEMEK \u0130\u00c7\u0130N TIKLAYIN<\/a><\/h2>\n<p>Ronaldo ise transferinin ilk g\u00fcn\u00fcndeki kadar heyecanl\u0131 oldu\u011funu belirterek &#8220;Her zaman en iyisini vermeye devam edece\u011fim. Bana g\u00f6re Real Madrid d\u00fcnyan\u0131n en b\u00fcy\u00fck kul\u00fcb\u00fc. Ba\u015fkan bana verdi\u011fi s\u00f6z\u00fc tuttu, ben de ona verdi\u011fim s\u00f6z\u00fc tuttum. Bas\u0131nda yer ald\u0131\u011f\u0131 gibi zor bir s\u00fcre\u00e7 olmad\u0131. S\u00f6zl\u00fc anla\u015fma zaten vard\u0131. Art\u0131k ka\u011f\u0131t \u00fczerine d\u00f6k\u00fcld\u00fc&#8221; diye konu\u015ftu.<\/p>\n<p>Y\u0131ll\u0131k 11 milyon euro kazanan Cristiano Ronaldo&#8217;nun, yeni s\u00f6zle\u015fme ile garanti \u00fccretini 16 milyon euroya \u00e7\u0131kard\u0131\u011f\u0131 iddia edildi.<\/p>\n<!-- Error, Advert is not available at this time due to schedule\/geolocation restrictions! -->\n","protected":false},"excerpt":{"rendered":"<p>Yar\u0131n Galatasaray ile kar\u015f\u0131la\u015facak olan Real Madrid&#8217;de Cristiano Ronaldo sevinci ya\u015fan\u0131yor. Cristiano Ronaldo Real Madrid&#8217;le s\u00f6zle\u015fmesini 2018 y\u0131l\u0131na kadar uzatt\u0131.<\/p>\n","protected":false},"author":4,"featured_media":147979,"comment_status":"open","ping_status":"open","sticky":false,"template":"","format":"standard","meta":{"_acf_changed":false,"footnotes":""},"categories":[6774,6194],"tags":[3401,4114,79095,79092,2617],"class_list":["post-147952","post","type-post","status-publish","format-standard","has-post-thumbnail","hentry","category-futbol","category-spor","tag-cristiano-ronaldo","tag-galatasaray","tag-galatasaray-real-madrid","tag-real-madrid-galatasaray-maci","tag-ronaldo"],"acf":[],"_links":{"self":[{"href":"https:\/\/www.nationalturk.com\/tr\/wp-json\/wp\/v2\/posts\/147952","targetHints":{"allow":["GET"]}}],"collection":[{"href":"https:\/\/www.nationalturk.com\/tr\/wp-json\/wp\/v2\/posts"}],"about":[{"href":"https:\/\/www.nationalturk.com\/tr\/wp-json\/wp\/v2\/types\/post"}],"author":[{"embeddable":true,"href":"https:\/\/www.nationalturk.com\/tr\/wp-json\/wp\/v2\/users\/4"}],"replies":[{"embeddable":true,"href":"https:\/\/www.nationalturk.com\/tr\/wp-json\/wp\/v2\/comments?post=147952"}],"version-history":[{"count":0,"href":"https:\/\/www.nationalturk.com\/tr\/wp-json\/wp\/v2\/posts\/147952\/revisions"}],"wp:featuredmedia":[{"embeddable":true,"href":"https:\/\/www.nationalturk.com\/tr\/wp-json\/wp\/v2\/media\/147979"}],"wp:attachment":[{"href":"https:\/\/www.nationalturk.com\/tr\/wp-json\/wp\/v2\/media?parent=147952"}],"wp:term":[{"taxonomy":"category","embeddable":true,"href":"https:\/\/www.nationalturk.com\/tr\/wp-json\/wp\/v2\/categories?post=147952"},{"taxonomy":"post_tag","embeddable":true,"href":"https:\/\/www.nationalturk.com\/tr\/wp-json\/wp\/v2\/tags?post=147952"}],"curies":[{"name":"wp","href":"https:\/\/api.w.org\/{rel}","templated":true}]}}